{"id":346630,"date":"2025-08-27T03:14:19","date_gmt":"2025-08-27T03:14:19","guid":{"rendered":"https:\/\/www.europesays.com\/fr\/346630\/"},"modified":"2025-08-27T03:14:19","modified_gmt":"2025-08-27T03:14:19","slug":"a-marseille-les-habitants-de-la-cayolle-ont-apprecie-un-ete-plus-apaise","status":"publish","type":"post","link":"https:\/\/www.europesays.com\/fr\/346630\/","title":{"rendered":"\u00c0 Marseille, les habitants de la Cayolle ont appr\u00e9ci\u00e9 un \u00e9t\u00e9 plus \u00ab\u00a0apais\u00e9\u00a0\u00bb"},"content":{"rendered":"<p>Quelques randonneurs pr\u00eats \u00e0 parcourir les <a href=\"https:\/\/www.laprovence.com\/article\/societe\/1907196192764714\/calanques-le-surtourisme-nest-pas-un-sujet-tabou-la-tribune-de-linda-laine\" target=\"_blank\" rel=\"noopener\">calanques<\/a>, une poign\u00e9e d\u2019habitants qui reviennent de Leclerc les bras charg\u00e9s, et\u2026 des chats. Couch\u00e9s \u00e0 l\u2019ombre d\u2019un buisson, les f\u00e9lins qui peuplent <a href=\"https:\/\/www.laprovence.com\/article\/region\/57299130936571\/quartiers-de-marseille-sormiou-a-la-croisee-des-chemins\" target=\"_blank\" rel=\"noopener\">le quartier de la Cayolle<\/a> (9e) donnent un aper\u00e7u de l\u2019\u00e9t\u00e9 que les riverains viennent de traverser, plut\u00f4t calme et apais\u00e9.<\/p>\n<p>\u00ab\u00a0On reste un coin tranquille, vous savez, tient \u00e0 souligner Francis, qui vit ici depuis trente-cinq ans. Il a fait chaud alors c\u2019est vrai que les jeunes sont souvent rest\u00e9s dehors tard le soir pour discuter mais c\u2019est pas pire ici qu\u2019ailleurs.\u00a0\u00bb Assis sur un muret en face du stade, A\u00efssa, 65\u00a0ans, croit se souvenir qu\u2019il y a pourtant eu \u00ab\u00a0un mort par balles r\u00e9cemment\u00a0\u00bb. <a href=\"https:\/\/www.laprovence.com\/article\/faits-divers-justice\/2301234502723314\/mystere-autour-de-lidentite-de-lhomme-abattu-dimanche-soir-a-la-cayolle-a-marseille\" target=\"_blank\" rel=\"noopener\">C\u2019\u00e9tait en f\u00e9vrier dernier<\/a>, mais depuis, assure A\u00efcha, 24\u00a0ans, \u00ab\u00a0il n\u2019y a eu aucun probl\u00e8me. J\u2019habite \u00e0 deux pas de l\u00e0 et \u00e0 part les feux d\u2019artifice autour du 14\u00a0juillet, tout a \u00e9t\u00e9 tr\u00e8s calme\u00a0\u00bb, remarque-t-elle avant de s\u2019engouffrer dans le bus de la ligne 23.<\/p>\n<p>Polices municipale et nationale main dans la main<\/p>\n<p>La vice-pr\u00e9sidente du CIQ Hauts de Mazargues la Cayolle se veut toutefois un peu plus nuanc\u00e9e. \u00ab\u00a0Il y a tout de m\u00eame eu <a href=\"https:\/\/www.laprovence.com\/article\/faits-divers-justice\/61126497332985\/incendie-du-roy-despagne-la-police-marseillaise-sur-les-traces-dun-enfant-pyromane\" target=\"_blank\" rel=\"noopener\">quatre d\u00e9parts de feu<\/a> qui nous ont fait craindre le pire alors que les risques incendies &#8230;<\/p>\n","protected":false},"excerpt":{"rendered":"Quelques randonneurs pr\u00eats \u00e0 parcourir les calanques, une poign\u00e9e d\u2019habitants qui reviennent de Leclerc les bras charg\u00e9s, et\u2026&hellip;\n","protected":false},"author":2,"featured_media":346631,"comment_status":"","ping_status":"","sticky":false,"template":"","format":"standard","meta":{"footnotes":""},"categories":[2814],"tags":[17,1111,11,48273,48272,2883,1777,674,1011,27,4021,151,884,12,2537,882,16,25],"class_list":{"0":"post-346630","1":"post","2":"type-post","3":"status-publish","4":"format-standard","5":"has-post-thumbnail","7":"category-marseille","8":"tag-17","9":"tag-actu","10":"tag-actualites","11":"tag-apprecie","12":"tag-cayolle","13":"tag-ete","14":"tag-eu","15":"tag-europe","16":"tag-fr","17":"tag-france","18":"tag-habitants","19":"tag-les","20":"tag-marseille","21":"tag-news","22":"tag-ont","23":"tag-provence-alpes-cote-dazur","24":"tag-region","25":"tag-republique-francaise"},"share_on_mastodon":{"url":"https:\/\/pubeurope.com\/@fr\/115098554461993683","error":""},"_links":{"self":[{"href":"https:\/\/www.europesays.com\/fr\/wp-json\/wp\/v2\/posts\/346630","targetHints":{"allow":["GET"]}}],"collection":[{"href":"https:\/\/www.europesays.com\/fr\/wp-json\/wp\/v2\/posts"}],"about":[{"href":"https:\/\/www.europesays.com\/fr\/wp-json\/wp\/v2\/types\/post"}],"author":[{"embeddable":true,"href":"https:\/\/www.europesays.com\/fr\/wp-json\/wp\/v2\/users\/2"}],"replies":[{"embeddable":true,"href":"https:\/\/www.europesays.com\/fr\/wp-json\/wp\/v2\/comments?post=346630"}],"version-history":[{"count":0,"href":"https:\/\/www.europesays.com\/fr\/wp-json\/wp\/v2\/posts\/346630\/revisions"}],"wp:featuredmedia":[{"embeddable":true,"href":"https:\/\/www.europesays.com\/fr\/wp-json\/wp\/v2\/media\/346631"}],"wp:attachment":[{"href":"https:\/\/www.europesays.com\/fr\/wp-json\/wp\/v2\/media?parent=346630"}],"wp:term":[{"taxonomy":"category","embeddable":true,"href":"https:\/\/www.europesays.com\/fr\/wp-json\/wp\/v2\/categories?post=346630"},{"taxonomy":"post_tag","embeddable":true,"href":"https:\/\/www.europesays.com\/fr\/wp-json\/wp\/v2\/tags?post=346630"}],"curies":[{"name":"wp","href":"https:\/\/api.w.org\/{rel}","templated":true}]}}