{"id":346632,"date":"2025-08-27T03:15:22","date_gmt":"2025-08-27T03:15:22","guid":{"rendered":"https:\/\/www.europesays.com\/fr\/346632\/"},"modified":"2025-08-27T03:15:22","modified_gmt":"2025-08-27T03:15:22","slug":"en-intervention-pour-une-tentative-de-suicide-des-pompiers-menaces-au-couteau","status":"publish","type":"post","link":"https:\/\/www.europesays.com\/fr\/346632\/","title":{"rendered":"en intervention pour une tentative de suicide, des pompiers menac\u00e9s au couteau"},"content":{"rendered":"<p>                            <img loading=\"lazy\" width=\"1024\" height=\"640\" class=\"attachment-article size-article wp-post-image lazyload\" alt=\"\" decoding=\"async\" src=\"https:\/\/www.europesays.com\/fr\/wp-content\/uploads\/2025\/04\/illustrationcamionpompiers-e1673428596105.jpg\" data-eio-rwidth=\"1024\" data-eio-rheight=\"640\"\/><\/p>\n<p>Image d\u2019illustration. PHILIPPE HUGUEN \/ AFP<\/p>\n<p class=\"content\" style=\"font-size:1.2em;font-weight:700\">Des pompiers ont d\u00e9pos\u00e9 plainte pour menaces \u00e0 l&rsquo;arme blanche lors d&rsquo;une intervention pr\u00e8s de Lyon le 20 ao\u00fbt dernier.<\/p>\n<p>Mercredi 20 ao\u00fbt vers 11 h, des pompiers volontaires de la caserne de Jonage pr\u00e8s de Lyon ont \u00e9t\u00e9 appel\u00e9s alors qu&rsquo;un quinquag\u00e9naire mena\u00e7ait de se suicider avec un couteau. Selon <a href=\"https:\/\/c.leprogres.fr\/faits-divers-justice\/2025\/08\/25\/trois-pompiers-deposent-plainte-pour-menace-a-l-arme-blanche\" target=\"_blank\" rel=\"noreferrer noopener nofollow\">Le Progr\u00e8s<\/a>, l&rsquo;individu, en \u00e9tat d&rsquo;\u00e9bri\u00e9t\u00e9, a insult\u00e9 et menac\u00e9s avec son arme blanche les pompiers venus \u00e0 sa rencontre.<\/p>\n<p>Pr\u00e9venue, la police est intervenue pour permettre aux pompiers de calmer l&rsquo;individu avant de le transporter \u00e0 l&rsquo;h\u00f4pital. Les trois pompiers ont d\u00e9pos\u00e9 plainte pour insultes et menaces. <\/p>\n","protected":false},"excerpt":{"rendered":"Image d\u2019illustration. PHILIPPE HUGUEN \/ AFP Des pompiers ont d\u00e9pos\u00e9 plainte pour menaces \u00e0 l&rsquo;arme blanche lors d&rsquo;une&hellip;\n","protected":false},"author":2,"featured_media":15349,"comment_status":"","ping_status":"","sticky":false,"template":"","format":"standard","meta":{"footnotes":""},"categories":[1889],"tags":[1111,11,2430,1777,674,1011,27,2428,12,25],"class_list":{"0":"post-346632","1":"post","2":"type-post","3":"status-publish","4":"format-standard","5":"has-post-thumbnail","7":"category-lyon","8":"tag-actu","9":"tag-actualites","10":"tag-auvergne-rhone-alpes","11":"tag-eu","12":"tag-europe","13":"tag-fr","14":"tag-france","15":"tag-lyon","16":"tag-news","17":"tag-republique-francaise"},"share_on_mastodon":{"url":"https:\/\/pubeurope.com\/@fr\/115098558361730877","error":""},"_links":{"self":[{"href":"https:\/\/www.europesays.com\/fr\/wp-json\/wp\/v2\/posts\/346632","targetHints":{"allow":["GET"]}}],"collection":[{"href":"https:\/\/www.europesays.com\/fr\/wp-json\/wp\/v2\/posts"}],"about":[{"href":"https:\/\/www.europesays.com\/fr\/wp-json\/wp\/v2\/types\/post"}],"author":[{"embeddable":true,"href":"https:\/\/www.europesays.com\/fr\/wp-json\/wp\/v2\/users\/2"}],"replies":[{"embeddable":true,"href":"https:\/\/www.europesays.com\/fr\/wp-json\/wp\/v2\/comments?post=346632"}],"version-history":[{"count":0,"href":"https:\/\/www.europesays.com\/fr\/wp-json\/wp\/v2\/posts\/346632\/revisions"}],"wp:featuredmedia":[{"embeddable":true,"href":"https:\/\/www.europesays.com\/fr\/wp-json\/wp\/v2\/media\/15349"}],"wp:attachment":[{"href":"https:\/\/www.europesays.com\/fr\/wp-json\/wp\/v2\/media?parent=346632"}],"wp:term":[{"taxonomy":"category","embeddable":true,"href":"https:\/\/www.europesays.com\/fr\/wp-json\/wp\/v2\/categories?post=346632"},{"taxonomy":"post_tag","embeddable":true,"href":"https:\/\/www.europesays.com\/fr\/wp-json\/wp\/v2\/tags?post=346632"}],"curies":[{"name":"wp","href":"https:\/\/api.w.org\/{rel}","templated":true}]}}