{"id":346633,"date":"2025-08-27T03:16:33","date_gmt":"2025-08-27T03:16:33","guid":{"rendered":"https:\/\/www.europesays.com\/fr\/346633\/"},"modified":"2025-08-27T03:16:33","modified_gmt":"2025-08-27T03:16:33","slug":"covoiturage-lancement-de-trois-nouvelles-lignes-pour-rejoindre-lyon","status":"publish","type":"post","link":"https:\/\/www.europesays.com\/fr\/346633\/","title":{"rendered":"Covoiturage : lancement de trois nouvelles lignes pour rejoindre Lyon"},"content":{"rendered":"<p><img loading=\"lazy\" decoding=\"async\" alt=\"\u00a9 Ecov - Le succ\u00e8s de Lane, la ligne de covoiturage entre Bourgoin-Jallieu et Lyon-Mermoz cr\u00e9\u00e9e en 2020, a convaincu Sytral mobilit\u00e9s de d\u00e9velopper trois nouvelles lignes pour cette rentr\u00e9e 2025.\" data-zoom-src=\"https:\/\/www.europesays.com\/fr\/wp-content\/uploads\/2025\/08\/initial-service-covoiturage-lyon-isere-sytral-mobilites-rhone-credit-ecov.jpg\" data-zoomable=\"\" height=\"702\" src=\"https:\/\/www.europesays.com\/fr\/wp-content\/uploads\/2025\/08\/initial-service-covoiturage-lyon-isere-sytral-mobilites-rhone-credit-ecov.jpg\" width=\"1248\"\/>  <\/p>\n<p class=\"article-desc\">\u00a9 Ecov &#8211; Le succ\u00e8s de Lane, la ligne de covoiturage entre Bourgoin-Jallieu et Lyon-Mermoz cr\u00e9\u00e9e en 2020, a convaincu Sytral mobilit\u00e9s de d\u00e9velopper trois nouvelles lignes pour cette rentr\u00e9e 2025. <\/p>\n<p>Pour offrir des solutions de mobilit\u00e9 efficaces et adapt\u00e9es aux besoins des habitants, <strong>Sytral mobilit\u00e9s<\/strong> d\u00e9veloppe un<strong> service de covoiturage<\/strong> en compl\u00e9ment de ses actions sur le <strong>r\u00e9seau TCL<\/strong>. <\/p>\n<p>Pour le compte des <strong>12 intercommunalit\u00e9s du Rh\u00f4ne<\/strong>, mais aussi de la <strong>Communaut\u00e9 d&rsquo;agglom\u00e9ration porte de l&rsquo;Is\u00e8re <\/strong>(Capi) et de la communaut\u00e9 de communes <strong>Colline Is\u00e8re Nord communaut\u00e9<\/strong>, Sytral mobilit\u00e9s organise ainsi<strong>\u00a0<\/strong>\u00ab\u00a0En covoit'\u00a0\u00bb. <\/p>\n<p>Nouvelles lignes de covoiturage sur le territoire lyonnais : des arr\u00eats fixes et une offre garantie en heures de pointe <\/p>\n<p>\u00ab\u00a0Notre objectif est de r\u00e9pondre au mieux aux besoins de d\u00e9placements des habitants dans des territoires tr\u00e8s diversifi\u00e9s. En p\u00e9riph\u00e9rie des c\u0153urs de ville ou en milieu rural, la mobilit\u00e9 repose majoritairement sur l&rsquo;automobile. Le d\u00e9veloppement des transports en commun est donc compl\u00e9t\u00e9 par la promotion du covoiturage qui pr\u00e9sente l&rsquo;int\u00e9r\u00eat de partager les co\u00fbts pour les usagers, ce qui n&rsquo;est pas n\u00e9gligeable au regard du contexte \u00e9conomique actuel\u00a0\u00bb, expose Bruno Bernard, pr\u00e9sident de Sytral mobilit\u00e9s.<\/p>\n<p> <img decoding=\"async\" alt=\"Cartographie du r\u00e9seau \" class=\"img-size-full\" data-zoomable=\"\" height=\"547\" loading=\"lazy\" src=\"https:\/\/www.europesays.com\/fr\/wp-content\/uploads\/2025\/08\/cartographie-covoiturage-sytral.jpg\" title=\"Cartographie du r\u00e9seau \" width=\"917\"\/> \u00a9 Sytral mobilit\u00e9s &#8211; Le service \u00ab\u00a0En Covoit&rsquo;lignes\u00a0\u00bb fonctionnera sur le m\u00eame principe qu&rsquo;un r\u00e9seau classique de lignes de transports en commun. <\/p>\n<p>A compter de la rentr\u00e9e, le service de covoiturage spontan\u00e9 \u00ab\u00a0En covoit&rsquo;lignes\u00a0\u00bb sera d\u00e9ploy\u00e9 <strong>comme un r\u00e9seau de lignes de transport en commun classique<\/strong>, avec des<strong> arr\u00eats fixes<\/strong> et une <strong>offre garantie en heures de pointe<\/strong> la semaine pour les trajets domicile-travail. <\/p>\n<p>\u00ab\u00a0En Covoit&rsquo; lignes proposera aux habitants et entreprises des territoires lyonnais et au-del\u00e0 un service performant et harmonis\u00e9 capitalisant sur le succ\u00e8s de Lane, la ligne de covoiturage entre la m\u00e9tropole de Lyon et la Communaut\u00e9 d&rsquo;agglom\u00e9ration porte de l&rsquo;Is\u00e8re qui existe depuis 2020\u00a0\u00bb, explique Bruno Bernard.<\/p>\n<p>En effet, <a href=\"https:\/\/mesinfos.fr\/auvergne-rhone-alpes\/le-covoiturage-roule-avec-lane-72064.html\" target=\"_blank\" rel=\"noopener\">\u00e0 l&rsquo;image de la ligne Lane reliant Bourgoin-Jallieu \u00e0 Lyon-Mermoz ou V\u00e9nissieux<\/a>,<strong> trois autres lignes seront mises en service d\u00e8s septembre <\/strong>: la ligne 2 reliera Di\u00e9moz en Is\u00e8re \u00e0 V\u00e9nissieux-Parilly, la ligne 3 reliera Saint-Laurent-de-M\u00fbre \u00e0 Lyon-Mermoz, et la ligne 4 reliera Mornant et Montagny \u00e0 Lyon-Confluence. <\/p>\n<p>En covoit&rsquo; ligne : un service gratuit pour le passager-abonn\u00e9 TCL qui rapporte deux euros au conducteur <\/p>\n<p>Simple et rapide, cette nouvelle offre de mobilit\u00e9, dont l&rsquo;exploitation est confi\u00e9e \u00e0 l&rsquo;entreprise Ecov, permet aux conducteurs de b\u00e9n\u00e9ficier d&rsquo;une incitation financi\u00e8re et aux passagers<strong> abonn\u00e9s TCL<\/strong> de<strong> voyager gratuitement<\/strong>.<\/p>\n<p>Pour les trajets r\u00e9alis\u00e9s entre deux arr\u00eats d&rsquo;une m\u00eame ligne, le conducteur per\u00e7oit ainsi <strong>deux euros par passager <\/strong>et l&rsquo;abonn\u00e9 TCL a droit \u00e0 <strong>deux trajets quotidiens offerts<\/strong>. <\/p>\n<p>Ce service \u00e9conomique, \u00e9cologique et convivial est int\u00e9gr\u00e9 \u00e0 l&rsquo;offre de transports en commun avec des connexions au<strong> r\u00e9seau TCL bus, tram et m\u00e9tro<\/strong> ainsi qu&rsquo;aux autres services de mobilit\u00e9 comme les <strong>parcs relais automobiles et v\u00e9los<\/strong>, le transport \u00e0 la demande, et les <strong>gares TER.<\/strong> <\/p>\n<p>L&rsquo;application En Covoit&rsquo;lignes sera <strong>accessible \u00e0 partir du 1er septembre 2025<\/strong>.<\/p>\n","protected":false},"excerpt":{"rendered":"\u00a9 Ecov &#8211; Le succ\u00e8s de Lane, la ligne de covoiturage entre Bourgoin-Jallieu et Lyon-Mermoz cr\u00e9\u00e9e en 2020,&hellip;\n","protected":false},"author":2,"featured_media":346634,"comment_status":"","ping_status":"","sticky":false,"template":"","format":"standard","meta":{"footnotes":""},"categories":[1889],"tags":[1111,11,2430,16745,1777,674,1011,27,2428,7690,12,25,32563,10213],"class_list":{"0":"post-346633","1":"post","2":"type-post","3":"status-publish","4":"format-standard","5":"has-post-thumbnail","7":"category-lyon","8":"tag-actu","9":"tag-actualites","10":"tag-auvergne-rhone-alpes","11":"tag-covoiturage","12":"tag-eu","13":"tag-europe","14":"tag-fr","15":"tag-france","16":"tag-lyon","17":"tag-mobilitu00e9","18":"tag-news","19":"tag-republique-francaise","20":"tag-sytral-mobilitu00e9s","21":"tag-tcl"},"share_on_mastodon":{"url":"https:\/\/pubeurope.com\/@fr\/115098562326216433","error":""},"_links":{"self":[{"href":"https:\/\/www.europesays.com\/fr\/wp-json\/wp\/v2\/posts\/346633","targetHints":{"allow":["GET"]}}],"collection":[{"href":"https:\/\/www.europesays.com\/fr\/wp-json\/wp\/v2\/posts"}],"about":[{"href":"https:\/\/www.europesays.com\/fr\/wp-json\/wp\/v2\/types\/post"}],"author":[{"embeddable":true,"href":"https:\/\/www.europesays.com\/fr\/wp-json\/wp\/v2\/users\/2"}],"replies":[{"embeddable":true,"href":"https:\/\/www.europesays.com\/fr\/wp-json\/wp\/v2\/comments?post=346633"}],"version-history":[{"count":0,"href":"https:\/\/www.europesays.com\/fr\/wp-json\/wp\/v2\/posts\/346633\/revisions"}],"wp:featuredmedia":[{"embeddable":true,"href":"https:\/\/www.europesays.com\/fr\/wp-json\/wp\/v2\/media\/346634"}],"wp:attachment":[{"href":"https:\/\/www.europesays.com\/fr\/wp-json\/wp\/v2\/media?parent=346633"}],"wp:term":[{"taxonomy":"category","embeddable":true,"href":"https:\/\/www.europesays.com\/fr\/wp-json\/wp\/v2\/categories?post=346633"},{"taxonomy":"post_tag","embeddable":true,"href":"https:\/\/www.europesays.com\/fr\/wp-json\/wp\/v2\/tags?post=346633"}],"curies":[{"name":"wp","href":"https:\/\/api.w.org\/{rel}","templated":true}]}}