{"id":346639,"date":"2025-08-27T03:21:50","date_gmt":"2025-08-27T03:21:50","guid":{"rendered":"https:\/\/www.europesays.com\/fr\/346639\/"},"modified":"2025-08-27T03:21:50","modified_gmt":"2025-08-27T03:21:50","slug":"vise-par-une-fatwa-de-rima-hassan-limam-de-drancy-hassen-chalghoumi-porte-plainte-contre-leurodeputee-lfi","status":"publish","type":"post","link":"https:\/\/www.europesays.com\/fr\/346639\/","title":{"rendered":"Vis\u00e9 par une \u00ab\u00a0fatwa\u00a0\u00bb de Rima Hassan, l&rsquo;imam de Drancy Hassen Chalghoumi porte plainte contre l&rsquo;eurod\u00e9put\u00e9e LFI"},"content":{"rendered":"<p>            Par<br \/>\n        <strong><br \/>\n            <a href=\"https:\/\/actu.fr\/auteur\/redaction-seinesaintdenis\" title=\"Consulter tous les articles de R\u00e9daction Seine-Saint-Denis\" target=\"_blank\" rel=\"noopener\">R\u00e9daction Seine-Saint-Denis<\/a><br \/>\n        <\/strong><\/p>\n<p>        Publi\u00e9 le<\/p>\n<p>            26 ao\u00fbt 2025 \u00e0 16h45        <\/p>\n<p>Elle vise le d\u00e9lit de provocation \u00e0 la commission d\u2019une infraction d\u2019atteinte volontaire \u00e0 l\u2019int\u00e9grit\u00e9 physique ainsi que le crime d\u2019association de malfaiteurs en vue de commettre un homicide volontaire avec pr\u00e9m\u00e9ditation, commis en bande organis\u00e9e. Une nouvelle plainte cible Rima Hassan. Elle \u00e9mane cette fois-ci de l\u2019<a href=\"https:\/\/actu.fr\/ile-de-france\/drancy_93029\/un-homme-arme-d-un-couteau-s-introduit-dans-la-mosquee-de-drancy-l-imam-chalghoumi-exfiltre_54685476.html\" target=\"_blank\" rel=\"noopener\">imam Hassen Chalghoumi<\/a>.<br \/>Le pr\u00e9sident de l\u2019association culturelle des musulmans de <a href=\"https:\/\/actu.fr\/ile-de-france\/drancy_93029\" target=\"_blank\" rel=\"noopener\">Drancy<\/a>, qui g\u00e8re la mosqu\u00e9e Al-Nour, dont il est l\u2019un des imams, accuse l\u2019eurod\u00e9put\u00e9e <a href=\"https:\/\/actu.fr\/tag\/la-france-insoumise-lfi\" target=\"_blank\" rel=\"noopener\">LFI<\/a> de l\u2019avoir vis\u00e9 par une \u00ab\u2009fatwa\u2009\u00bb le 17\u00a0ao\u00fbt sur X, a appris ce mardi 26\u00a0ao\u00fbt 2025 l\u2019AFP mardi aupr\u00e8s de son avocat.<\/p>\n<p>\u00ab\u00a0Une violence criminelle in\u00e9dite en France\u00a0\u00bb<\/p>\n<p class=\" wall-content\">Ce jour-l\u00e0, Rima Hassan a publi\u00e9 un message mentionnant les noms du rappeur tunisien Balti et de l\u2019\u00e9crivaine franco-marocaine Nesrine Slaoui, deux personnalit\u00e9s qu\u2019elle a critiqu\u00e9es par le pass\u00e9, suivis d\u2019une \u00e9motic\u00f4ne coche vert, synonyme de t\u00e2che accomplie.<br \/>Le nom de (Hassen) Chalghoumi vient ensuite dans le m\u00eame message, suivi d\u2019une \u00e9motic\u00f4ne sablier, c\u2019est-\u00e0-dire ce qui reste \u00e0 faire.<\/p>\n<p class=\" wall-content\">\u00ab\u2009Cette fatwa [\u2026] est d\u2019une violence criminelle in\u00e9dite en France, accuse Me David-Olivier Kaminski, qui a d\u00e9pos\u00e9 cette plainte \u00e0 Paris vendredi avec constitution de partie civile. Depuis 2023, Mme Hassan a \u00e9chapp\u00e9 aux poursuites judiciaires. Avec cette plainte, nous verrons si tous les citoyens sont \u00e9gaux devant la justice ou si certains b\u00e9n\u00e9ficient de plus de mansu\u00e9tude que d\u2019autres.\u2009\u00bb<\/p>\n<p>Fatwa : quel est son sens ? <\/p>\n<p>Dans un entretien \u00e0 Radio France en 2020, St\u00e9phane Valter, professeur en langue et civilisation arabes \u00e0 l\u2019Universit\u00e9 de Lyon-2, revenait sur le sens du terme fatwa et sur le fait qu&rsquo;il lui a \u00e9t\u00e9 apport\u00e9 une signification erron\u00e9e.<br \/>\u00ab\u00a0Le mot ne veut pas dire condamnation \u00e0 mort. Il s&rsquo;agit d&rsquo;un \u00e9claircissement, une r\u00e9ponse \u00e0 une situation in\u00e9dite, un avis religieux qui n\u2019entra\u00eene aucune obligation \u00e0 le suivre.\u00a0\u00bb<br \/>Le Larousse en donne cette d\u00e9finition : une \u00ab\u00a0consultation juridique donn\u00e9e par une autorit\u00e9 religieuse \u00e0 propos d&rsquo;un cas douteux ou d&rsquo;une question nouvelle ; d\u00e9cision ou d\u00e9cret qui en r\u00e9sultent\u00a0\u00bb.<\/p>\n<p class=\" wall-content\">La plainte estime que l\u2019eurod\u00e9put\u00e9e \u00ab\u2009construit une \u2018meute\u2019 de followers [\u2026] afin que des violences soient attent\u00e9es \u00e0 l\u2019encontre\u2009\u00bb de l\u2019imam. Depuis le message du 17\u00a0ao\u00fbt, Rima Hassan \u00ab\u2009n\u2019a jamais d\u00e9menti [\u2026] son intention d\u2019inciter \u00e0 attenter \u00e0 (sa) vie\u2009\u00bb, insiste la plainte.<\/p>\n<p>L\u2019\u00e9quipe de Rima Hassan r\u00e9plique<\/p>\n<p class=\" wall-content\">Sollicit\u00e9e, l\u2019\u00e9quipe de l\u2019eurod\u00e9put\u00e9e, vis\u00e9e par plusieurs plaintes, a \u00e9voqu\u00e9 \u00ab\u2009une nouvelle tentative d\u2019instrumentalisation de la part des soutiens d\u2019Isra\u00ebl, qui se servent de Hassen Chalghoumi pour l\u00e9gitimer un acharnement judiciaire contre Rima Hassan\u2009\u00bb. \u00ab\u2009Le tweet mentionn\u00e9 pointait l\u2019hypocrisie manifeste de Chalghoumi, sur l\u2019islam comme sur la Palestine, \u00e0 l\u2019image des deux autres personnes \u00e9galement cit\u00e9es dans le tweet. Ce tweet \u00e9tait une mise en lumi\u00e8re et une contextualisation, pas une menace\u2009\u00bb, a encore contest\u00e9 l\u2019\u00e9quipe de l\u2019\u00e9lue.<\/p>\n<p class=\" wall-content\">Il appartiendra au parquet de Paris puis \u00e0 un juge d\u2019instruction de se positionner sur la recevabilit\u00e9 de la plainte avant une \u00e9ventuelle enqu\u00eate.<\/p>\n<p>Votre r\u00e9gion, votre actu !<\/p>\n<p>Recevez chaque jour les infos qui comptent pour vous.<\/p>\n<p>\t<a href=\"https:\/\/actu.fr\/newsletter\" class=\"ac-btn ac-btn--corner ac-btn--medium ac-btn--blue800\" target=\"_blank\" rel=\"noopener\">S&rsquo;incrire<\/a><\/p>\n<p class=\" wall-content\">Hassen Chalghoumi, imam \u00e0 la repr\u00e9sentativit\u00e9 souvent contest\u00e9e dans la communaut\u00e9 musulmane, est connu pour ses prises de position contre l\u2019int\u00e9grisme et ses rapports d\u2019amiti\u00e9 avec la communaut\u00e9 juive, qui lui valent critiques et menaces, largement relay\u00e9es sur Internet. Il a d\u00e9j\u00e0 fait l\u2019objet de <a href=\"https:\/\/actu.fr\/ile-de-france\/drancy_93029\/seine-saint-denis-hassen-chalghoumi-imam-de-drancy-a-recu-des-milliers-de-menaces-de-mort_37343146.html\" target=\"_blank\" rel=\"noopener\">plusieurs menaces de mort<\/a>.\u00a0<\/p>\n<p class=\" wall-content\">avec AFP<\/p>\n<p class=\" wall-content\">Personnalisez votre actualit\u00e9 en ajoutant vos villes et m\u00e9dias en favori avec <a href=\"https:\/\/moncompte.actu.fr\" title=\"D\u00e9couvez Mon Actu\" rel=\"nofollow noopener\" data-trk=\"{&quot;cta&quot;:{&quot;action&quot;:&quot;https:\\\/\\\/moncompte.actu.fr&quot;,&quot;category&quot;:&quot;mon compte&quot;,&quot;from&quot;:&quot;article footer&quot;,&quot;name&quot;:&quot;Mon actu&quot;,&quot;type&quot;:&quot;cta&quot;}}\" target=\"_blank\">Mon Actu<\/a>.<\/p>\n","protected":false},"excerpt":{"rendered":"Par R\u00e9daction Seine-Saint-Denis Publi\u00e9 le 26 ao\u00fbt 2025 \u00e0 16h45 Elle vise le d\u00e9lit de provocation \u00e0 la&hellip;\n","protected":false},"author":2,"featured_media":346640,"comment_status":"","ping_status":"","sticky":false,"template":"","format":"standard","meta":{"footnotes":""},"categories":[1888],"tags":[11,1777,674,1011,27,5643,303,1023,12,626,25,104],"class_list":{"0":"post-346639","1":"post","2":"type-post","3":"status-publish","4":"format-standard","5":"has-post-thumbnail","7":"category-paris","8":"tag-actualites","9":"tag-eu","10":"tag-europe","11":"tag-fr","12":"tag-france","13":"tag-guerre-israel-hamas","14":"tag-justice","15":"tag-la-france-insoumise-lfi","16":"tag-news","17":"tag-paris","18":"tag-republique-francaise","19":"tag-societe"},"share_on_mastodon":{"url":"https:\/\/pubeurope.com\/@fr\/115098585878423828","error":""},"_links":{"self":[{"href":"https:\/\/www.europesays.com\/fr\/wp-json\/wp\/v2\/posts\/346639","targetHints":{"allow":["GET"]}}],"collection":[{"href":"https:\/\/www.europesays.com\/fr\/wp-json\/wp\/v2\/posts"}],"about":[{"href":"https:\/\/www.europesays.com\/fr\/wp-json\/wp\/v2\/types\/post"}],"author":[{"embeddable":true,"href":"https:\/\/www.europesays.com\/fr\/wp-json\/wp\/v2\/users\/2"}],"replies":[{"embeddable":true,"href":"https:\/\/www.europesays.com\/fr\/wp-json\/wp\/v2\/comments?post=346639"}],"version-history":[{"count":0,"href":"https:\/\/www.europesays.com\/fr\/wp-json\/wp\/v2\/posts\/346639\/revisions"}],"wp:featuredmedia":[{"embeddable":true,"href":"https:\/\/www.europesays.com\/fr\/wp-json\/wp\/v2\/media\/346640"}],"wp:attachment":[{"href":"https:\/\/www.europesays.com\/fr\/wp-json\/wp\/v2\/media?parent=346639"}],"wp:term":[{"taxonomy":"category","embeddable":true,"href":"https:\/\/www.europesays.com\/fr\/wp-json\/wp\/v2\/categories?post=346639"},{"taxonomy":"post_tag","embeddable":true,"href":"https:\/\/www.europesays.com\/fr\/wp-json\/wp\/v2\/tags?post=346639"}],"curies":[{"name":"wp","href":"https:\/\/api.w.org\/{rel}","templated":true}]}}