{"id":346642,"date":"2025-08-27T03:23:14","date_gmt":"2025-08-27T03:23:14","guid":{"rendered":"https:\/\/www.europesays.com\/fr\/346642\/"},"modified":"2025-08-27T03:23:14","modified_gmt":"2025-08-27T03:23:14","slug":"macron-merz-et-tusk-en-moldavie-pour-afficher-leur-soutien-face-a-moscou-lexpress","status":"publish","type":"post","link":"https:\/\/www.europesays.com\/fr\/346642\/","title":{"rendered":"Macron, Merz et Tusk en Moldavie pour afficher leur soutien face \u00e0 Moscou \u2013 L&rsquo;Express"},"content":{"rendered":"<p class=\"paragraph article-body-paragraph article__item   article-body-paragraph--first \">La date n&rsquo;a pas \u00e9t\u00e9 choisie au hasard : le pr\u00e9sident fran\u00e7ais, le chancelier allemand et le Premier ministre polonais, des dirigeants de pays que les diplomates surnomment le Triangle de Weimar, participeront au 34e anniversaire de l&rsquo;ind\u00e9pendance moldave.<\/p>\n<p class=\"paragraph article-body-paragraph article__item   \">Et ce \u00e0 la veille du d\u00e9but de la campagne officielle pour les \u00e9lections l\u00e9gislatives de fin septembre troubl\u00e9es, selon la Moldavie et ses alli\u00e9s europ\u00e9ens, par des ing\u00e9rences de Moscou pour faire basculer dans son camp cet Etat candidat \u00e0 l&rsquo;entr\u00e9e dans l&rsquo;Union europ\u00e9enne, frontalier et solidaire de l&rsquo;Ukraine en guerre.<\/p>\n<p class=\"paragraph article-body-paragraph article__item   \">C&rsquo;est une d\u00e9monstration de soutien \u00e0 la Moldavie de la part des dirigeants europ\u00e9ens au moment o\u00f9 la Russie accro\u00eet ses ing\u00e9rences avant des \u00e9lections cruciales, a d\u00e9clar\u00e9 \u00e0 l&rsquo;AFP la pr\u00e9sidence moldave. <\/p>\n<p class=\"paragraph article-body-paragraph article__item   \">Attendu dans l&rsquo;apr\u00e8s-midi, le trio s&rsquo;adressera \u00e0 la presse en compagnie de la cheffe de l&rsquo;Etat moldave Maia Sandu, avant un d\u00eener puis des discours pendant les c\u00e9l\u00e9brations officielles sur la place de l&rsquo;Ind\u00e9pendance, ponctu\u00e9es d&rsquo;un concert.<\/p>\n<p><img decoding=\"async\" src=\"https:\/\/www.europesays.com\/fr\/wp-content\/uploads\/2025\/08\/IYDIME4HWJGLVKUUAFS36UURWY.jpg\" class=\"image-with-legend__cover-img\" alt=\"Le pr\u00e9sident Emmanuel Macron et son homologue moldave Maia Sandu \u00e0 l'Elys\u00e9e, le 10 mars 2025 \u00e0 Paris\" width=\"883\" height=\"0\" loading=\"lazy\"\/><\/p>\n<p class=\"image-with-legend__legend\">Le pr\u00e9sident Emmanuel Macron et son homologue moldave Maia Sandu \u00e0 l&rsquo;Elys\u00e9e, le 10 mars 2025 \u00e0 Paris<\/p>\n<p class=\"image-with-legend__credits\"> \u00a9  \/ afp.com\/Christophe Ena<\/p>\n<p class=\"paragraph article-body-paragraph article__item   \">MM. Macron, Merz et Tusk entendent r\u00e9affirmer leur soutien \u00e0 l&rsquo;ind\u00e9pendance, \u00e0 la souverainet\u00e9, \u00e0 l&rsquo;int\u00e9grit\u00e9 territoriale de la Moldavie, a expliqu\u00e9 \u00e0 des journalistes un conseiller du pr\u00e9sident fran\u00e7ais. Soutien aussi \u00e0 sa trajectoire europ\u00e9enne dans le cadre des n\u00e9gociations d&rsquo;adh\u00e9sion \u00e0 l&rsquo;UE ouvertes en juin 2024.<\/p>\n<p class=\"paragraph article-body-paragraph article__item   \">On ne peut pas faire abstraction des cons\u00e9quences de la guerre d&rsquo;agression de la Russie contre l&rsquo;Ukraine, qui touche au premier chef la Moldavie, a-t-il ajout\u00e9.<\/p>\n<p> Intimidation <\/p>\n<p class=\"paragraph article-body-paragraph article__item   \">La Moldavie, elle, est menac\u00e9e par la Russie, a encore affirm\u00e9 l&rsquo;Elys\u00e9e, \u00e9voquant les ing\u00e9rences et les interf\u00e9rences de Moscou, dont le logiciel \u00e0 l&rsquo;\u00e9gard des ex-r\u00e9publiques sovi\u00e9tiques comme la Moldavie est, selon Paris, celui de l&rsquo;intimidation et aussi des entraves \u00e0 la souverainet\u00e9, de l&rsquo;exploitation des s\u00e9paratismes.<\/p>\n<p class=\"paragraph article-body-paragraph article__item   \">Une allusion notamment \u00e0 la Transnistrie, un territoire s\u00e9paratiste russophone situ\u00e9 dans l&rsquo;est de ce pays, o\u00f9 sont bas\u00e9es des forces russes.<\/p>\n<p class=\"paragraph article-body-paragraph article__item   \">Cette visite est vraiment une signal fort du soutien \u00e0 la Moldavie et elle adresse un message symbolique \u00e0 la Russie selon lequel les principaux pays europ\u00e9ens se pr\u00e9occupent de ce qui se passe ici, estime l&rsquo;analyste politique Valeriu Pasha, du cercle de r\u00e9flexion Watchdog, \u00e0 Chisinau.<\/p>\n<p><img decoding=\"async\" src=\"https:\/\/www.europesays.com\/fr\/wp-content\/uploads\/2025\/08\/6UBBSGFK2BEOVN3ST2NTYKJJYE.jpg\" class=\"image-with-legend__cover-img\" alt=\"Un poste fronti\u00e8re entre la Moldavie et la Transnistrie, territoire s\u00e9paratiste russophone o\u00f9 sont bas\u00e9es des forces russes, le 28 avril 2022 \" width=\"883\" height=\"0\" loading=\"lazy\"\/><\/p>\n<p class=\"image-with-legend__legend\">Un poste fronti\u00e8re entre la Moldavie et la Transnistrie, territoire s\u00e9paratiste russophone o\u00f9 sont bas\u00e9es des forces russes, le 28 avril 2022 <\/p>\n<p class=\"image-with-legend__credits\"> \u00a9  \/ afp.com\/Daniel MIHAILESCU<\/p>\n<p class=\"paragraph article-body-paragraph article__item   \">Pour lui, le parti Action et solidarit\u00e9 (PAS) de la pr\u00e9sidente Sandu devrait arriver en t\u00eate des l\u00e9gislatives mais le r\u00e9sultat est difficile \u00e0 pr\u00e9dire en raison de l&rsquo;\u00e9norme ing\u00e9rence russe, aliment\u00e9e par des sommes folles d&rsquo;argent, sur fond de crise \u00e9conomique et d&rsquo;inflation \u00e9lev\u00e9e.<\/p>\n<p class=\"paragraph article-body-paragraph article__item   \">La cheffe de l&rsquo;Etat pro-europ\u00e9enne, r\u00e9\u00e9lue en novembre 2024, a accus\u00e9 fin juillet la Russie de mener une op\u00e9ration complexe et coordonn\u00e9e d&rsquo;ing\u00e9rence sans pr\u00e9c\u00e9dent pour contr\u00f4ler son pays, frontalier de l&rsquo;UE, d\u00e8s l&rsquo;automne. Tout cela en recourant \u00e0 des m\u00e9canismes d&rsquo;achat de votes et de financements avec des cryptomonnaies, 100 millions d&rsquo;euros \u00e9tant pr\u00e9vus \u00e0 cet effet, a-t-elle alors d\u00e9nonc\u00e9, pointant \u00e9galement du doigt la responsabilit\u00e9 de la plateforme Telegram.<\/p>\n<p class=\"paragraph article-body-paragraph article__item   \">La France met en avant sa coop\u00e9ration, renforc\u00e9e en mars \u00e0 l&rsquo;occasion de la derni\u00e8re visite qu&rsquo;y a effectu\u00e9e Maia Sandu, pour lutter contre les ing\u00e9rences num\u00e9riques, via l&rsquo;agence fran\u00e7aise Viginium.<\/p>\n<p class=\"paragraph article-body-paragraph article__item   \">Si le trio europ\u00e9en assure vouloir se concentrer sur le soutien \u00e0 la Moldavie, le d\u00e9placement ensemble de ces dirigeants se d\u00e9roule \u00e0 un moment o\u00f9 la diplomatie t\u00e2tonne sur le dossier ukrainien.<\/p>\n<p class=\"paragraph article-body-paragraph article__item    article__text__endpicto\">Deux semaines apr\u00e8s le sommet entre Donald Trump et Vladimir Poutine, l&rsquo;acc\u00e9l\u00e9ration subite vers de possibles n\u00e9gociations de paix semble d\u00e9j\u00e0 marquer le pas et sujet sera forc\u00e9ment \u00e9voqu\u00e9 en marge des s\u00e9quences officielles \u00e0 Chisinau.<\/p>\n","protected":false},"excerpt":{"rendered":"La date n&rsquo;a pas \u00e9t\u00e9 choisie au hasard : le pr\u00e9sident fran\u00e7ais, le chancelier allemand et le Premier&hellip;\n","protected":false},"author":2,"featured_media":346643,"comment_status":"","ping_status":"","sticky":false,"template":"","format":"standard","meta":{"footnotes":""},"categories":[1591],"tags":[11,10944,1887,12,1885,1886,132],"class_list":{"0":"post-346642","1":"post","2":"type-post","3":"status-publish","4":"format-standard","5":"has-post-thumbnail","7":"category-russie","8":"tag-actualites","9":"tag-archives","10":"tag-federation-de-russie","11":"tag-news","12":"tag-russia","13":"tag-russian-federation","14":"tag-russie"},"share_on_mastodon":{"url":"https:\/\/pubeurope.com\/@fr\/115098589919641552","error":""},"_links":{"self":[{"href":"https:\/\/www.europesays.com\/fr\/wp-json\/wp\/v2\/posts\/346642","targetHints":{"allow":["GET"]}}],"collection":[{"href":"https:\/\/www.europesays.com\/fr\/wp-json\/wp\/v2\/posts"}],"about":[{"href":"https:\/\/www.europesays.com\/fr\/wp-json\/wp\/v2\/types\/post"}],"author":[{"embeddable":true,"href":"https:\/\/www.europesays.com\/fr\/wp-json\/wp\/v2\/users\/2"}],"replies":[{"embeddable":true,"href":"https:\/\/www.europesays.com\/fr\/wp-json\/wp\/v2\/comments?post=346642"}],"version-history":[{"count":0,"href":"https:\/\/www.europesays.com\/fr\/wp-json\/wp\/v2\/posts\/346642\/revisions"}],"wp:featuredmedia":[{"embeddable":true,"href":"https:\/\/www.europesays.com\/fr\/wp-json\/wp\/v2\/media\/346643"}],"wp:attachment":[{"href":"https:\/\/www.europesays.com\/fr\/wp-json\/wp\/v2\/media?parent=346642"}],"wp:term":[{"taxonomy":"category","embeddable":true,"href":"https:\/\/www.europesays.com\/fr\/wp-json\/wp\/v2\/categories?post=346642"},{"taxonomy":"post_tag","embeddable":true,"href":"https:\/\/www.europesays.com\/fr\/wp-json\/wp\/v2\/tags?post=346642"}],"curies":[{"name":"wp","href":"https:\/\/api.w.org\/{rel}","templated":true}]}}