{"id":346648,"date":"2025-08-27T03:26:29","date_gmt":"2025-08-27T03:26:29","guid":{"rendered":"https:\/\/www.europesays.com\/fr\/346648\/"},"modified":"2025-08-27T03:26:29","modified_gmt":"2025-08-27T03:26:29","slug":"au-royaume-uni-keir-starmer-lance-lalerte-sur-le-prochain-budget","status":"publish","type":"post","link":"https:\/\/www.europesays.com\/fr\/346648\/","title":{"rendered":"au Royaume-Uni, Keir Starmer lance l&rsquo;alerte sur le prochain budget"},"content":{"rendered":"<p>\u00ab Douloureux\u00a0\u00bb. Tel est le mot employ\u00e9 ce mardi par\u00a0Keir Starmer, Premier ministre travailliste du Royaume-Uni, pour qualifier le premier budget de son gouvernement, pr\u00e9sent\u00e9 fin octobre. \u00ab Je vais \u00eatre honn\u00eate avec vous : le budget qui arrive en octobre sera douloureux\u00a0\u00bb, a-t-il ainsi admis. Pour rappel, il a \u00e9t\u00e9 <a href=\"https:\/\/www.latribune.fr\/economie\/international\/tsunami-politique-au-royaume-uni-victoire-ecrasante-des-travaillistes-la-droite-dure-entre-au-parlement-1001524.html\" target=\"_blank\" rel=\"noopener\">largement \u00e9lu d\u00e9but juillet<\/a> apr\u00e8s 14 ans de pouvoir conservateur, lors d&rsquo;un discours dans les jardins de Downing Street en amont de la rentr\u00e9e parlementaire.<\/p>\n<p>\u00ab Nous n&rsquo;avons pas le choix vu la situation dans laquelle nous sommes : ceux qui ont les \u00e9paules les plus solides devront porter le plus lourd fardeau\u00a0\u00bb, a-t-il soulign\u00e9, esquissant des r\u00e9ductions des d\u00e9penses publiques ou des augmentations de certains imp\u00f4ts le 30 octobre.<\/p>\n<p>Un trou budg\u00e9taire&#8230; \u00e0 22 milliards de livres<\/p>\n<p>Pour m\u00e9moire, le Labour a men\u00e9 campagne en insistant sur son recentrage \u00e9conomique. Il a \u00e9galement promis une gestion rigoureuse des d\u00e9penses publiques, imposant des choix drastiques. Mais le gouvernement pr\u00e9vient d\u00e9sormais qu&rsquo;il devra aller encore plus loin que pr\u00e9vu, depuis que la ministre des Finances Rachel Reeves a accus\u00e9 en juillet les conservateurs d&rsquo;avoir \u00ab masqu\u00e9\u00a0\u00bb un trou budg\u00e9taire de 22 milliards de livres (soit environ 26 milliards d&rsquo;euros).<\/p>\n<p>\u00ab La situation est pire que ce que nous avions jamais imagin\u00e9\u00a0\u00bb, a ainsi abond\u00e9 ce mardi Keir Starmer, affirmant que l&rsquo;Office for Budget Responsibility (OBR, \u00e9quivalent de la Cour des comptes fran\u00e7aise) \u00ab n&rsquo;\u00e9tait pas au courant\u00a0\u00bb. \u00ab Nous avons h\u00e9rit\u00e9 d&rsquo;un trou noir, aussi bien dans l&rsquo;\u00e9conomie que sur les sujets de soci\u00e9t\u00e9\u00a0\u00bb a-t-il poursuivi, en r\u00e9f\u00e9rence aux \u00e9meutes qui ont secou\u00e9 des dizaines de villes d&rsquo;Angleterre et d&rsquo;Irlande du Nord d\u00e9but ao\u00fbt.<\/p>\n<p>Plusieurs solutions sur la table<\/p>\n<p>Face \u00e0 cette situation \u00e9conomique compliqu\u00e9e, le gouvernement travailliste envisage diff\u00e9rentes solutions. Selon des informations r\u00e9v\u00e9l\u00e9es par le\u00a0<a href=\"https:\/\/www.ft.com\/content\/e2546c45-126e-4093-b420-05cbfd54347a\" target=\"_blank\" rel=\"noopener\">Financial Times<\/a>\u00a0mardi dernier, la Chanceli\u00e8re de l&rsquo;Echiquier britannique envisage notamment augmenter les loyers dans les logements sociaux davantage que l&rsquo;inflation ces dix prochaines ann\u00e9es.<\/p>\n<p>Objectif affich\u00e9 ? Stimuler la construction de ce parc immobilier \u00e0 prix abordable, et aussi assurer des rentr\u00e9es d&rsquo;argent pour les associations de logement et les conseils municipaux, aux prises avec de lourdes dettes et d&rsquo;importants retards dans l&rsquo;entretien de leur parc.<\/p>\n<p>Le m\u00eame jour, <a href=\"https:\/\/www.theguardian.com\/business\/article\/2024\/aug\/20\/rachel-reeves-planning-to-raise-taxes-and-cut-spending-in-october-budget\" target=\"_blank\" rel=\"noopener\">The Guardian<\/a>\u00a0a \u00e9voqu\u00e9 de possibles augmentations des droits de succession et des imp\u00f4ts sur les plus-values, ainsi qu&rsquo;un durcissement de l&rsquo;acc\u00e8s aux aides sociales ou encore une modification de\u00a0la mani\u00e8re, dont la dette est mesur\u00e9e pour laisser plus de marges de man\u0153uvre. En juillet,\u00a0Rachel Reeves avait aussi annonc\u00e9 des coupes dans certaines aides au fioul de chauffage en hiver pour les retrait\u00e9s, sugg\u00e9rant de les lier \u00e0 des conditions de ressources.<\/p>\n<p>Mais la ministre anglaise des Finances se sait aussi tr\u00e8s attendue\u00a0sur le pouvoir d&rsquo;achat et le redressement des services publics. R\u00e9sultat, elle a martel\u00e9 que le gouvernement n&rsquo;augmentera pas les cotisations sociales et les imp\u00f4ts des \u00ab\u00a0gens qui travaillent\u00a0\u00bb. La ministre\u00a0refuse aussi de c\u00e9der aux pressions l&rsquo;appelant \u00e0 supprimer le plafonnement des allocations familiales \u00e0 deux enfants.<\/p>\n<p>De son c\u00f4t\u00e9,\u00a0d\u00e9sormais dans l&rsquo;opposition, le parti lib\u00e9ral &#8211; pourtant accus\u00e9 d&rsquo;avoir\u00a0\u00ab\u00a0masqu\u00e9\u00a0\u00bb le trou dans les comptes publics &#8211;\u00a0d\u00e9nonce une \u00ab\u00a0tentative \u00e9hont\u00e9e de pr\u00e9parer le terrain pour des hausses d&rsquo;imp\u00f4ts\u00a0\u00bb.<\/p>\n<p>Une dette publique plus \u00e9lev\u00e9e que pr\u00e9vu<\/p>\n<p>Interrog\u00e9 par l&rsquo;AFP la semaine derni\u00e8re,\u00a0Dennis Tatarkov, \u00e9conomiste chez KPMG UK, avait estim\u00e9 qu&rsquo;au Royaume-Uni, l&#8217;emprunt public \u00e9tait plus \u00e9lev\u00e9 que pr\u00e9vu. Cons\u00e9quence : ce param\u00e8tre \u00ab\u00a0laisse peu de marge de man\u0153uvre pour le budget\u00a0\u00bb, d&rsquo;autant qu&rsquo;un \u00ab\u00a0ralentissement attendu de la croissance\u00a0\u00bb\u00a0pourrait encore limiter les recettes fiscales au second semestre.<\/p>\n<p>Par ailleurs, l&#8217;emprunt du secteur public a atteint le mois dernier 3,1 milliards de livres (3,6 milliards d&rsquo;euros), soit le chiffre \u00ab\u00a0le plus \u00e9lev\u00e9 pour un mois de juillet depuis 2021\u00a0\u00bb, nettement sup\u00e9rieur aux attentes, selon l&rsquo;Office national des statistiques (ONS). Les finances publiques ont p\u00e2ti d&rsquo;une \u00ab\u00a0hausse des d\u00e9penses du gouvernement\u00a0\u00bb\u00a0alors que \u00ab\u00a0le co\u00fbt des services publics et des prestations sociales a continu\u00e9 d&rsquo;augmenter\u00a0\u00bb, avait d\u00e9taill\u00e9 sur X Jessica Barnaby, directrice adjointe des finances publiques, mercredi dernier.<\/p>\n<p>De sorte qu&rsquo;en cumul\u00e9, depuis le mois d&rsquo;avril (d\u00e9but de l&rsquo;ann\u00e9e fiscale britannique), le pays a emprunt\u00e9 pr\u00e8s de 5 milliards de livres de plus que les projections de l&rsquo;organisme public de pr\u00e9visions budg\u00e9taires (OBR). R\u00e9sultat, la dette publique, gonfl\u00e9e notamment par les aides distribu\u00e9es pendant la pand\u00e9mie et la crise de l&rsquo;\u00e9nergie, repr\u00e9sentait 99,4% du PIB fin juillet.<\/p>\n<p>Seule note \u00e9conomique positive de ces derni\u00e8res semaines, une croissance de 0,2% au deuxi\u00e8me trimestre 2024. Cette petite hausse est tir\u00e9e\u00a0par l&rsquo;activit\u00e9 manufacturi\u00e8re et une baisse des prix des mat\u00e9riaux, ainsi que par l&rsquo;h\u00f4tellerie-restaurant.<\/p>\n<p>Un contexte soci\u00e9tal fractur\u00e9 qui n&rsquo;aide pas<\/p>\n<p>Le marasme budg\u00e9taire britannique est aussi doubl\u00e9 d&rsquo;un contexte soci\u00e9tal compliqu\u00e9. Le mois d&rsquo;ao\u00fbt a en effet \u00e9t\u00e9 marqu\u00e9 par des \u00e9meutes cons\u00e9cutive \u00e0 une attaque au couteau, qui a co\u00fbt\u00e9 la vie \u00e0 trois fillettes, lors d&rsquo;un cours de danse le 29 juillet \u00e0 Southport (nord-ouest de l&rsquo;Angleterre). Elles ont \u00e9t\u00e9 attis\u00e9es par des agitateurs d&rsquo;extr\u00eame droite, sur fond de rumeurs pr\u00e9sentant, \u00e0 tort, le suspect comme un demandeur d&rsquo;asile, de confession musulmane.<\/p>\n<p>Ces violences x\u00e9nophobes et islamophobes, qui ont notamment vis\u00e9 des mosqu\u00e9es et des h\u00f4tels accueillant des demandeurs d&rsquo;asile, ont \u00ab mis \u00e0 nu les fissures dans nos fondations, affaiblies par une d\u00e9cennie de division et de d\u00e9clin\u00a0\u00bb sous les conservateurs, a ainsi condamn\u00e9 ce mardi Keir Starmer. \u00ab C&rsquo;est pourquoi nous devons agir et faire les choses diff\u00e9remment. Cela implique d&rsquo;\u00eatre honn\u00eate avec les gens (&#8230;) et honn\u00eatement, les choses vont empirer avant que \u00e7a aille mieux\u00a0\u00bb, a-t-il reconnu.<\/p>\n","protected":false},"excerpt":{"rendered":"\u00ab Douloureux\u00a0\u00bb. Tel est le mot employ\u00e9 ce mardi par\u00a0Keir Starmer, Premier ministre travailliste du Royaume-Uni, pour qualifier&hellip;\n","protected":false},"author":2,"featured_media":346649,"comment_status":"","ping_status":"","sticky":false,"template":"","format":"standard","meta":{"footnotes":""},"categories":[1588],"tags":[6542,11,17272,2837,33,1777,674,48276,12,3624,3946,473,1853,48277,1851,1850,1852],"class_list":{"0":"post-346648","1":"post","2":"type-post","3":"status-publish","4":"format-standard","5":"has-post-thumbnail","7":"category-royaume-uni","8":"tag-6542","9":"tag-actualites","10":"tag-avons","11":"tag-dun","12":"tag-economie","13":"tag-eu","14":"tag-europe","15":"tag-herite","16":"tag-news","17":"tag-noir","18":"tag-nous","19":"tag-royaume-uni","20":"tag-royaume-uni-de-grande-bretagne-et-dirlande-du-nord","21":"tag-trou","22":"tag-uk","23":"tag-united-kingdom","24":"tag-united-kingdom-of-great-britain-and-northern-ireland"},"share_on_mastodon":{"url":"https:\/\/pubeurope.com\/@fr\/115098601652836526","error":""},"_links":{"self":[{"href":"https:\/\/www.europesays.com\/fr\/wp-json\/wp\/v2\/posts\/346648","targetHints":{"allow":["GET"]}}],"collection":[{"href":"https:\/\/www.europesays.com\/fr\/wp-json\/wp\/v2\/posts"}],"about":[{"href":"https:\/\/www.europesays.com\/fr\/wp-json\/wp\/v2\/types\/post"}],"author":[{"embeddable":true,"href":"https:\/\/www.europesays.com\/fr\/wp-json\/wp\/v2\/users\/2"}],"replies":[{"embeddable":true,"href":"https:\/\/www.europesays.com\/fr\/wp-json\/wp\/v2\/comments?post=346648"}],"version-history":[{"count":0,"href":"https:\/\/www.europesays.com\/fr\/wp-json\/wp\/v2\/posts\/346648\/revisions"}],"wp:featuredmedia":[{"embeddable":true,"href":"https:\/\/www.europesays.com\/fr\/wp-json\/wp\/v2\/media\/346649"}],"wp:attachment":[{"href":"https:\/\/www.europesays.com\/fr\/wp-json\/wp\/v2\/media?parent=346648"}],"wp:term":[{"taxonomy":"category","embeddable":true,"href":"https:\/\/www.europesays.com\/fr\/wp-json\/wp\/v2\/categories?post=346648"},{"taxonomy":"post_tag","embeddable":true,"href":"https:\/\/www.europesays.com\/fr\/wp-json\/wp\/v2\/tags?post=346648"}],"curies":[{"name":"wp","href":"https:\/\/api.w.org\/{rel}","templated":true}]}}