{"id":346650,"date":"2025-08-27T03:27:14","date_gmt":"2025-08-27T03:27:14","guid":{"rendered":"https:\/\/www.europesays.com\/fr\/346650\/"},"modified":"2025-08-27T03:27:14","modified_gmt":"2025-08-27T03:27:14","slug":"dormir-cest-ne-pas-etre-connecte","status":"publish","type":"post","link":"https:\/\/www.europesays.com\/fr\/346650\/","title":{"rendered":"\u201cDormir, c\u2019est ne pas \u00eatre connect\u00e9\u201d"},"content":{"rendered":"\n<p>Alaa Abujami ne veut pas dormir et ne dort pas bien. M\u00eame sans r\u00e9veil, il se r\u00e9veille tous les matins \u00e0 5\u00a0h\u00a030, les larmes aux yeux. Puis vient la peur. Il attrape imm\u00e9diatement le t\u00e9l\u00e9phone sur sa table de nuit, ouvre Telegram et tape \u201cAbujami\u201d dans le moteur de recherche pour voir si son nom de famille appara\u00eet dans les cha\u00eenes d\u2019information. S\u2019il est mentionn\u00e9 dans l\u2019annonce de morts ou de bless\u00e9s. Dormir, c\u2019est ne pas \u00eatre connect\u00e9 \u2013 ce sont des heures pendant lesquelles sa s\u0153ur et ses enfants sont peut-\u00eatre morts dans la bande de Gaza. En fait, il s\u2019attend \u00e0 \u00e7a \u00e0 chaque minute.<\/p>\n<p>Alaa Abujami, 30\u00a0ans, vient de la bande de Gaza. Le nombre de Palestiniens vivant en Allemagne est estim\u00e9 entre 175\u00a0000\u00a0et 225\u00a0000. On ignore le chiffre exact car si le registre central des \u00e9trangers mentionne la nationalit\u00e9, il ne prend pas en compte l\u2019origine ethnique [l\u2019Allemagne ne reconna\u00eet pas l\u2019\u00c9tat de Palestine et donc la nationalit\u00e9 palestinienne]. Abujami vit depuis plus de dix ans en Allemagne o\u00f9 il \u00e9tait venu faire des \u00e9tudes de gestion.\u00a0Il est administrateur de r\u00e9seau dans une grande entreprise, un emploi qu\u2019il qualifie de \u201chobby\u201d. Il habite \u00e0 Francfort. [Auparavant], pendant son temps libre, il jouait au volley-ball. Et lors de ses vacances, il voyageait en Europe avec sa femme.<\/p>\n<p>Tout a <\/p>\n<p>                                     <strong class=\"paywall-title\">Cet article est r\u00e9serv\u00e9 aux\u00a0abonn\u00e9s.<\/strong>   <\/p>\n<p class=\"paywall-text\">Profitez de\u00a0l\u2019offre sp\u00e9ciale num\u00e9rique pour acc\u00e9der \u00e0\u00a0l\u2019int\u00e9gralit\u00e9 de\u00a0nos contenus en\u00a0illimit\u00e9.<\/p>\n<p class=\"article-authors\">                         <a href=\"https:\/\/www.courrierinternational.com\/auteur\/anna-abraham\" target=\"_blank\" rel=\"noopener\">Anna Abraham<\/a>    <\/p>\n<p class=\"article-vo\"><a href=\"https:\/\/www.faz.net\/aktuell\/politik\/inland\/palaestinenser-in-deutschland-die-familie-im-krieg-in-gaza-110641205.html\" rel=\"noopener\" target=\"_blank\">Lire l\u2019article original<\/a><\/p>\n<p>Source de l\u2019article<\/p>\n<p>   <img decoding=\"async\" class=\"source-logo\" src=\"https:\/\/www.europesays.com\/fr\/wp-content\/uploads\/2025\/07\/f025cfe_1643653622002-faz.jpg\"  alt=\"Logo\" loading=\"lazy\" width=\"32\" height=\"32\"\/>  Frankfurter Allgemeine Zeitung  (Francfort)       <\/p>\n<p>Fond\u00e9e en 1949 et men\u00e9e par une \u00e9quipe de cinq directeurs, la\u00a0FAZ,\u00a0grand quotidien conservateur et lib\u00e9ral, est un outil de r\u00e9f\u00e9rence dans les milieux d\u2019affaires et intellectuels allemands. Plus de 300 r\u00e9dacteurs et 40 correspondants \u00e0 l\u2019\u00e9tranger participent \u00e0 son \u00e9laboration, ce qui la rend largement ind\u00e9pendante des agences de presse.<\/p>\n<p>Elle s\u2019est longtemps distingu\u00e9e par son refus de la couleur et de l\u2019image. En 2007 appara\u00eet pour la premi\u00e8re fois l\u2019image de une.\u00a0Consid\u00e9r\u00e9e comme le plus grand quotidien en Allemagne, elle s\u2019inscrit dans la lign\u00e9e des grands titres anglophones comme\u00a0The New York Times\u00a0et le\u00a0Financial Times. Une place importante y est accord\u00e9e au traitement de l\u2019information internationale et \u00e9conomique.<\/p>\n<p>Site complet \u00e0 l\u2019agencement agr\u00e9able avec des rubriques classiques, des forums \u00e0 th\u00e8me et des dossiers (\u00e0 acc\u00e8s payant). Outre son site principal, qui reprend les articles de la version papier, le journal propose aussi des contenus\u00a0<a href=\"http:\/\/www.faz.com\" target=\"_blank\" title=\"Le site en version anglais\" rel=\"noopener\">en anglais<\/a>.<\/p>\n<p>      <a href=\"https:\/\/www.courrierinternational.com\/notule-source\/frankfurter-allgemeine-zeitung\" class=\"source-link\" target=\"_blank\" rel=\"noopener\">Lire la suite<\/a>                 <\/p>\n<p>Nos services<\/p>\n","protected":false},"excerpt":{"rendered":"Alaa Abujami ne veut pas dormir et ne dort pas bien. M\u00eame sans r\u00e9veil, il se r\u00e9veille tous&hellip;\n","protected":false},"author":2,"featured_media":346651,"comment_status":"","ping_status":"","sticky":false,"template":"","format":"standard","meta":{"footnotes":""},"categories":[1587],"tags":[11,672,4628,1804,1805,1803,1777,674,1801,4629,3257,12,3518,1802,1857],"class_list":{"0":"post-346650","1":"post","2":"type-post","3":"status-publish","4":"format-standard","5":"has-post-thumbnail","7":"category-allemagne","8":"tag-actualites","9":"tag-allemagne","10":"tag-bande-de-gaza","11":"tag-bundesrepublik-deutschland","12":"tag-de","13":"tag-deutschland","14":"tag-eu","15":"tag-europe","16":"tag-germany","17":"tag-guerre-israu00ebl-hamas","18":"tag-moyen-orient","19":"tag-news","20":"tag-palestine","21":"tag-republique-federale-dallemagne","22":"tag-sociu00e9tu00e9"},"share_on_mastodon":{"url":"https:\/\/pubeurope.com\/@fr\/115098605578109216","error":""},"_links":{"self":[{"href":"https:\/\/www.europesays.com\/fr\/wp-json\/wp\/v2\/posts\/346650","targetHints":{"allow":["GET"]}}],"collection":[{"href":"https:\/\/www.europesays.com\/fr\/wp-json\/wp\/v2\/posts"}],"about":[{"href":"https:\/\/www.europesays.com\/fr\/wp-json\/wp\/v2\/types\/post"}],"author":[{"embeddable":true,"href":"https:\/\/www.europesays.com\/fr\/wp-json\/wp\/v2\/users\/2"}],"replies":[{"embeddable":true,"href":"https:\/\/www.europesays.com\/fr\/wp-json\/wp\/v2\/comments?post=346650"}],"version-history":[{"count":0,"href":"https:\/\/www.europesays.com\/fr\/wp-json\/wp\/v2\/posts\/346650\/revisions"}],"wp:featuredmedia":[{"embeddable":true,"href":"https:\/\/www.europesays.com\/fr\/wp-json\/wp\/v2\/media\/346651"}],"wp:attachment":[{"href":"https:\/\/www.europesays.com\/fr\/wp-json\/wp\/v2\/media?parent=346650"}],"wp:term":[{"taxonomy":"category","embeddable":true,"href":"https:\/\/www.europesays.com\/fr\/wp-json\/wp\/v2\/categories?post=346650"},{"taxonomy":"post_tag","embeddable":true,"href":"https:\/\/www.europesays.com\/fr\/wp-json\/wp\/v2\/tags?post=346650"}],"curies":[{"name":"wp","href":"https:\/\/api.w.org\/{rel}","templated":true}]}}