{"id":346656,"date":"2025-08-27T03:30:14","date_gmt":"2025-08-27T03:30:14","guid":{"rendered":"https:\/\/www.europesays.com\/fr\/346656\/"},"modified":"2025-08-27T03:30:14","modified_gmt":"2025-08-27T03:30:14","slug":"la-liste-de-deschamps-avec-rabiot-international-france","status":"publish","type":"post","link":"https:\/\/www.europesays.com\/fr\/346656\/","title":{"rendered":"La liste de Deschamps avec Rabiot ? &#8211; International &#8211; France"},"content":{"rendered":"<p>En rang deux par deux, et on se donne la main.<\/p>\n<p>Didier Deschamps sonnera la rentr\u00e9e de l\u2019\u00e9quipe de France <strong>mercredi, \u00e0 14 heures, au si\u00e8ge de la FFF<\/strong>. Le s\u00e9lectionneur y annoncera sa <strong>liste pour les matchs contre l\u2019Ukraine et l\u2019Islande<\/strong>, qualificatifs pour la Coupe du monde 2026. Malgr\u00e9 <a target=\"_blank\" href=\"https:\/\/www.sofoot.com\/breves\/le-retour-de-rabiot-avec-lom-mission-presque-impossible\" rel=\"nofollow noopener\">sa mise \u00e0 l\u2019\u00e9cart \u00e0 Marseille<\/a>, <strong>Adrien Rabiot devrait en faire partie<\/strong> selon <a target=\"_blank\" href=\"https:\/\/rmcsport.bfmtv.com\/football\/equipe-de-france\/equipe-de-france-cherki-ekitike-kolo-muani-les-tendances-de-la-liste-de-didier-deschamps-pour-le-rassemblement-de-septembre_AN-202508260606.html\" rel=\"nofollow noopener\">RMC Sport<\/a>. \u00ab\u202fSa pr\u00e9sence ne semble pas remise en cause\u202f\u00bb d\u2019apr\u00e8s nos confr\u00e8res, d\u2019autant que le milieu de terrain a suivi toute la pr\u00e9pa de l\u2019OM et jou\u00e9 90 minutes \u00e0 Rennes.<\/p>\n<p>\u00c0 l\u2019inverse, <strong>Corentin Tolisso et Bouba Kamara devraient rester \u00e0 la maison<\/strong>, Deschamps donnant vraisemblablement sa pr\u00e9f\u00e9rence \u00e0 Matt\u00e9o Guendouzi et Warren Za\u00efre-Emery. En d\u00e9fense, Jonathan Clauss restera a priori sur la touche, tandis que <strong>Malo Gusto sera de la partie<\/strong>. Le lat\u00e9ral de Chelsea avait fait son retour chez les A en juin pour la premi\u00e8re fois depuis octobre 2023. Le s\u00e9lectionneur lui avait donn\u00e9 27 minutes contre l\u2019Espagne, avant de le titulariser face \u00e0 l\u2019Allemagne. Un point d\u2019interrogation accompagne encore la pr\u00e9sence de Hugo Ekitike, <a target=\"_blank\" href=\"https:\/\/www.sofoot.com\/breves\/premier-league-au-bout-du-temps-additionnel-liverpool-crucifie-newcastle-dans-un-scenario-dingue\" rel=\"nofollow noopener\">auteur d\u2019un d\u00e9but de saison canon \u00e0 Liverpool<\/a>.<\/p>\n<p>Si Anfield l\u2019a adopt\u00e9, on aurait tort de s\u2019en passer.<\/p>\n<p>\t\t\t\t\t\t\t\t\t\t<a class=\"lien-connexe\" href=\"https:\/\/www.sofoot.com\/articles\/equipe-de-france-michael-olise-comme-une-evidence-apres-setre-impose-au-bayern-munich\" rel=\"nofollow noopener\" target=\"_blank\">Michael Olise, la vie en Bleu devant lui<\/a>\t\t\t\t\t<\/p>\n","protected":false},"excerpt":{"rendered":"En rang deux par deux, et on se donne la main. Didier Deschamps sonnera la rentr\u00e9e de l\u2019\u00e9quipe&hellip;\n","protected":false},"author":2,"featured_media":346657,"comment_status":"","ping_status":"","sticky":false,"template":"","format":"standard","meta":{"footnotes":""},"categories":[2],"tags":[47,11,61,69,65,64,63,1011,27,68,66,12,62,70,25,67],"class_list":{"0":"post-346656","1":"post","2":"type-post","3":"status-publish","4":"format-standard","5":"has-post-thumbnail","7":"category-actualites","8":"tag-actualite","9":"tag-actualites","10":"tag-actus-football","11":"tag-bundesliga","12":"tag-championnats-europeens","13":"tag-equipe-de-france","14":"tag-football","15":"tag-fr","16":"tag-france","17":"tag-ligua","18":"tag-ligue-1","19":"tag-news","20":"tag-news-foot","21":"tag-premier-league","22":"tag-republique-francaise","23":"tag-serie-a"},"share_on_mastodon":{"url":"https:\/\/pubeurope.com\/@fr\/115098617317462217","error":""},"_links":{"self":[{"href":"https:\/\/www.europesays.com\/fr\/wp-json\/wp\/v2\/posts\/346656","targetHints":{"allow":["GET"]}}],"collection":[{"href":"https:\/\/www.europesays.com\/fr\/wp-json\/wp\/v2\/posts"}],"about":[{"href":"https:\/\/www.europesays.com\/fr\/wp-json\/wp\/v2\/types\/post"}],"author":[{"embeddable":true,"href":"https:\/\/www.europesays.com\/fr\/wp-json\/wp\/v2\/users\/2"}],"replies":[{"embeddable":true,"href":"https:\/\/www.europesays.com\/fr\/wp-json\/wp\/v2\/comments?post=346656"}],"version-history":[{"count":0,"href":"https:\/\/www.europesays.com\/fr\/wp-json\/wp\/v2\/posts\/346656\/revisions"}],"wp:featuredmedia":[{"embeddable":true,"href":"https:\/\/www.europesays.com\/fr\/wp-json\/wp\/v2\/media\/346657"}],"wp:attachment":[{"href":"https:\/\/www.europesays.com\/fr\/wp-json\/wp\/v2\/media?parent=346656"}],"wp:term":[{"taxonomy":"category","embeddable":true,"href":"https:\/\/www.europesays.com\/fr\/wp-json\/wp\/v2\/categories?post=346656"},{"taxonomy":"post_tag","embeddable":true,"href":"https:\/\/www.europesays.com\/fr\/wp-json\/wp\/v2\/tags?post=346656"}],"curies":[{"name":"wp","href":"https:\/\/api.w.org\/{rel}","templated":true}]}}