{"id":346662,"date":"2025-08-27T03:35:11","date_gmt":"2025-08-27T03:35:11","guid":{"rendered":"https:\/\/www.europesays.com\/fr\/346662\/"},"modified":"2025-08-27T03:35:11","modified_gmt":"2025-08-27T03:35:11","slug":"rugby-scapulaire-quand-ben-tameifuna-traine-son-coequipier-derriere-la-ligne","status":"publish","type":"post","link":"https:\/\/www.europesays.com\/fr\/346662\/","title":{"rendered":"Rugby Scapulaire &#8211; Quand Ben Tameifuna traine son co\u00e9quipier derri\u00e8re la ligne"},"content":{"rendered":"<p>\u00a0<\/p>\n<p>Notre pilier droit international tongien, <strong>Ben<br \/>\nTameifuna<\/strong>, qui dispute actuellement la Pacific Nations Cup<br \/>\nsous le maillot des Tonga, semble en plein forme. Ce samedi lors de<br \/>\nla rencontre face au Samoa, qui a vu son \u00e9quipe s\u2019imposer<br \/>\nlargement, il a litt\u00e9ralement tra\u00een\u00e9 son co\u00e9quipier,<br \/>\n<strong>Siosiua Moala<\/strong>, derri\u00e8re la ligne pour lui<br \/>\npermettre d\u2019inscrire un essai.<\/p>\n<p>\u00a0<\/p>\n<p>\u00a0<\/p>\n<p>\u00a0<\/p>\n","protected":false},"excerpt":{"rendered":"\u00a0 Notre pilier droit international tongien, Ben Tameifuna, qui dispute actuellement la Pacific Nations Cup sous le maillot&hellip;\n","protected":false},"author":2,"featured_media":323194,"comment_status":"","ping_status":"","sticky":false,"template":"","format":"standard","meta":{"footnotes":""},"categories":[1416],"tags":[1011,27,479,1468,60],"class_list":{"0":"post-346662","1":"post","2":"type-post","3":"status-publish","4":"format-standard","5":"has-post-thumbnail","7":"category-rugby","8":"tag-fr","9":"tag-france","10":"tag-rugby","11":"tag-rugby-football","12":"tag-sports"},"share_on_mastodon":{"url":"https:\/\/pubeurope.com\/@fr\/115098637044204352","error":""},"_links":{"self":[{"href":"https:\/\/www.europesays.com\/fr\/wp-json\/wp\/v2\/posts\/346662","targetHints":{"allow":["GET"]}}],"collection":[{"href":"https:\/\/www.europesays.com\/fr\/wp-json\/wp\/v2\/posts"}],"about":[{"href":"https:\/\/www.europesays.com\/fr\/wp-json\/wp\/v2\/types\/post"}],"author":[{"embeddable":true,"href":"https:\/\/www.europesays.com\/fr\/wp-json\/wp\/v2\/users\/2"}],"replies":[{"embeddable":true,"href":"https:\/\/www.europesays.com\/fr\/wp-json\/wp\/v2\/comments?post=346662"}],"version-history":[{"count":0,"href":"https:\/\/www.europesays.com\/fr\/wp-json\/wp\/v2\/posts\/346662\/revisions"}],"wp:featuredmedia":[{"embeddable":true,"href":"https:\/\/www.europesays.com\/fr\/wp-json\/wp\/v2\/media\/323194"}],"wp:attachment":[{"href":"https:\/\/www.europesays.com\/fr\/wp-json\/wp\/v2\/media?parent=346662"}],"wp:term":[{"taxonomy":"category","embeddable":true,"href":"https:\/\/www.europesays.com\/fr\/wp-json\/wp\/v2\/categories?post=346662"},{"taxonomy":"post_tag","embeddable":true,"href":"https:\/\/www.europesays.com\/fr\/wp-json\/wp\/v2\/tags?post=346662"}],"curies":[{"name":"wp","href":"https:\/\/api.w.org\/{rel}","templated":true}]}}