{"id":346665,"date":"2025-08-27T03:38:25","date_gmt":"2025-08-27T03:38:25","guid":{"rendered":"https:\/\/www.europesays.com\/fr\/346665\/"},"modified":"2025-08-27T03:38:25","modified_gmt":"2025-08-27T03:38:25","slug":"auteur-de-la-pole-position-fabio-quartararo-seulement-4e-sur-le-sprint-du-grand-prix-de-france","status":"publish","type":"post","link":"https:\/\/www.europesays.com\/fr\/346665\/","title":{"rendered":"auteur de la pole position, Fabio Quartararo seulement 4e sur le sprint du Grand Prix de France"},"content":{"rendered":"\n<p class=\"c-chapo \">\n  Sur le mythique circuit Bugatti du Mans, le Fran\u00e7ais de Yamaha a sign\u00e9 sa deuxi\u00e8me pole position de suite samedi matin, avant de r\u00e9trograder derri\u00e8re un podium espagnol sur le sprint.\n<\/p>\n<p>            lire plus tard<\/p>\n<p id=\"dialog__title\" class=\"dialog__title\">Pour sauvegarder cet article, connectez-vous ou cr\u00e9ez un compte franceinfo<\/p>\n<p class=\"dialog__description\">Sans paiement. Sans abonnement.<\/p>\n<p>        Fermer la fen\u00eatre d\u2019activation des notifications France Info<\/p>\n<p>            cr\u00e9er votre compte<\/p>\n<p>            se connecter<\/p>\n<p>        Fermer la fen\u00eatre de pr\u00e9sentation<\/p>\n<p>    <img loading=\"lazy\" decoding=\"async\" class=\"signature__image lazyload\" width=\"100\" height=\"100\" data- alt=\"\" src=\"https:\/\/www.europesays.com\/fr\/wp-content\/uploads\/2025\/05\/64bcfa33e5011_gabriel-rond.png\"\/><\/p>\n<p>          France T\u00e9l\u00e9visions &#8211; R\u00e9daction Sport<\/p>\n<p>    Publi\u00e9 le 10\/05\/2025 11:41<\/p>\n<p>      Mis \u00e0 jour le 10\/05\/2025 15:26<\/p>\n<p>        Temps de lecture : 1min<\/p>\n<p>    <img decoding=\"async\"  alt=\"Le pilote fran\u00e7ais de MotoGP Fabio Quartararo (Yamaha) lors du week-end du Grand Prix de France sur le circuit Bugatti du Mans, le 9 mai 2025. (JEAN CATUFFE \/ AFP)\" width=\"432\" height=\"243\" src=\"https:\/\/www.europesays.com\/fr\/wp-content\/uploads\/2025\/08\/066-dppi-11225020-212-681f17524c84c035517490.jpg\" fetchpriority=\"high\"\/><\/p>\n<p>      Le pilote fran\u00e7ais de MotoGP Fabio Quartararo (Yamaha) lors du week-end du Grand Prix de France sur le circuit Bugatti du Mans, le 9 mai 2025. (JEAN CATUFFE \/ AFP)<\/p>\n<p>A domicile, \u00ab\u00a0El Diablo\u00a0\u00bb enflamme le circuit Bugatti. D\u00e9j\u00e0 rapide en essais libres, Fabio Quartararo (Yamaha) a cr\u00e9\u00e9 la surprise en signant sur le fil la pole position \u00e0 l&rsquo;issue des qualifications du Grand Prix de France, samedi 10 mai. Sa deuxi\u00e8me de suite cette saison apr\u00e8s celle d\u00e9croch\u00e9e \u00e0 Jerez il y a deux semaines, qui lui permettra de nouveau de partir en t\u00eate de la course dominicale. Et ce, alors qu&rsquo;il ne s&rsquo;\u00e9tait plus illustr\u00e9 de la sorte depuis mars 2022 en Indon\u00e9sie avant cela, soit lors des 63 s\u00e9ances pr\u00e9c\u00e9dentes.<\/p>\n<p>Pour offrir un immense bonheur aux fans tricolores, le champion du monde 2021 &#8211; deuxi\u00e8me en Andalousie &#8211; devra faire mieux que sur le sprint du Mans ce samedi, o\u00f9 il n&rsquo;a pas r\u00e9ussi \u00e0 conserver sa position au terme des 13 boucles de piste.<\/p>\n<p>Malgr\u00e9 un excellent freinage au premier virage lui ayant permis de prendre un peu d&rsquo;avance, le Fran\u00e7ais n&rsquo;a pas r\u00e9ussi \u00e0 tenir dans la bagarre avec les fr\u00e8res espagnols Marc (Ducati) &#8211; devenu le premier pilote \u00e0 gagner six sprints de suite &#8211; et Alex Marquez (Gresini). Il a m\u00eame \u00e9t\u00e9 \u00e9ject\u00e9 du podium sur la fin par un autre Ib\u00e8re, Fermin Aldeguer (Gresini). Il avait pourtant domin\u00e9 ce trio quelques heures plus t\u00f4t dans l&rsquo;exercice du tour chronom\u00e9tr\u00e9 en \u00e9tablissant un record absolu sur la piste sarthoise.<\/p>\n<blockquote class=\"twitter-tweet\">\n<p lang=\"ca\" dir=\"ltr\">Marc M\u00e1rquez s&rsquo;impose pour la sixi\u00e8me fois de suite en course sprint devant son fr\u00e8re \u00c1lex M\u00e1rquez et Ferm\u00edn Aldeguer pour un podium 100% Ducati <\/p>\n<p>Fabio Quartararo termine 4e aux portes du podium, Johann Zarco est 6e \ud83c\uddeb\ud83c\uddf7<a href=\"https:\/\/twitter.com\/hashtag\/FrenchGP?src=hash&amp;ref_src=twsrc%5Etfw\" target=\"_blank\" rel=\"noopener\">#FrenchGP<\/a> | <a href=\"https:\/\/twitter.com\/hashtag\/MotoGP?src=hash&amp;ref_src=twsrc%5Etfw\" target=\"_blank\" rel=\"noopener\">#MotoGP<\/a> <a href=\"https:\/\/t.co\/psNPhwueso\">pic.twitter.com\/psNPhwueso<\/a><\/p>\n<p>\u2014 CANAL+ MotoGP\u2122 (@CanalplusMotoGP) <a href=\"https:\/\/twitter.com\/CanalplusMotoGP\/status\/1921199328976060887?ref_src=twsrc%5Etfw\" target=\"_blank\" rel=\"noopener\">May 10, 2025<\/a><\/p><\/blockquote>\n<p>Fabio Quartararo aura n\u00e9anmoins une seconde chance dimanche de confirmer son regain de performance apr\u00e8s plusieurs saisons compliqu\u00e9es. Sorti de la Q1 pour la premi\u00e8re fois de l&rsquo;ann\u00e9e, l&rsquo;autre motard tricolore Johann Zarco (LCR Honda), qui a chut\u00e9, partira lui du 11e rang sur la grille. Il a pris la 6e place du sprint.<\/p>\n<p><script async src=\"https:\/\/platform.twitter.com\/widgets.js\" charset=\"utf-8\"><\/script><\/p>\n","protected":false},"excerpt":{"rendered":"Sur le mythique circuit Bugatti du Mans, le Fran\u00e7ais de Yamaha a sign\u00e9 sa deuxi\u00e8me pole position de&hellip;\n","protected":false},"author":2,"featured_media":346666,"comment_status":"","ping_status":"","sticky":false,"template":"","format":"standard","meta":{"footnotes":""},"categories":[1413],"tags":[1011,27,1457,1456,60],"class_list":{"0":"post-346665","1":"post","2":"type-post","3":"status-publish","4":"format-standard","5":"has-post-thumbnail","7":"category-moto","8":"tag-fr","9":"tag-france","10":"tag-moto","11":"tag-motocycle","12":"tag-sports"},"share_on_mastodon":{"url":"https:\/\/pubeurope.com\/@fr\/115098649170428462","error":""},"_links":{"self":[{"href":"https:\/\/www.europesays.com\/fr\/wp-json\/wp\/v2\/posts\/346665","targetHints":{"allow":["GET"]}}],"collection":[{"href":"https:\/\/www.europesays.com\/fr\/wp-json\/wp\/v2\/posts"}],"about":[{"href":"https:\/\/www.europesays.com\/fr\/wp-json\/wp\/v2\/types\/post"}],"author":[{"embeddable":true,"href":"https:\/\/www.europesays.com\/fr\/wp-json\/wp\/v2\/users\/2"}],"replies":[{"embeddable":true,"href":"https:\/\/www.europesays.com\/fr\/wp-json\/wp\/v2\/comments?post=346665"}],"version-history":[{"count":0,"href":"https:\/\/www.europesays.com\/fr\/wp-json\/wp\/v2\/posts\/346665\/revisions"}],"wp:featuredmedia":[{"embeddable":true,"href":"https:\/\/www.europesays.com\/fr\/wp-json\/wp\/v2\/media\/346666"}],"wp:attachment":[{"href":"https:\/\/www.europesays.com\/fr\/wp-json\/wp\/v2\/media?parent=346665"}],"wp:term":[{"taxonomy":"category","embeddable":true,"href":"https:\/\/www.europesays.com\/fr\/wp-json\/wp\/v2\/categories?post=346665"},{"taxonomy":"post_tag","embeddable":true,"href":"https:\/\/www.europesays.com\/fr\/wp-json\/wp\/v2\/tags?post=346665"}],"curies":[{"name":"wp","href":"https:\/\/api.w.org\/{rel}","templated":true}]}}