{"id":346667,"date":"2025-08-27T03:39:11","date_gmt":"2025-08-27T03:39:11","guid":{"rendered":"https:\/\/www.europesays.com\/fr\/346667\/"},"modified":"2025-08-27T03:39:11","modified_gmt":"2025-08-27T03:39:11","slug":"formule-1-le-pilote-indycar-alex-palou-dement-les-rumeurs-lenvoyant-chez-red-bull","status":"publish","type":"post","link":"https:\/\/www.europesays.com\/fr\/346667\/","title":{"rendered":"Formule 1 | Le pilote IndyCar Alex Palou d\u00e9ment les rumeurs l\u2019envoyant chez Red\u00a0Bull"},"content":{"rendered":"<p class=\"lead textModule textModule--type-lead \" style=\"\">Le quadruple champion d\u2019IndyCar Alex Palou et son patron ont fortement rejet\u00e9 les rumeurs selon lesquelles l\u2019\u00e9curie de Formule 1 Red\u00a0Bull souhaiterait lui offrir un contrat, mardi. <\/p>\n<p>                    Publi\u00e9 \u00e0 18\u00a0h\u00a010<\/p>\n<p>    <a class=\"print\" href=\"https:\/\/www.lapresse.ca\/sports\/course-automobile\/2025-08-26\/formule-1\/javascript:window.print();\" title=\"Imprimer la page\" rel=\"nofollow noopener\" target=\"_blank\"><\/p>\n<p>        <img loading=\"lazy\" decoding=\"async\" width=\"16\" height=\"18\" src=\"https:\/\/www.europesays.com\/fr\/wp-content\/uploads\/2025\/04\/share-icon.png\" alt=\"Partager\"\/><\/p>\n<p>\n                                    Jenna Fryer<\/p>\n<p>                                                    Associated Press<\/p>\n<p class=\"paragraph textModule textModule--type-paragraph \" style=\"\">Palou a d\u00e9clar\u00e9 qu\u2019il n\u2019avait jamais \u00e9t\u00e9 approch\u00e9 par qui que ce soit chez Red\u00a0Bull. L\u2019Espagnol s\u2019est m\u00eame demand\u00e9 s\u2019il ne s\u2019agissait pas d\u2019une tentative d\u00e9lib\u00e9r\u00e9e de ternir sa saison dominante en IndyCar. <\/p>\n<p class=\"paragraph textModule textModule--type-paragraph \" style=\"\">Palou a gagn\u00e9 huit des seize courses, dont les 500\u00a0miles d\u2019Indianapolis, et a remport\u00e9 son quatri\u00e8me titre en cinq ans alors qu\u2019il restait encore deux courses au calendrier. La campagne se terminera dimanche, \u00e0 Nashville. <\/p>\n<p class=\"paragraph textModule textModule--type-paragraph \" style=\"\">\u00ab\u00a0Il n\u2019y a rien eu, rien du tout, a d\u00e9clar\u00e9 Palou \u00e0 l\u2019Associated Press. Nous n\u2019avons rien entendu de qui que ce soit. La seule chose que j\u2019ai entendue, c\u2019est que c\u2019\u00e9tait le g\u00e9rant d\u2019un autre pilote d\u2019IndyCar qui voulait mon volant qui a lanc\u00e9 \u00e7a.\u00a0\u00bb <\/p>\n<p class=\"epigraph textModule textModule--type-epigraph \" style=\"\">Palou a \u00e9t\u00e9 au c\u0153ur d\u2019une dispute contractuelle entre l\u2019\u00e9curie d\u2019IndyCar Chip Ganassi et McLaren en 2023. Apr\u00e8s avoir remport\u00e9 le titre avec Ganassi en 2021, il a sign\u00e9 un contrat avec McLaren en 2022 pour rejoindre son \u00e9curie IndyCar et tenter sa chance avec l\u2019\u00e9quipe de F1. <\/p>\n<p class=\"paragraph textModule textModule--type-paragraph \" style=\"\">Ganassi s\u2019y est oppos\u00e9 puisque l\u2019\u00e9quipe avait un contrat valide avec Palou. Un m\u00e9diateur a tranch\u00e9 en faveur de Ganassi. Depuis, Palou a chang\u00e9 d\u2019id\u00e9e, de sorte que McLaren le poursuit pour 30\u00a0millions\u202fUS en raison d\u2019une rupture de contrat. <\/p>\n<p class=\"paragraph textModule textModule--type-paragraph \" style=\"\">Palou a remport\u00e9 son deuxi\u00e8me titre avec Ganassi en 2023, ann\u00e9e au cours de laquelle il a \u00e9galement \u00e9t\u00e9 pilote de r\u00e9serve pour McLaren et particip\u00e9 \u00e0 une s\u00e9ance d\u2019essais libres en F1. <\/p>\n<p class=\"paragraph textModule textModule--type-paragraph \" style=\"\">Interrog\u00e9 mardi sur les rumeurs, Ganassi a ni\u00e9 en bloc.\u00a0\u00a0<\/p>\n<p class=\"paragraph textModule textModule--type-paragraph \" style=\"\">\u00ab\u00a0J\u2019ai lu \u00e7a moi-m\u00eame. Personne n\u2019y \u00e9tait cit\u00e9. J\u2019ai parl\u00e9 \u00e0 Palou. Il a dit n\u2019avoir jamais parl\u00e9 \u00e0 personne, a d\u00e9clar\u00e9 Ganassi. J\u2019ai parl\u00e9 \u00e0 son g\u00e9rant. Il n\u2019est pas au courant. Moi non plus. Je pense que c\u2019est une histoire de pi\u00e8ge \u00e0 clics.\u00a0\u00bb <\/p>\n","protected":false},"excerpt":{"rendered":"Le quadruple champion d\u2019IndyCar Alex Palou et son patron ont fortement rejet\u00e9 les rumeurs selon lesquelles l\u2019\u00e9curie de&hellip;\n","protected":false},"author":2,"featured_media":346668,"comment_status":"","ping_status":"","sticky":false,"template":"","format":"standard","meta":{"footnotes":""},"categories":[1412],"tags":[1451,1452,1453,1454,1455,1011,27,60],"class_list":{"0":"post-346667","1":"post","2":"type-post","3":"status-publish","4":"format-standard","5":"has-post-thumbnail","7":"category-f1","8":"tag-f1","9":"tag-formula-1","10":"tag-formula1","11":"tag-formule-1","12":"tag-formule1","13":"tag-fr","14":"tag-france","15":"tag-sports"},"share_on_mastodon":{"url":"https:\/\/pubeurope.com\/@fr\/115098652809625322","error":""},"_links":{"self":[{"href":"https:\/\/www.europesays.com\/fr\/wp-json\/wp\/v2\/posts\/346667","targetHints":{"allow":["GET"]}}],"collection":[{"href":"https:\/\/www.europesays.com\/fr\/wp-json\/wp\/v2\/posts"}],"about":[{"href":"https:\/\/www.europesays.com\/fr\/wp-json\/wp\/v2\/types\/post"}],"author":[{"embeddable":true,"href":"https:\/\/www.europesays.com\/fr\/wp-json\/wp\/v2\/users\/2"}],"replies":[{"embeddable":true,"href":"https:\/\/www.europesays.com\/fr\/wp-json\/wp\/v2\/comments?post=346667"}],"version-history":[{"count":0,"href":"https:\/\/www.europesays.com\/fr\/wp-json\/wp\/v2\/posts\/346667\/revisions"}],"wp:featuredmedia":[{"embeddable":true,"href":"https:\/\/www.europesays.com\/fr\/wp-json\/wp\/v2\/media\/346668"}],"wp:attachment":[{"href":"https:\/\/www.europesays.com\/fr\/wp-json\/wp\/v2\/media?parent=346667"}],"wp:term":[{"taxonomy":"category","embeddable":true,"href":"https:\/\/www.europesays.com\/fr\/wp-json\/wp\/v2\/categories?post=346667"},{"taxonomy":"post_tag","embeddable":true,"href":"https:\/\/www.europesays.com\/fr\/wp-json\/wp\/v2\/tags?post=346667"}],"curies":[{"name":"wp","href":"https:\/\/api.w.org\/{rel}","templated":true}]}}