{"id":346669,"date":"2025-08-27T03:40:18","date_gmt":"2025-08-27T03:40:18","guid":{"rendered":"https:\/\/www.europesays.com\/fr\/346669\/"},"modified":"2025-08-27T03:40:18","modified_gmt":"2025-08-27T03:40:18","slug":"vuelta-tour-despagne-jasper-philipsen-il-faudra-analyser-tout-ca-mais","status":"publish","type":"post","link":"https:\/\/www.europesays.com\/fr\/346669\/","title":{"rendered":"Vuelta. Tour d&rsquo;Espagne &#8211; Jasper Philipsen : \u00abIl faudra analyser tout \u00e7a, mais&#8230;\u00bb"},"content":{"rendered":"<p>L&rsquo;\u00e9tape la plus longue de cette <strong><a href=\"https:\/\/www.cyclismactu.net\/..\/news-vuelta-route-tour-d-espagne-ben-turner-4e-etape-philipsen-battu-david-gaudu-en-rouge-89804.html\" target=\"_blank\" rel=\"nofollow noopener\">Vuelta<\/a><\/strong>, c&rsquo;\u00e9tait ce mardi 26 ao\u00fbt avec au programme plus de 206 kilom\u00e8tres entre Susa (Italie) et Voiron (France). Le grandissime favori de cette \u00e9tape, le Belge <strong>Jasper Philipsen<\/strong> (Alpecin-Deceuninck), pouvait r\u00e9it\u00e9rer sa performance de la premi\u00e8re \u00e9tape, mais il est tomb\u00e9 sur un os : le Britannique <strong><a href=\"https:\/\/www.cyclismactu.net\/..\/news-vuelta-route-tour-d-espagne-ben-turner-emu-c-est-une-semaine-de-fou-vraiment-89809.html\" target=\"_blank\" rel=\"nofollow noopener\">Ben Turner<\/a><\/strong> (INEOS Grenadiers), qui a devanc\u00e9 le duo belge <strong>Philipsen<\/strong> et <strong>Planckaert<\/strong> (Alpecin-Deceuninck). Au bout de cette arriv\u00e9e situ\u00e9e au pied de la cath\u00e9drale de Voiron, le Limbourgeois s&rsquo;est exprim\u00e9 au micro de divers m\u00e9dias sur ses sensations durant cette \u00e9tape.<\/p>\n<p>Vid\u00e9o &#8211; Jasper Philipsen, \u00e0 l&rsquo;arriv\u00e9e de cette 4e \u00e9tape Lire la suite de l&rsquo;article&#13;<\/p>\n<p>\u00a0<\/p>\n<p>&#13;<br \/>\n\u00ab\u00a0Les jambes parlaient d\u2019elles-m\u00eames&#8230;\u00a0\u00bb&#13;<\/p>\n<p>\u00ab\u00a0Edouard [Planckaert] \u00e9tait vraiment tr\u00e8s fort aujourd\u2019hui\u00a0\u00bb, d\u00e9bute le Limbourgeois. \u00ab\u00a0Je voulais lancer le sprint depuis la gauche, mais avec tout le bruit des spectateurs, il ne m\u2019a pas entendu et il \u00e9tait encore assez loin. J\u2019ai perdu un peu de vitesse et d\u2019\u00e9lan, et je n\u2019ai pas fait le meilleur tour non plus. La ligne d&rsquo;arriv\u00e9e n\u2019\u00e9tait pas compl\u00e8tement en ligne droite, ce qui rendait les d\u00e9passements plus difficiles. Il faudra analyser tout \u00e7a, mais je n&rsquo;avais pas de bonnes sensations. Je n&rsquo;\u00e9tais pas assez bien pour conclure, et les jambes parlaient d\u2019elles-m\u00eames\u00a0\u00bb, explique-t-il.<\/p>\n<p>&#13;<\/p>\n<p>\u00ab\u00a0Le d\u00e9but de l&rsquo;\u00e9tape a \u00e9t\u00e9 assez intense, avec une premi\u00e8re mont\u00e9e difficile o\u00f9 l\u2019\u00e9chapp\u00e9e s\u2019est form\u00e9e. Ensuite, le peloton a roul\u00e9 \u00e0 un bon rythme, sans forcer, et ils ont bien contr\u00f4l\u00e9 le premier sprint. Dans les trois derniers kilom\u00e8tres, c\u2019\u00e9tait vraiment fou. Edouard a encore montr\u00e9 sa force, mais malheureusement je n\u2019ai pas pu terminer le travail. Il y a peu d&rsquo;opportunit\u00e9s pour moi sur cette Vuelta, c\u2019est une \u00e9dition tr\u00e8s montagneuse, mais c\u2019est comme \u00e7a\u00a0\u00bb, conclut <strong>Jasper Philipsen<\/strong>.<\/p>\n<p>Tour d&rsquo;Espagne &#8211; Classement de la 4\u00e8 \u00e9tape Tour d&rsquo;Espagne &#8211; Classement g\u00e9n\u00e9ral provisoire apr\u00e8s la 4\u00e8 \u00e9tape<\/p>\n","protected":false},"excerpt":{"rendered":"L&rsquo;\u00e9tape la plus longue de cette Vuelta, c&rsquo;\u00e9tait ce mardi 26 ao\u00fbt avec au programme plus de 206&hellip;\n","protected":false},"author":2,"featured_media":346670,"comment_status":"","ping_status":"","sticky":false,"template":"","format":"standard","meta":{"footnotes":""},"categories":[1411],"tags":[1154,207,1011,27,209,60,3318,208],"class_list":{"0":"post-346669","1":"post","2":"type-post","3":"status-publish","4":"format-standard","5":"has-post-thumbnail","7":"category-cyclisme","8":"tag-cycling","9":"tag-cyclisme","10":"tag-fr","11":"tag-france","12":"tag-route","13":"tag-sports","14":"tag-tour-d","15":"tag-velo"},"share_on_mastodon":{"url":"https:\/\/pubeurope.com\/@fr\/115098656681072593","error":""},"_links":{"self":[{"href":"https:\/\/www.europesays.com\/fr\/wp-json\/wp\/v2\/posts\/346669","targetHints":{"allow":["GET"]}}],"collection":[{"href":"https:\/\/www.europesays.com\/fr\/wp-json\/wp\/v2\/posts"}],"about":[{"href":"https:\/\/www.europesays.com\/fr\/wp-json\/wp\/v2\/types\/post"}],"author":[{"embeddable":true,"href":"https:\/\/www.europesays.com\/fr\/wp-json\/wp\/v2\/users\/2"}],"replies":[{"embeddable":true,"href":"https:\/\/www.europesays.com\/fr\/wp-json\/wp\/v2\/comments?post=346669"}],"version-history":[{"count":0,"href":"https:\/\/www.europesays.com\/fr\/wp-json\/wp\/v2\/posts\/346669\/revisions"}],"wp:featuredmedia":[{"embeddable":true,"href":"https:\/\/www.europesays.com\/fr\/wp-json\/wp\/v2\/media\/346670"}],"wp:attachment":[{"href":"https:\/\/www.europesays.com\/fr\/wp-json\/wp\/v2\/media?parent=346669"}],"wp:term":[{"taxonomy":"category","embeddable":true,"href":"https:\/\/www.europesays.com\/fr\/wp-json\/wp\/v2\/categories?post=346669"},{"taxonomy":"post_tag","embeddable":true,"href":"https:\/\/www.europesays.com\/fr\/wp-json\/wp\/v2\/tags?post=346669"}],"curies":[{"name":"wp","href":"https:\/\/api.w.org\/{rel}","templated":true}]}}