{"id":346671,"date":"2025-08-27T03:41:10","date_gmt":"2025-08-27T03:41:10","guid":{"rendered":"https:\/\/www.europesays.com\/fr\/346671\/"},"modified":"2025-08-27T03:41:10","modified_gmt":"2025-08-27T03:41:10","slug":"un-club-en-discussion-pour-dylan-batubinsika","status":"publish","type":"post","link":"https:\/\/www.europesays.com\/fr\/346671\/","title":{"rendered":"un club en discussion pour Dylan Batubinsika"},"content":{"rendered":"<p>Titularis\u00e9 \u00e0 25 reprises la saison pass\u00e9e, <a href=\"https:\/\/www.footmercato.net\/joueur\/dylan-batubinsika\/\" rel=\"nofollow noopener\" target=\"_blank\">Dylan Batubinsika<\/a> n\u2019a pas vraiment r\u00e9ussi \u00e0 se mettre en \u00e9vidence au sein de l\u2019une des pires d\u00e9fenses de Ligue 1. Pouss\u00e9 vers la sortie par l\u2019AS Saint-Etienne, le d\u00e9fenseur international congolais, qui n\u2019a plus jou\u00e9 depuis le 5 juin dernier et un match face au Mali (1-0), est en partance. <\/p>\n<p>            La suite apr\u00e8s cette publicit\u00e9<\/p>\n<p>Selon des sources turques, l\u2019ancien du Maccabi Ha\u00effa, dont le nom a \u00e9t\u00e9 \u00e9voqu\u00e9 en d\u00e9but de mercato du c\u00f4t\u00e9 du Panathina\u00efkos, est en discussion avec le club turc de <a href=\"https:\/\/www.footmercato.net\/club\/kocaelispor-kulubu\/\" rel=\"nofollow noopener\" target=\"_blank\">Kocaelispor<\/a>, actuel 17e de <a href=\"https:\/\/www.footmercato.net\/turquie\/super-lig\/\" rel=\"nofollow noopener\" target=\"_blank\">S\u00fcper Lig<\/a>. Si Batubinsika a donn\u00e9 son feu vert, les modalit\u00e9s de l\u2019op\u00e9ration sont en cours. Mais Saint-Etienne prend son temps, ce qui agace la formation turque qui a activ\u00e9 d\u2019autres pistes en cas d\u2019\u00e9chec de la venue du d\u00e9fenseur st\u00e9phanois. A suivre. <\/p>\n<p>\n    Pub. le 26\/08\/2025 23:45<br \/>\n            &#8211; MAJ le 27\/08\/2025 02:39\n    <\/p>\n","protected":false},"excerpt":{"rendered":"Titularis\u00e9 \u00e0 25 reprises la saison pass\u00e9e, Dylan Batubinsika n\u2019a pas vraiment r\u00e9ussi \u00e0 se mettre en \u00e9vidence&hellip;\n","protected":false},"author":2,"featured_media":346672,"comment_status":"","ping_status":"","sticky":false,"template":"","format":"standard","meta":{"footnotes":""},"categories":[1410],"tags":[63,1011,27,60],"class_list":{"0":"post-346671","1":"post","2":"type-post","3":"status-publish","4":"format-standard","5":"has-post-thumbnail","7":"category-football","8":"tag-football","9":"tag-fr","10":"tag-france","11":"tag-sports"},"share_on_mastodon":{"url":"https:\/\/pubeurope.com\/@fr\/115098660761915011","error":""},"_links":{"self":[{"href":"https:\/\/www.europesays.com\/fr\/wp-json\/wp\/v2\/posts\/346671","targetHints":{"allow":["GET"]}}],"collection":[{"href":"https:\/\/www.europesays.com\/fr\/wp-json\/wp\/v2\/posts"}],"about":[{"href":"https:\/\/www.europesays.com\/fr\/wp-json\/wp\/v2\/types\/post"}],"author":[{"embeddable":true,"href":"https:\/\/www.europesays.com\/fr\/wp-json\/wp\/v2\/users\/2"}],"replies":[{"embeddable":true,"href":"https:\/\/www.europesays.com\/fr\/wp-json\/wp\/v2\/comments?post=346671"}],"version-history":[{"count":0,"href":"https:\/\/www.europesays.com\/fr\/wp-json\/wp\/v2\/posts\/346671\/revisions"}],"wp:featuredmedia":[{"embeddable":true,"href":"https:\/\/www.europesays.com\/fr\/wp-json\/wp\/v2\/media\/346672"}],"wp:attachment":[{"href":"https:\/\/www.europesays.com\/fr\/wp-json\/wp\/v2\/media?parent=346671"}],"wp:term":[{"taxonomy":"category","embeddable":true,"href":"https:\/\/www.europesays.com\/fr\/wp-json\/wp\/v2\/categories?post=346671"},{"taxonomy":"post_tag","embeddable":true,"href":"https:\/\/www.europesays.com\/fr\/wp-json\/wp\/v2\/tags?post=346671"}],"curies":[{"name":"wp","href":"https:\/\/api.w.org\/{rel}","templated":true}]}}