{"id":346673,"date":"2025-08-27T03:42:10","date_gmt":"2025-08-27T03:42:10","guid":{"rendered":"https:\/\/www.europesays.com\/fr\/346673\/"},"modified":"2025-08-27T03:42:10","modified_gmt":"2025-08-27T03:42:10","slug":"gauthier-le-bret-trahi-par-elisabeth-levy-elle-balance-u","status":"publish","type":"post","link":"https:\/\/www.europesays.com\/fr\/346673\/","title":{"rendered":"Gauthier Le Bret trahi par Elisabeth L\u00e9vy, elle balance u &#8230;"},"content":{"rendered":"<p>EN BREF<\/p>\n<ul class=\"bloc_resume_post_list\">\n<li>En ao\u00fbt, Gauthier Le Bret et \u00c9lo\u00efse ont accueilli leur<br \/>\npremier enfant, gardant le pr\u00e9nom secret pour pr\u00e9server leur<br \/>\nintimit\u00e9.<\/li>\n<li>Le 24 ao\u00fbt, lors d\u00a0\u00bbune \u00e9mission sur CNews, \u00c9lisabeth L\u00e9vy<br \/>\na r\u00e9v\u00e9l\u00e9 le pr\u00e9nom du b\u00e9b\u00e9 en direct, provoquant des<br \/>\nr\u00e9actions.<\/li>\n<li>Malgr\u00e9 cette gaffe, Gauthier Le Bret partage son bonheur<br \/>\nde jeune papa sur Instagram, affichant une complicit\u00e9<br \/>\nfamiliale.<\/li>\n<\/ul>\n<p data-start=\"530\" data-end=\"866\">Courant ao\u00fbt, <a href=\"https:\/\/www.telestar.fr\/actu_tv\/le-petit-scarabee-va-pascal-praud-ironique-un-proche-de-cyril-hanouna-prend-du-galon-sur-cnews-1703945\" target=\"_blank\" rel=\"noopener\"><br \/>\nGauthier Le Bret<\/a> est devenu <a href=\"https:\/\/www.telestar.fr\/people\/gauthier-le-bret-papa-pour-la-premiere-fois-le-complice-de-cyril-hanouna-devoile-une-toute-premiere-photo-1735371\" target=\"_blank\" rel=\"noopener\"><br \/>\npapa<\/a> pour la premi\u00e8re fois. Un bonheur <strong>qu\u2019il a partag\u00e9<br \/>\nsur Instagram<\/strong> avec une photo attendrissante mais sans<br \/>\nd\u00e9voiler le pr\u00e9nom du nouveau-n\u00e9. Avec <strong>son \u00e9pouse<br \/>\n\u00c9lo\u00efse<\/strong>, ils avaient choisi de pr\u00e9server un peu d\u2019intimit\u00e9.<br \/>\nUn choix que beaucoup de personnalit\u00e9s font pour prot\u00e9ger leur vie<br \/>\npriv\u00e9e.<\/p>\n<p data-start=\"868\" data-end=\"1191\">Sauf que le secret a vol\u00e9 en<br \/>\n\u00e9clats. Ce dimanche 24 ao\u00fbt, alors qu\u2019il faisait une apparition en<br \/>\nvisioconf\u00e9rence dans <a href=\"https:\/\/www.telestar.fr\/actu_tv\/cnews-pascal-praud-epingle-au-coeur-de-lete-une-sequence-dans-le-collimateur-de-larcom-1735025\" target=\"_blank\" rel=\"noopener\"><br \/>\nL\u2019heure des pros 2 \u00e9t\u00e9<\/a> sur <a href=\"https:\/\/www.telestar.fr\/actu_tv\/pascal-praud-perd-deux-chroniqueurs-stars-ils-abandonnent-cnews-pour-la-concurrence-1735471\" target=\"_blank\" rel=\"noopener\"><br \/>\nCNews<\/a>, le journaliste a vu <strong>l\u2019information r\u00e9v\u00e9l\u00e9e en<br \/>\ndirect<\/strong> par une de ses coll\u00e8gues. Un moment \u00e0 la fois dr\u00f4le<br \/>\net g\u00eanant, qui a aussit\u00f4t provoqu\u00e9 des r\u00e9actions sur le<br \/>\nplateau.<\/p>\n<p>\u00c9lisabeth L\u00e9vy vend la m\u00e8che en direct !<\/p>\n<p data-start=\"1234\" data-end=\"1646\">Install\u00e9 depuis son domicile,<br \/>\nGauthier Le Bret prend la parole avec \u00e9motion. \u00ab\u00a0Vous avez eu un merveilleux \u00e9t\u00e9,<br \/>\nf\u00e9licitations de la part de nos invit\u00e9s et \u00e0 la maman d\u2019abord, et<br \/>\nau b\u00e9b\u00e9 ensuite\u00a0\u00bb, lance-t-il en guise d\u2019introduction. Tout se<br \/>\npasse bien jusqu\u2019\u00e0 ce qu\u2019<a href=\"https:\/\/www.telestar.fr\/actu-tv\/l-heure-des-pros-la-suggestion-ultra-provocatrice-d-elisabeth-levy-pour-les-femmes-musulmanes-548557\" target=\"_blank\" rel=\"noopener\">\u00c9lisabeth<br \/>\nL\u00e9vy<\/a>, chroniqueuse r\u00e9guli\u00e8re, ajoute d\u2019une voix malicieuse :<br \/>\n<strong>\u00ab\u00a0Et au petit<br \/>\nMarcel\u00a0\u00bb.<\/strong> Et voil\u00e0, le secret bien gard\u00e9 tombe \u00e0<br \/>\nl\u2019antenne.<\/p>\n<p data-start=\"1648\" data-end=\"2213\">Surpris mais amus\u00e9, le<br \/>\njournaliste r\u00e9agit aussit\u00f4t : \u00ab\u00a0Ah bah voil\u00e0, \u00e7a y est, le nom de Marcel est public. Je me<br \/>\ndemandais combien de temps \u00e7a allait tenir avec ma femme, c\u2019est<br \/>\nfait\u00a0\u00bb. Dans le studio, Thierry Cabannes, qui pr\u00e9sentait<br \/>\nl\u2019\u00e9mission, <strong>l\u00e2che alors un \u00ab\u00a0La boulette !\u00a0\u00bb<\/strong> qui r\u00e9sume parfaitement la<br \/>\nsituation. Rouge de honte, \u00c9lisabeth L\u00e9vy s\u2019excuse dans la foul\u00e9e :<br \/>\n\u00ab\u00a0Pardonnez-moi, j\u2019ignorais<br \/>\nqu\u2019il \u00e9tait priv\u00e9, je suis d\u00e9sol\u00e9e\u00a0\u00bb. Une gaffe en direct qui a<br \/>\namus\u00e9 le public, mais qui a l\u00e9g\u00e8rement \u00e9corn\u00e9 la volont\u00e9 du couple<br \/>\nde garder ce d\u00e9tail pour eux.<\/p>\n<blockquote class=\"instagram-media\" style=\"background: #ffffff;border: 0;margin: 1px;width: 100%;padding: 0;max-width: 500px;\" data-instgrm-permalink=\"https:\/\/www.instagram.com\/p\/DMas7e9IA4D\/?hl=fr\" data-instgrm-version=\"14\"\/><p>\nGauthier Le Bret, jeune papa combl\u00e9&#8230;<br \/>\nmalgr\u00e9 la gaffe<\/p>\n<p data-start=\"2258\" data-end=\"2629\">Cette petite r\u00e9v\u00e9lation ne<br \/>\nternit en rien le bonheur de Gauthier Le Bret. Sur Instagram, il<br \/>\npartage r\u00e9guli\u00e8rement des images de son nouveau quotidien. Le 21<br \/>\nao\u00fbt, il publiait une story o\u00f9 on le voyait <strong>aux c\u00f4t\u00e9s<br \/>\nd\u2019\u00c9lo\u00efse et de leur b\u00e9b\u00e9<\/strong>, paisiblement install\u00e9 dans sa<br \/>\npoussette. En l\u00e9gende, sa compagne \u00e9crivait simplement<br \/>\n\u00ab\u00a0Mifa\u00a0\u00bb, clin d\u2019\u0153il affectueux au mot \u00ab\u00a0famille\u00a0\u00bb.<\/p>\n<p data-start=\"2631\" data-end=\"3105\">Jeune papa plein d\u2019humour, le<br \/>\njournaliste s\u2019amuse aussi de son nouveau r\u00f4le. Dans une photo, lui<br \/>\net sa femme portent des casquettes assorties : \u00ab\u00a0mama\u00a0\u00bb pour elle et<br \/>\n\u00ab\u00a0dad\u00a0\u00bb pour lui. \u00ab\u00a010\/10 sur<br \/>\nl\u2019\u00e9chelle de la niaiserie\u00a0\u00bb, ironisait-il en l\u00e9gende, heureux<br \/>\nd\u2019afficher cette complicit\u00e9. Une joie simple et authentique, malgr\u00e9<br \/>\nune discr\u00e9tion envol\u00e9e plus vite que pr\u00e9vu, d\u00e9j\u00e0 bris\u00e9e une<br \/>\npremi\u00e8re fois par <a href=\"https:\/\/www.telestar.fr\/people\/gauthier-le-bret-bientot-papa-apres-la-bourde-de-cyril-hanouna-il-ne-casse-rien-de-son-bonheur-1725460\" target=\"_blank\" rel=\"noopener\"><br \/>\nCyril Hanouna,<\/a> qui avait r\u00e9v\u00e9l\u00e9 sa paternit\u00e9 \u00e0 l\u2019antenne en mai<br \/>\ndernier.<\/p>\n<p><script async src=\"\/\/www.instagram.com\/embed.js\"><\/script><\/p>\n","protected":false},"excerpt":{"rendered":"EN BREF En ao\u00fbt, Gauthier Le Bret et \u00c9lo\u00efse ont accueilli leur premier enfant, gardant le pr\u00e9nom secret&hellip;\n","protected":false},"author":2,"featured_media":346674,"comment_status":"","ping_status":"","sticky":false,"template":"","format":"standard","meta":{"footnotes":""},"categories":[1359],"tags":[548,9722,58,59,1011,27,973],"class_list":{"0":"post-346673","1":"post","2":"type-post","3":"status-publish","4":"format-standard","5":"has-post-thumbnail","7":"category-people","8":"tag-article-simple","9":"tag-cnews","10":"tag-divertissement","11":"tag-entertainment","12":"tag-fr","13":"tag-france","14":"tag-people"},"share_on_mastodon":{"url":"https:\/\/pubeurope.com\/@fr\/115098664556006337","error":""},"_links":{"self":[{"href":"https:\/\/www.europesays.com\/fr\/wp-json\/wp\/v2\/posts\/346673","targetHints":{"allow":["GET"]}}],"collection":[{"href":"https:\/\/www.europesays.com\/fr\/wp-json\/wp\/v2\/posts"}],"about":[{"href":"https:\/\/www.europesays.com\/fr\/wp-json\/wp\/v2\/types\/post"}],"author":[{"embeddable":true,"href":"https:\/\/www.europesays.com\/fr\/wp-json\/wp\/v2\/users\/2"}],"replies":[{"embeddable":true,"href":"https:\/\/www.europesays.com\/fr\/wp-json\/wp\/v2\/comments?post=346673"}],"version-history":[{"count":0,"href":"https:\/\/www.europesays.com\/fr\/wp-json\/wp\/v2\/posts\/346673\/revisions"}],"wp:featuredmedia":[{"embeddable":true,"href":"https:\/\/www.europesays.com\/fr\/wp-json\/wp\/v2\/media\/346674"}],"wp:attachment":[{"href":"https:\/\/www.europesays.com\/fr\/wp-json\/wp\/v2\/media?parent=346673"}],"wp:term":[{"taxonomy":"category","embeddable":true,"href":"https:\/\/www.europesays.com\/fr\/wp-json\/wp\/v2\/categories?post=346673"},{"taxonomy":"post_tag","embeddable":true,"href":"https:\/\/www.europesays.com\/fr\/wp-json\/wp\/v2\/tags?post=346673"}],"curies":[{"name":"wp","href":"https:\/\/api.w.org\/{rel}","templated":true}]}}