{"id":346675,"date":"2025-08-27T03:43:16","date_gmt":"2025-08-27T03:43:16","guid":{"rendered":"https:\/\/www.europesays.com\/fr\/346675\/"},"modified":"2025-08-27T03:43:16","modified_gmt":"2025-08-27T03:43:16","slug":"une-salle-baptisee-du-nom-de-francis-gueho-lhomme-a-la-mariniere-pres-de-dieppe","status":"publish","type":"post","link":"https:\/\/www.europesays.com\/fr\/346675\/","title":{"rendered":"Une salle baptis\u00e9e du nom de Francis Gu\u00e9ho, l&rsquo;homme \u00e0 la marini\u00e8re pr\u00e8s de Dieppe"},"content":{"rendered":"<p>            Par<br \/>\n        <strong><br \/>\n            <a href=\"https:\/\/actu.fr\/auteur\/informations-dieppoises\" title=\"Consulter tous les articles de R\u00e9daction Dieppe\" rel=\"nofollow noopener\" target=\"_blank\">R\u00e9daction Dieppe<\/a><br \/>\n        <\/strong><\/p>\n<p>        Publi\u00e9 le<\/p>\n<p>            26 ao\u00fbt 2025 \u00e0 11h26        <\/p>\n<p>Dimanche 17 ao\u00fbt 2025, une c\u00e9r\u00e9monie pleine d\u2019\u00e9motion s\u2019est d\u00e9roul\u00e9e \u00e0 Berneval-le-Grand\/<a href=\"https:\/\/actu.fr\/normandie\/petit-caux_76618\" rel=\"nofollow noopener\" target=\"_blank\">Petit-Caux (Seine-Maritime).<\/a> Un moment rare, celui du bapt\u00eame d\u2019une salle. D\u00e9sormais, ce lieu porte le nom de<b> Francis Gu\u00e9ho.<\/b><\/p>\n<p class=\" wall-content\">V\u00eatu de sa marini\u00e8re et de sa casquette de marin, tr\u00e8s souvent accompagn\u00e9 de son \u00e9pouse \u00c9lisabeth, Francis Gu\u00e9ho \u00e9tait une figure bernevalaise.<\/p>\n<p class=\" wall-content\"><b>N\u00e9 en 1944, \u00e0 Saint-Martin-en-Campagne<\/b>, il a pass\u00e9 l\u2019essentiel de son existence sur le territoire de Petit-Caux, avant de faire briller une nouvelle \u00e9toile dans le ciel en 2021.<\/p>\n<p class=\" wall-content\"><b>Artisan peintre de formation<\/b>, l\u2019homme \u00e9tait aussi un<b> artiste autodidacte.<\/b> Il aimait peindre, mais se passionnait surtout pour le pastel. Nombreuses sont ses \u0153uvres qui jalonnent les \u00e9difices locaux : la chapelle de Bonsecours, la st\u00e8le du Mekn\u00e8s, la<b> fresque des Polletais<\/b> \u00e0 Dieppe.<\/p>\n<p>Un peintre amateur passionn\u00e9 d\u2019histoire<\/p>\n<p class=\" wall-content\">\u00ab Francis n\u2019aimait pas le terme de peintre autodidacte, il pr\u00e9f\u00e9rait celui de <b>peintre amateur<\/b> \u00bb, pr\u00e9cise \u00c9lisabeth Gu\u00e9ho. Ces qualit\u00e9s artistiques \u00e9taient reconnues de tous, \u00e0 tel point qu\u2019il a anim\u00e9 un atelier de peinture pendant 28\u00a0ans.<\/p>\n<p class=\" wall-content\">Mais Francis Gueho, c\u2019est aussi la <b>passion pour l\u2019histoire<\/b>, notamment de Berneval, et du raid du 19 ao\u00fbt 1942.<\/p>\n<p>Vid\u00e9os : en ce moment sur Actu<\/p>\n<p class=\" wall-content\">Il a d\u2019ailleurs \u00e9crit plusieurs livres sur ces deux th\u00e9matiques.<\/p>\n<p>    <img   decoding=\"async\" loading=\"lazy\" class=\"size-large\" src=\"https:\/\/www.europesays.com\/fr\/wp-content\/uploads\/2025\/08\/a1490f2e22a86c5490f2e22a899490v-960x640.jpg\" alt=\"Une grande maquette de Berneval est dans la salle.\" width=\"960\" height=\"640\"\/><br \/>\n    Une grande maquette de Berneval a \u00e9t\u00e9 install\u00e9e dans la salle. \u00a9Les Informations dieppoises<\/p>\n<p>Votre r\u00e9gion, votre actu !<\/p>\n<p>Recevez chaque jour les infos qui comptent pour vous.<\/p>\n<p>\t<a href=\"https:\/\/actu.fr\/newsletter\" class=\"ac-btn ac-btn--corner ac-btn--medium ac-btn--blue800\" rel=\"nofollow noopener\" target=\"_blank\">S&rsquo;incrire<\/a><\/p>\n<p class=\" wall-content\">Cette passion pour l\u2019histoire locale l\u2019a conduit \u00e0 organiser une rencontre avec le petit-fils d\u2019Oscar Wilde, Merlin Hollande, en 1997. Pour l\u2019anecdote, cette rencontre s\u2019est d\u00e9roul\u00e9e \u00e0 <b>l\u2019ambassade d\u2019Irlande<\/b> \u00e0 Paris et Francis a d\u00fb se r\u00e9soudre \u00e0 abandonner sa marini\u00e8re pour un costume achet\u00e9 sp\u00e9cialement pour l\u2019occasion. Mais il avait gard\u00e9\u2026 la casquette.<\/p>\n<p>\u00ab Francis a fait l\u2019histoire \u00bb<\/p>\n<p class=\" wall-content\">\u00ab Francis \u00e9tait <b>un artiste g\u00e9n\u00e9reux, <\/b>passionn\u00e9 d\u2019histoire locale et de sa r\u00e9gion \u00bb, souligne Patrice Philippe, le maire de Petit-Caux. L\u2019\u00e9lu s\u2019est r\u00e9joui du grand nombre de personnes venues pour cette c\u00e9r\u00e9monie : \u00ab S\u2019il y a tant de monde ce soir, c\u2019est parce que Francis a fait l\u2019histoire et qu\u2019il \u00e9tait un homme sans histoire \u00bb, dit-il.<\/p>\n<p class=\" wall-content\">D\u00e9sormais,<b> une salle lui est d\u00e9di\u00e9e<\/b>.<\/p>\n<p class=\" wall-content\">Elle est situ\u00e9e <b>derri\u00e8re la mairie d\u00e9l\u00e9gu\u00e9e<\/b>, o\u00f9 se trouve sa fid\u00e8le tenue de marini\u00e8re, mais aussi de nombreuses cartes postales et documents sur Berneval-le-Grand, des instruments de musique de l\u2019\u00e9poque de la fanfare de Berneval et une maquette de Berneval en 1940.<\/p>\n<p class=\" wall-content\">\u00ab Cette salle, c\u2019est l\u2019histoire de la commune \u00bb, pr\u00e9cise le maire de Petit-Caux. Elle sera ouverte au public sur demande. L\u2019\u00e9pouse de Francis Gu\u00e9ho a soulign\u00e9 avec \u00e9motion : \u00ab \u00c0 l\u2019\u00e9poque, lorsque Francis a appris qu\u2019il aurait une salle \u00e0 son nom, il en a pleur\u00e9 d\u2019\u00e9motion \u00bb.<\/p>\n<p class=\" wall-content\">C\u2019est d\u00e9sormais chose faite, et il est certain que Francis, de l\u00e0-haut, a pu profiter de ce moment d\u2019\u00e9motion partag\u00e9, et que les notes <b>du duo de cornemuses<\/b> du groupe Celtik en Caux ont pu lui parvenir.<\/p>\n<p class=\" wall-content\">Personnalisez votre actualit\u00e9 en ajoutant vos villes et m\u00e9dias en favori avec <a href=\"https:\/\/moncompte.actu.fr\" title=\"D\u00e9couvez Mon Actu\" rel=\"nofollow noopener\" data-trk=\"{&quot;cta&quot;:{&quot;action&quot;:&quot;https:\\\/\\\/moncompte.actu.fr&quot;,&quot;category&quot;:&quot;mon compte&quot;,&quot;from&quot;:&quot;article footer&quot;,&quot;name&quot;:&quot;Mon actu&quot;,&quot;type&quot;:&quot;cta&quot;}}\" target=\"_blank\">Mon Actu<\/a>.<\/p>\n","protected":false},"excerpt":{"rendered":"Par R\u00e9daction Dieppe Publi\u00e9 le 26 ao\u00fbt 2025 \u00e0 11h26 Dimanche 17 ao\u00fbt 2025, une c\u00e9r\u00e9monie pleine d\u2019\u00e9motion&hellip;\n","protected":false},"author":2,"featured_media":346676,"comment_status":"","ping_status":"","sticky":false,"template":"","format":"standard","meta":{"footnotes":""},"categories":[1358],"tags":[1477,1348,1384,1385,1386,58,59,1011,27,937,104],"class_list":{"0":"post-346675","1":"post","2":"type-post","3":"status-publish","4":"format-standard","5":"has-post-thumbnail","7":"category-arts-et-design","8":"tag-artisanat","9":"tag-arts","10":"tag-arts-and-design","11":"tag-arts-et-design","12":"tag-design","13":"tag-divertissement","14":"tag-entertainment","15":"tag-fr","16":"tag-france","17":"tag-histoire","18":"tag-societe"},"share_on_mastodon":{"url":"https:\/\/pubeurope.com\/@fr\/115098668663766975","error":""},"_links":{"self":[{"href":"https:\/\/www.europesays.com\/fr\/wp-json\/wp\/v2\/posts\/346675","targetHints":{"allow":["GET"]}}],"collection":[{"href":"https:\/\/www.europesays.com\/fr\/wp-json\/wp\/v2\/posts"}],"about":[{"href":"https:\/\/www.europesays.com\/fr\/wp-json\/wp\/v2\/types\/post"}],"author":[{"embeddable":true,"href":"https:\/\/www.europesays.com\/fr\/wp-json\/wp\/v2\/users\/2"}],"replies":[{"embeddable":true,"href":"https:\/\/www.europesays.com\/fr\/wp-json\/wp\/v2\/comments?post=346675"}],"version-history":[{"count":0,"href":"https:\/\/www.europesays.com\/fr\/wp-json\/wp\/v2\/posts\/346675\/revisions"}],"wp:featuredmedia":[{"embeddable":true,"href":"https:\/\/www.europesays.com\/fr\/wp-json\/wp\/v2\/media\/346676"}],"wp:attachment":[{"href":"https:\/\/www.europesays.com\/fr\/wp-json\/wp\/v2\/media?parent=346675"}],"wp:term":[{"taxonomy":"category","embeddable":true,"href":"https:\/\/www.europesays.com\/fr\/wp-json\/wp\/v2\/categories?post=346675"},{"taxonomy":"post_tag","embeddable":true,"href":"https:\/\/www.europesays.com\/fr\/wp-json\/wp\/v2\/tags?post=346675"}],"curies":[{"name":"wp","href":"https:\/\/api.w.org\/{rel}","templated":true}]}}