{"id":346677,"date":"2025-08-27T03:44:12","date_gmt":"2025-08-27T03:44:12","guid":{"rendered":"https:\/\/www.europesays.com\/fr\/346677\/"},"modified":"2025-08-27T03:44:12","modified_gmt":"2025-08-27T03:44:12","slug":"23e-festival-du-livre-et-de-la-presse-decologie-conferences-paris","status":"publish","type":"post","link":"https:\/\/www.europesays.com\/fr\/346677\/","title":{"rendered":"23e Festival du Livre et de la presse d&rsquo;\u00e9cologie, Conf\u00e9rences Paris"},"content":{"rendered":"<p class=\"fw-bold font-size-16 my-1\"> Du 04\/10\/2025 au 05\/10\/2025<\/p>\n<p class=\"fw-bold font-size-16 my-1\"> <a class=\"mr-2\" href=\"https:\/\/www.jds.fr\/paris\/association-oeuvrant-pour-l-environnement\/academie-du-climat-22511_L\" rel=\"nofollow noopener\" target=\"_blank\">Acad\u00e9mie du Climat<\/a> | <a href=\"https:\/\/www.jds.fr\/paris\/\" rel=\"nofollow noopener\" target=\"_blank\">Paris<\/a><\/p>\n<p class=\"fw-bold font-size-16 my-1\"> Gratuit <\/p>\n<p>Pour sa 23e \u00e9dition, le Felip\u00e9 et l\u2019Acad\u00e9mie s\u2019associent \u00e0 nouveau le temps d\u2019un week-end. Pour les convaincu\u00b7es, simples curieux\u00b7ses et m\u00eame pour les enfants, il y aura\u00a0:<\/p>\n<ul>\n<li>une librairie g\u00e9ante,<\/li>\n<li>des tables rondes,<\/li>\n<li>des rencontres d\u2019auteu\u00b7rices,<\/li>\n<li>des ateliers cr\u00e9atifs,<\/li>\n<li>des projections,<\/li>\n<li>des lectures,<\/li>\n<li>des balades naturalistes,<\/li>\n<li>une fresque,<\/li>\n<li>une exposition\u2026<\/li>\n<li><strong>ET<\/strong> un salon avec une quarantaine de maisons d&rsquo;\u00e9ditions, d&rsquo;acteur\u00b7ices de la presse ind\u00e9pendante et d&rsquo;associations.<\/li>\n<\/ul>\n<p><a data-lightbox=\"article\" data-title=\"F\u00eate du livre \u00a9 getty images\" class=\"image detail fullwidth  position-relative d-block\" href=\"https:\/\/www.jds.fr\/medias\/image\/23e-festival-du-livre-et-de-la-presse-d-ecologie-701360-920-0-F.webp\" title=\"F\u00eate du livre \u00a9 getty images\" rel=\"nofollow noopener\" target=\"_blank\"><br \/>\n<img decoding=\"async\" loading=\"lazy\" src=\"https:\/\/www.europesays.com\/fr\/wp-content\/uploads\/2025\/08\/23e-festival-du-livre-et-de-la-presse-d-ecologie-701360-1200-0.webp.webp\"   width=\"685\" alt=\"F\u00eate du livre\" class=\"border\"\/><br \/>\n\u00a9 getty images<br \/>\nF\u00eate du livre<br \/>\n<\/a><\/p>\n<p>Venez rencontrer des auteur\u00b7ices engag\u00e9\u00b7es\u00a0: Quentin Ghesqui\u00e8re, Marine Calmet, Arthur Keller, Karine Jacquemart, Myriam Bahaffou, Jeanne Guien, Thomas Brail, Samuel Sauvage, Fran\u00e7oise Vernet\u2026<\/p>\n<p>Deux jours de festival, avec\u00a0:<\/p>\n<ul>\n<li>Un grand salon du livre et de la presse d&rsquo;\u00e9cologie, soit pr\u00e8s de 40 stands tenus par des maisons d\u2019\u00e9dition, des acteur\u00b7ices d\u2019une presse engag\u00e9e et des acteur\u00b7ices du monde associatif, ainsi qu\u2019une grande librairie \u00e9ph\u00e9m\u00e8re.<\/li>\n<li>8 tables rondes, 11 paroles d\u2019auteur\u00b7ices, des projections, des lectures, des balades naturalistes, des ateliers, des fresques, une exposition, une conf\u00e9rence-cont\u00e9e, etc.<\/li>\n<li>Des balades naturalistes, une fresque de la s\u00e9curit\u00e9 sociale de l\u2019alimentation, des ateliers d\u2019arpentage.<\/li>\n<li>Le Comedy Club de l\u2019adaptation, une sc\u00e8ne rap et po\u00e9sie, une exposition, un cabinet de lectures, etc.<\/li>\n<li>Une programmation d\u00e9di\u00e9e \u00e0 la jeunesse avec des ateliers cr\u00e9atifs, un quizz pour gagner des livres, des lectures\u2026<\/li>\n<\/ul>\n<p>Public\u00a0: enfants, jeunes et adultes.<\/p>\n<p class=\"text-italic font-size-12\">Cet \u00e9v\u00e9nement a \u00e9t\u00e9 renseign\u00e9 par un organisme institutionnel. Date de derni\u00e8re mise \u00e0 jour le 26\/08\/2025.<\/p>\n<p>            Renseignements<\/p>\n<p><strong class=\"font-size-18\">O\u00f9\u00a0:<\/strong><br \/><a class=\"mt-1 d-block \" href=\"https:\/\/www.jds.fr\/paris\/association-oeuvrant-pour-l-environnement\/academie-du-climat-22511_L\" rel=\"nofollow noopener\" target=\"_blank\"> Acad\u00e9mie du Climat &#8211; Paris<\/a><a class=\"mt-1 d-block ps-4\" href=\"https:\/\/www.jds.fr\/paris\/\" rel=\"nofollow noopener\" target=\"_blank\"> 75004 Paris<\/a><\/p>\n<p>Dates et horaires\u00a0: <\/p>\n<ul class=\"liste-dates \" id=\"liste-dates-68ae311b76427\">\n<li>Samedi 4 Octobre 2025 de 10h \u00e0 11h<\/li>\n<li>Dimanche 5 Octobre 2025 de 10h \u00e0 17h<\/li>\n<\/ul>\n<p>Tarifs\u00a0: Inscription, billetterie ou r\u00e9servation\u00a0: <\/p>\n<p class=\"font-size-30 fw-bold lh-1 mt-0 mb-4\">Je trouve les meilleures sorties dans ma ville<\/p>\n<p><a href=\"https:\/\/www.jds.fr\/paris\/magazine\/\" class=\"btn btn-outline-primary py-2 px-4\" rel=\"nofollow noopener\" target=\"_blank\">Voir toutes les actualit\u00e9s \u00e0  Paris<\/a><\/p>\n<p class=\"mt-0 mb-3 h2\">Newsletter JDS Paris<\/p>\n<p class=\"font-size-18 fw-normal lh-sm\">Pr\u00eat pour un week-end de folie\u00a0? Chaque jeudi tous les bons plans sorties<\/p>\n","protected":false},"excerpt":{"rendered":"Du 04\/10\/2025 au 05\/10\/2025 Acad\u00e9mie du Climat | Paris Gratuit Pour sa 23e \u00e9dition, le Felip\u00e9 et l\u2019Acad\u00e9mie&hellip;\n","protected":false},"author":2,"featured_media":346678,"comment_status":"","ping_status":"","sticky":false,"template":"","format":"standard","meta":{"footnotes":""},"categories":[1357],"tags":[1379,58,59,1011,27,1380],"class_list":{"0":"post-346677","1":"post","2":"type-post","3":"status-publish","4":"format-standard","5":"has-post-thumbnail","7":"category-livres","8":"tag-books","9":"tag-divertissement","10":"tag-entertainment","11":"tag-fr","12":"tag-france","13":"tag-livres"},"share_on_mastodon":{"url":"https:\/\/pubeurope.com\/@fr\/115098672562920863","error":""},"_links":{"self":[{"href":"https:\/\/www.europesays.com\/fr\/wp-json\/wp\/v2\/posts\/346677","targetHints":{"allow":["GET"]}}],"collection":[{"href":"https:\/\/www.europesays.com\/fr\/wp-json\/wp\/v2\/posts"}],"about":[{"href":"https:\/\/www.europesays.com\/fr\/wp-json\/wp\/v2\/types\/post"}],"author":[{"embeddable":true,"href":"https:\/\/www.europesays.com\/fr\/wp-json\/wp\/v2\/users\/2"}],"replies":[{"embeddable":true,"href":"https:\/\/www.europesays.com\/fr\/wp-json\/wp\/v2\/comments?post=346677"}],"version-history":[{"count":0,"href":"https:\/\/www.europesays.com\/fr\/wp-json\/wp\/v2\/posts\/346677\/revisions"}],"wp:featuredmedia":[{"embeddable":true,"href":"https:\/\/www.europesays.com\/fr\/wp-json\/wp\/v2\/media\/346678"}],"wp:attachment":[{"href":"https:\/\/www.europesays.com\/fr\/wp-json\/wp\/v2\/media?parent=346677"}],"wp:term":[{"taxonomy":"category","embeddable":true,"href":"https:\/\/www.europesays.com\/fr\/wp-json\/wp\/v2\/categories?post=346677"},{"taxonomy":"post_tag","embeddable":true,"href":"https:\/\/www.europesays.com\/fr\/wp-json\/wp\/v2\/tags?post=346677"}],"curies":[{"name":"wp","href":"https:\/\/api.w.org\/{rel}","templated":true}]}}