{"id":346679,"date":"2025-08-27T03:45:16","date_gmt":"2025-08-27T03:45:16","guid":{"rendered":"https:\/\/www.europesays.com\/fr\/346679\/"},"modified":"2025-08-27T03:45:16","modified_gmt":"2025-08-27T03:45:16","slug":"audience-finances-le-double-defi-de-la-rentree-pour-bfmtv","status":"publish","type":"post","link":"https:\/\/www.europesays.com\/fr\/346679\/","title":{"rendered":"Audience, finances\u2026 Le double d\u00e9fi de la rentr\u00e9e pour BFMTV"},"content":{"rendered":"<p><strong>D\u00c9CRYPTAGE <\/strong>&#8211; Doubl\u00e9e par CNews, talonn\u00e9e par LCI, la cha\u00eene a vu ses comptes plonger dans le rouge l\u2019an dernier. Mais elle redouble d\u2019ambitions pour la rentr\u00e9e.<\/p>\n<p class=\"fig-paragraph\">Un quart\u00e9 dont l\u2019ordre reste pour l\u2019heure inchang\u00e9. Lundi matin,<a href=\"https:\/\/www.lefigaro.fr\/actualite-france\/la-querelle-du-figaro-magazine-les-chaines-d-info-en-continu-montrent-elles-trop-les-scenes-de-violence-20200925\" data-fig-type=\"Article\" data-gtm-custom-categorie=\"navigation\" data-gtm-custom-action=\"crossclick\" data-gtm-custom-label=\"Contextuel\" data-gtm-event=\"customEventSPE\" data-fig-domain=\"LEFIGARO\" rel=\"nofollow noopener\" target=\"_blank\">\u00a0les cha\u00eenes d\u2019info en continu\u00a0<\/a>\u00e9taient toutes sur la ligne de d\u00e9part pour entamer une nouvelle saison. L\u2019actualit\u00e9 forte, marqu\u00e9e par la conf\u00e9rence du\u00a0<a href=\"http:\/\/www.lefigaro.fr\/vox\/politique\/paul-cebille-le-sacrifice-de-francois-bayrou-sur-l-autel-des-finances-publiques-risque-de-manquer-sa-cible-20250826\" data-fig-type=\"Article\" data-gtm-custom-categorie=\"navigation\" data-gtm-custom-action=\"crossclick\" data-gtm-custom-label=\"Contextuel\" data-gtm-event=\"customEventSPE\" data-fig-domain=\"LEFIGARO\" rel=\"nofollow noopener\" target=\"_blank\">premier ministre Fran\u00e7ois Bayrou<\/a>\u00a0et l\u2019annonce surprise d\u2019un prochain vote de confiance \u00e0 l\u2019Assembl\u00e9e nationale, a mis du fioul dans les moteurs.<\/p>\n<p class=\"fig-paragraph\">Mardi \u00e0 11\u00a0heures, ce premier tour de chauffe a rendu son verdict. En attirant 4,5\u00a0% du public,\u00a0<a href=\"http:\/\/tvmag.lefigaro.fr\/programme-tv\/actu-tele\/je-quitte-cette-collaboration-sans-amertume-karim-zeribi-annonce-son-depart-de-cnews-20250826\" data-fig-type=\"Article\" data-gtm-custom-categorie=\"navigation\" data-gtm-custom-action=\"crossclick\" data-gtm-custom-label=\"Contextuel\" data-gtm-event=\"customEventSPE\" data-fig-domain=\"TVMAG\" rel=\"nofollow noopener\" target=\"_blank\">CNews<\/a>\u00a0a commenc\u00e9 cette nouvelle course comme elle avait termin\u00e9 la pr\u00e9c\u00e9dente. En regardant ses concurrentes dans le r\u00e9troviseur. Derri\u00e8re,\u00a0<a href=\"http:\/\/tvmag.lefigaro.fr\/programme-tv\/actu-tele\/dominique-tenza-julien-arnaud-marc-fauvelle-que-vaut-la-nouvelle-grille-de-bfmtv-20250825\" data-fig-type=\"Article\" data-gtm-custom-categorie=\"navigation\" data-gtm-custom-action=\"crossclick\" data-gtm-custom-label=\"Contextuel\" data-gtm-event=\"customEventSPE\" data-fig-domain=\"TVMAG\" rel=\"nofollow noopener\" target=\"_blank\">BFMTV<\/a>, en deuxi\u00e8me position, affichait 3\u00a0% d\u2019audience. \u00ab\u00a0Durant toute l\u2019\u00e9dition sp\u00e9ciale consacr\u00e9e au discours du premier ministre, la cha\u00eene \u00e9tait leader, souligne toutefois la cha\u00eene, qui organisait ce mardi la pr\u00e9sentation de sa grille de rentr\u00e9e. Signe que les Fran\u00e7ais, lorsqu\u2019il y a un \u00e9v\u00e9nement, ont toujours le r\u00e9flexe BFMTV.\u00a0\u00bb LCI r\u00e9coltait 2,4\u00a0%, et Franceinfo, \u00e0 la quatri\u00e8me place, se contentait\u2026<\/p>\n<p class=\"fig-premium-paywall__infos\">\n        Cet article est r\u00e9serv\u00e9 aux abonn\u00e9s.        Il vous reste 80% \u00e0 d\u00e9couvrir.\n    <\/p>\n<p>                <img  data- alt=\"Le Figaro\" class=\"fig-img--complete fig-img\"\/><\/p>\n<p class=\"fig-premium-paywall__title\">Vente Flash<\/p>\n<p class=\"fig-premium-paywall__subtitle\">4,99\u20ac par mois pendant 12 mois. Sans engagement<\/p>\n<p class=\"fig-premium-paywall__connect\">\n                D\u00e9j\u00e0 abonn\u00e9\u00a0?                <a class=\"fig-premium-paywall__connect-link\" href=\"https:\/\/connect.lefigaro.fr\/login?client=horizon_web&amp;type=main&amp;redirect_uri=https%3A%2F%2Fwww.lefigaro.fr%2Fmedias%2Faudience-finances-le-double-defi-de-la-rentree-pour-bfmtv-20250826\" data-js-gtm=\"{&quot;customCategorie&quot;: &quot;conversion&quot;, &quot;customAction&quot;: &quot;before_Landing_Connexion_paywall_auto&quot;, &quot;customLabel&quot;: &quot;bGVmaWdhcm8uZnJfXzFmMDgyOTM3LTMzNmEtNjAyNi04NDQyLTcxNmZjODFlNmVmNV9fQXJ0aWNsZQ==_Audience, finances\u2026 Le double d\u00e9fi de la rentr\u00e9e pour BFMTV_641&quot;, &quot;customIDSPE&quot;: &quot;bGVmaWdhcm8uZnJfXzFmMDgyOTM3LTMzNmEtNjAyNi04NDQyLTcxNmZjODFlNmVmNV9fQXJ0aWNsZQ==&quot;, &quot;event&quot;: &quot;customEventSPE&quot;}\" rel=\"nofollow noopener\" target=\"_blank\"><br \/>\n                    Connectez-vous<br \/>\n                <\/a>\n            <\/p>\n","protected":false},"excerpt":{"rendered":"D\u00c9CRYPTAGE &#8211; Doubl\u00e9e par CNews, talonn\u00e9e par LCI, la cha\u00eene a vu ses comptes plonger dans le rouge&hellip;\n","protected":false},"author":2,"featured_media":346680,"comment_status":"","ping_status":"","sticky":false,"template":"","format":"standard","meta":{"footnotes":""},"categories":[1356],"tags":[10831,15289,58,59,1011,27,24250,252,1364],"class_list":{"0":"post-346679","1":"post","2":"type-post","3":"status-publish","4":"format-standard","5":"has-post-thumbnail","7":"category-television","8":"tag-bfmtv","9":"tag-cma-cgm","10":"tag-divertissement","11":"tag-entertainment","12":"tag-fr","13":"tag-france","14":"tag-rodolphe-saade","15":"tag-television","16":"tag-tv"},"share_on_mastodon":{"url":"https:\/\/pubeurope.com\/@fr\/115098676311407773","error":""},"_links":{"self":[{"href":"https:\/\/www.europesays.com\/fr\/wp-json\/wp\/v2\/posts\/346679","targetHints":{"allow":["GET"]}}],"collection":[{"href":"https:\/\/www.europesays.com\/fr\/wp-json\/wp\/v2\/posts"}],"about":[{"href":"https:\/\/www.europesays.com\/fr\/wp-json\/wp\/v2\/types\/post"}],"author":[{"embeddable":true,"href":"https:\/\/www.europesays.com\/fr\/wp-json\/wp\/v2\/users\/2"}],"replies":[{"embeddable":true,"href":"https:\/\/www.europesays.com\/fr\/wp-json\/wp\/v2\/comments?post=346679"}],"version-history":[{"count":0,"href":"https:\/\/www.europesays.com\/fr\/wp-json\/wp\/v2\/posts\/346679\/revisions"}],"wp:featuredmedia":[{"embeddable":true,"href":"https:\/\/www.europesays.com\/fr\/wp-json\/wp\/v2\/media\/346680"}],"wp:attachment":[{"href":"https:\/\/www.europesays.com\/fr\/wp-json\/wp\/v2\/media?parent=346679"}],"wp:term":[{"taxonomy":"category","embeddable":true,"href":"https:\/\/www.europesays.com\/fr\/wp-json\/wp\/v2\/categories?post=346679"},{"taxonomy":"post_tag","embeddable":true,"href":"https:\/\/www.europesays.com\/fr\/wp-json\/wp\/v2\/tags?post=346679"}],"curies":[{"name":"wp","href":"https:\/\/api.w.org\/{rel}","templated":true}]}}