{"id":346681,"date":"2025-08-27T03:46:14","date_gmt":"2025-08-27T03:46:14","guid":{"rendered":"https:\/\/www.europesays.com\/fr\/346681\/"},"modified":"2025-08-27T03:46:14","modified_gmt":"2025-08-27T03:46:14","slug":"camille-lellouche-surprend-avec-ses-confidences-sur-mylene-farmer-elle-ne-maime-pas-trop","status":"publish","type":"post","link":"https:\/\/www.europesays.com\/fr\/346681\/","title":{"rendered":"Camille Lellouche surprend avec ses confidences sur Myl\u00e8ne Farmer\u00a0: \u00ab\u00a0Elle ne m&rsquo;aime pas trop\u00a0\u00bb"},"content":{"rendered":"<p>Pourquoi Myl\u00e8ne Farmer n&rsquo;appr\u00e9cie pas Camille Lellouche ?<\/p>\n<p class=\"ap-StoryElement ap-StoryElement--mb ap-StoryText\">Invit\u00e9e au micro de RTL en 2023, Camille Lellouche a \u00e9voqu\u00e9 l&rsquo;avis peu glorieux de Myl\u00e8ne Farmer \u00e0 son \u00e9gard. \u00ab\u00a0Myl\u00e8ne, en fait\u2026 Je suis un peu triste mais je peux le dire ici. Elle ne m&rsquo;aime pas trop\u00a0\u00bb, commence-t-elle. \u00ab\u00a0Pourquoi ? Parce que je l&rsquo;avais incarn\u00e9e dans un sketch dans Quotidien.\u00a0\u00bb Une parodie qui n&rsquo;avait pas vraiment plu \u00e0 l&rsquo;interpr\u00e8te de \u00ab\u00a0D\u00e9senchant\u00e9e\u00a0\u00bb, sans que Camille Lellouche la comprenne.<\/p>\n<p class=\"ap-StoryElement ap-StoryElement--mb ap-StoryText\">\u00ab\u00a0C&rsquo;\u00e9tait mon but, je suis humoriste. Je me suis trouv\u00e9e belle en Myl\u00e8ne. Je l&rsquo;adore. Je l&rsquo;ai su par un proche \u00e0 elle. Alors que c&rsquo;\u00e9tait vraiment dr\u00f4le. Je suis vraiment physiquement \u00e0 son image dans ce sketch. J&rsquo;ai essay\u00e9 de faire au mieux. J&rsquo;ai parodi\u00e9 et imit\u00e9 tout le monde.\u00a0\u00bb En tant qu&rsquo;admiratrice de Myl\u00e8ne Farmer, la jeune maman a du mal \u00e0 assumer cet avis. \u00ab\u00a0Cela me fait de la peine, c&rsquo;est une artiste que j&rsquo;admire beaucoup. Elle arrive avec son talent \u00e0 remplir des stades sans faire de la t\u00e9l\u00e9, c&rsquo;est le r\u00eave de tous les artistes. J&rsquo;ai beaucoup d&rsquo;admiration.\u00a0\u00bb<\/p>\n<p class=\"ap-StoryElement ap-StoryElement--mb ap-StoryText\">Une intervention que Camille Lellouche a tout de m\u00eame conclue de mani\u00e8re positive (et humoristique). \u00ab\u00a0Myl\u00e8ne, si jamais tu vois l&rsquo;interview, je t&rsquo;aime ! Je t&rsquo;invite \u00e0 mon concert o\u00f9 tu ne viendras jamais mais on ne sait jamais. C&rsquo;est peut-\u00eatre une fausse info, peut-\u00eatre que tu m&rsquo;adores. Je t&#8217;embrasse.\u00a0\u00bb<\/p>\n","protected":false},"excerpt":{"rendered":"Pourquoi Myl\u00e8ne Farmer n&rsquo;appr\u00e9cie pas Camille Lellouche ? Invit\u00e9e au micro de RTL en 2023, Camille Lellouche a&hellip;\n","protected":false},"author":2,"featured_media":346682,"comment_status":"","ping_status":"","sticky":false,"template":"","format":"standard","meta":{"footnotes":""},"categories":[1355],"tags":[35953,58,59,1011,27,1361,873,13995,1404,47881],"class_list":{"0":"post-346681","1":"post","2":"type-post","3":"status-publish","4":"format-standard","5":"has-post-thumbnail","7":"category-musique","8":"tag-camille-lellouche","9":"tag-divertissement","10":"tag-entertainment","11":"tag-fr","12":"tag-france","13":"tag-music","14":"tag-musique","15":"tag-mylene-farmer","16":"tag-quotidien","17":"tag-sketch"},"share_on_mastodon":{"url":"https:\/\/pubeurope.com\/@fr\/115098680253408415","error":""},"_links":{"self":[{"href":"https:\/\/www.europesays.com\/fr\/wp-json\/wp\/v2\/posts\/346681","targetHints":{"allow":["GET"]}}],"collection":[{"href":"https:\/\/www.europesays.com\/fr\/wp-json\/wp\/v2\/posts"}],"about":[{"href":"https:\/\/www.europesays.com\/fr\/wp-json\/wp\/v2\/types\/post"}],"author":[{"embeddable":true,"href":"https:\/\/www.europesays.com\/fr\/wp-json\/wp\/v2\/users\/2"}],"replies":[{"embeddable":true,"href":"https:\/\/www.europesays.com\/fr\/wp-json\/wp\/v2\/comments?post=346681"}],"version-history":[{"count":0,"href":"https:\/\/www.europesays.com\/fr\/wp-json\/wp\/v2\/posts\/346681\/revisions"}],"wp:featuredmedia":[{"embeddable":true,"href":"https:\/\/www.europesays.com\/fr\/wp-json\/wp\/v2\/media\/346682"}],"wp:attachment":[{"href":"https:\/\/www.europesays.com\/fr\/wp-json\/wp\/v2\/media?parent=346681"}],"wp:term":[{"taxonomy":"category","embeddable":true,"href":"https:\/\/www.europesays.com\/fr\/wp-json\/wp\/v2\/categories?post=346681"},{"taxonomy":"post_tag","embeddable":true,"href":"https:\/\/www.europesays.com\/fr\/wp-json\/wp\/v2\/tags?post=346681"}],"curies":[{"name":"wp","href":"https:\/\/api.w.org\/{rel}","templated":true}]}}