{"id":346689,"date":"2025-08-27T03:50:18","date_gmt":"2025-08-27T03:50:18","guid":{"rendered":"https:\/\/www.europesays.com\/fr\/346689\/"},"modified":"2025-08-27T03:50:18","modified_gmt":"2025-08-27T03:50:18","slug":"ils-vont-tellement-me-manquer","status":"publish","type":"post","link":"https:\/\/www.europesays.com\/fr\/346689\/","title":{"rendered":"Ils vont tellement me manquer"},"content":{"rendered":"<p>La sortie de la seconde saison de With Love, Meghan sur<br \/>\nNetflix, ce mardi 26 ao\u00fbt, a permis d\u2019entendre <strong>Meghan<br \/>\nMarkle dans un registre plus intime<\/strong>. En effet, comme le<br \/>\nrapporte le magazine <a href=\"https:\/\/www.femina.fr\/article\/ils-me-manqueront-tellement-meghan-markle-evoque-deja-sa-crainte-de-voir-ses-enfants-quitter-le-nid\" target=\"_blank\" rel=\"nofollow noopener\">Femina<\/a>,<br \/>\nl\u2019ancienne duchesse de Sussex s\u2019est confi\u00e9e sur son r\u00f4le de<br \/>\nm\u00e8re.<\/p>\n<p>Mais, elle a aussi partag\u00e9 <strong>ses inqui\u00e9tudes pour l\u2019avenir<br \/>\nd\u2019Archie et de Lilibet Diana<\/strong>. Ses confidences rares<br \/>\nmontrent \u00e0 quel point la maternit\u00e9 occupe une place centrale dans<br \/>\nsa vie.<\/p>\n<p>Meghan Markle et la maternit\u00e9 comme r\u00f4le de pr\u00e9dilection<\/p>\n<p>On le voit sur ses partages sur les r\u00e9seaux sociaux depuis<br \/>\nplusieurs ann\u00e9es, <strong>Meghan Markle affiche un r\u00e9el<br \/>\n\u00e9panouissement aupr\u00e8s de ses deux enfants<\/strong>, Archie, \u00e2g\u00e9 de<br \/>\nsix ans, et Lilibet Diana, qui en a quatre. Elle l\u2019avait d\u00e9j\u00e0<br \/>\naffirm\u00e9 avec force dans son podcast Confessions d\u2019une femme<br \/>\nfondatrice : \u00ab J\u2019adore \u00eatre une m\u00e8re. Oh mon Dieu, j\u2019aime<br \/>\ntellement \u00eatre maman. C\u2019est ce que je pr\u00e9f\u00e8re. \u00bb Une<br \/>\nd\u00e9claration qui r\u00e9sume l\u2019importance de ce r\u00f4le dans son<br \/>\nquotidien.<\/p>\n<p>Dans sa s\u00e9rie documentaire, <a href=\"https:\/\/www.mariefrance.fr\/news-people\/charles-iii-encore-pire-meghan-markle-11-employes-brisent-silence-sortez-moi-homme-vue-1187083.html\" target=\"_blank\" rel=\"noopener\">la belle-fille du roi Charles<br \/>\nIII<\/a> a de nouveau mis en avant ce lien fusionnel. Elle reconna\u00eet<br \/>\nque si l\u2019avenir de ses enfants l\u2019enthousiasme, <strong>l\u2019id\u00e9e de<br \/>\ndevoir s\u2019en s\u00e9parer un jour suscite d\u00e9j\u00e0 en elle une vive<br \/>\nappr\u00e9hension<\/strong>. Ses confidences touchent par leur sinc\u00e9rit\u00e9.<br \/>\nEt, elles montrent sa volont\u00e9 de garder ses enfants pr\u00e8s d\u2019elle<br \/>\naussi longtemps que possible.<\/p>\n<p><img loading=\"lazy\" decoding=\"async\" aria-describedby=\"caption-attachment-1181644\" itemprop=\"thumbnailUrl\" class=\"size-full wp-image-1181644 img-responsive\" src=\"https:\/\/www.europesays.com\/fr\/wp-content\/uploads\/2025\/08\/meghan-markle.jpg\" alt=\"C'est la d\u00e9confiture pour Meghan Markle contrainte d'offrir de la confiture \u00e0 ses clients apr\u00e8s un gros mensonge\" width=\"1280\" height=\"720\"\/> \u00a9 Meghan Markle<\/p>\n<p id=\"caption-attachment-1181644\" class=\"wp-caption-text\">Meghan<br \/>\nMarkle semble totalement \u00e9panouie dans son r\u00f4le de m\u00e8re.<\/p>\n<p>Meghan Markle face \u00e0 la perspective de la s\u00e9paration<\/p>\n<p>La seconde saison de With Love, Meghan a \u00e9galement \u00e9t\u00e9<br \/>\nl\u2019occasion pour l\u2019ancienne actrice de s\u2019entretenir avec Tan France,<br \/>\nstyliste de renom. Lorsque celui-ci a exprim\u00e9 <strong>sa propre<br \/>\npeur de voir ses enfants quitter un jour le cocon<br \/>\nfamilial<\/strong>, <a href=\"https:\/\/www.mariefrance.fr\/news-people\/meghan-markle-bafoue-nouveau-protocole-message-tres-clair-lattention-kate-middleton-william-1197684.html\" target=\"_blank\" rel=\"noopener\">Meghan Markle s\u2019est imm\u00e9diatement<br \/>\nreconnue<\/a> dans ce sentiment. \u00ab Ils vont tellement me<br \/>\nmanquer. On aimerait \u00eatre le parent qui dit : &lsquo;Oui, vas-y, fais ce<br \/>\nque tu veux. Vis ta vie.&rsquo; Mais vous allez tellement me manquer<br \/>\n\u00bb, a-t-elle confi\u00e9 sans d\u00e9tours.<\/p>\n<p>Cette inqui\u00e9tude contraste avec l\u2019image publique de Meghan<br \/>\nMarkle. Car, cette derni\u00e8re est souvent per\u00e7ue comme une femme<br \/>\nforte et ind\u00e9pendante. Ses paroles rappellent que, derri\u00e8re son<br \/>\nstatut m\u00e9diatique, <strong>elle vit les m\u00eames \u00e9motions que de<br \/>\nnombreux parents<\/strong> face \u00e0 la perspective de voir grandir<br \/>\nleurs enfants.<\/p>\n<p><img loading=\"lazy\" decoding=\"async\" aria-describedby=\"caption-attachment-1163215\" class=\"size-full wp-image-1163215 img-responsive\" src=\"https:\/\/www.europesays.com\/fr\/wp-content\/uploads\/2025\/08\/3-18.jpg\" alt=\"Harry, Meghan et leurs enfants\" width=\"1280\" height=\"720\"\/> \u00a9 AlexisLubomirski<\/p>\n<p id=\"caption-attachment-1163215\" class=\"wp-caption-text\">Meghan<br \/>\nMarkle est d\u00e9j\u00e0 profond\u00e9ment inqui\u00e8te \u00e0 l&rsquo;id\u00e9e de voir ses enfants<br \/>\nquitter la maison.<\/p>\n<p>Meghan Markle se souvient d\u2019une<br \/>\ns\u00e9paration douloureuse<\/p>\n<p>Ces confidences l\u2019ont amen\u00e9e \u00e0 \u00e9voquer un souvenir<br \/>\nparticuli\u00e8rement marquant. Il s\u2019agit de son s\u00e9jour prolong\u00e9 au<br \/>\nRoyaume-Uni en 2022, lors des obs\u00e8ques de la reine Elizabeth II.<br \/>\n<strong>Elle avait alors d\u00fb laisser Archie et Lilibet Diana aux<br \/>\n\u00c9tats-Unis.<\/strong> Et c\u2019est une situation qu\u2019elle a v\u00e9cue<br \/>\ndifficilement. \u00ab Le plus longtemps que j\u2019ai pass\u00e9 \u00e0 \u00eatre sans<br \/>\neux est trois semaines et je n\u2019\u00e9tais pas bien \u00bb, a-t-elle<br \/>\nreconnu.<\/p>\n<blockquote class=\"twitter-tweet\"><p><a class=\"twitter-link\" rel=\"noindex, nofollow noopener\" href=\"https:\/\/twitter.com\/mariefrancemag\/status\/1946946848171688268\" target=\"_blank\"><\/p><\/blockquote>\n<p>Cette p\u00e9riode a <a href=\"https:\/\/www.mariefrance.fr\/news-people\/restee-secrete-annees-lettre-prince-harry-bouleverse-famille-royale-1197323.html\" target=\"_blank\" rel=\"noopener\">\u00e9galement marqu\u00e9 son mari, le prince<br \/>\nHarry<\/a>. Dans son livre Le Suppl\u00e9ant, <strong>il<br \/>\nd\u00e9crivait combien cette absence prolong\u00e9e avait \u00e9t\u00e9 lourde \u00e0<br \/>\nvivre<\/strong> : \u00ab Notre voyage rapide s\u2019est transform\u00e9 en une<br \/>\nodyss\u00e9e. [\u2026] De plus, nous devions \u00eatre loin des enfants plus<br \/>\nlongtemps que pr\u00e9vu, plus longtemps que nous ne l\u2019avions jamais<br \/>\n\u00e9t\u00e9. \u00bb Ces propos confirment que pour le couple, la famille<br \/>\nreste une priorit\u00e9 malgr\u00e9 les obligations et les tensions li\u00e9es \u00e0<br \/>\nson statut.<\/p>\n<p><script async src=\"https:\/\/platform.twitter.com\/widgets.js\" charset=\"utf-8\"><\/script><\/p>\n","protected":false},"excerpt":{"rendered":"La sortie de la seconde saison de With Love, Meghan sur Netflix, ce mardi 26 ao\u00fbt, a permis&hellip;\n","protected":false},"author":2,"featured_media":346690,"comment_status":"","ping_status":"","sticky":false,"template":"","format":"standard","meta":{"footnotes":""},"categories":[8],"tags":[58,59,545,1011,27,908],"class_list":{"0":"post-346689","1":"post","2":"type-post","3":"status-publish","4":"format-standard","5":"has-post-thumbnail","7":"category-divertissement","8":"tag-divertissement","9":"tag-entertainment","10":"tag-famille-royale-britannique","11":"tag-fr","12":"tag-france","13":"tag-meghan-markle"},"share_on_mastodon":{"url":"https:\/\/pubeurope.com\/@fr\/115098696585648257","error":""},"_links":{"self":[{"href":"https:\/\/www.europesays.com\/fr\/wp-json\/wp\/v2\/posts\/346689","targetHints":{"allow":["GET"]}}],"collection":[{"href":"https:\/\/www.europesays.com\/fr\/wp-json\/wp\/v2\/posts"}],"about":[{"href":"https:\/\/www.europesays.com\/fr\/wp-json\/wp\/v2\/types\/post"}],"author":[{"embeddable":true,"href":"https:\/\/www.europesays.com\/fr\/wp-json\/wp\/v2\/users\/2"}],"replies":[{"embeddable":true,"href":"https:\/\/www.europesays.com\/fr\/wp-json\/wp\/v2\/comments?post=346689"}],"version-history":[{"count":0,"href":"https:\/\/www.europesays.com\/fr\/wp-json\/wp\/v2\/posts\/346689\/revisions"}],"wp:featuredmedia":[{"embeddable":true,"href":"https:\/\/www.europesays.com\/fr\/wp-json\/wp\/v2\/media\/346690"}],"wp:attachment":[{"href":"https:\/\/www.europesays.com\/fr\/wp-json\/wp\/v2\/media?parent=346689"}],"wp:term":[{"taxonomy":"category","embeddable":true,"href":"https:\/\/www.europesays.com\/fr\/wp-json\/wp\/v2\/categories?post=346689"},{"taxonomy":"post_tag","embeddable":true,"href":"https:\/\/www.europesays.com\/fr\/wp-json\/wp\/v2\/tags?post=346689"}],"curies":[{"name":"wp","href":"https:\/\/api.w.org\/{rel}","templated":true}]}}