{"id":346695,"date":"2025-08-27T03:53:17","date_gmt":"2025-08-27T03:53:17","guid":{"rendered":"https:\/\/www.europesays.com\/fr\/346695\/"},"modified":"2025-08-27T03:53:17","modified_gmt":"2025-08-27T03:53:17","slug":"une-mere-de-famille-en-plein-delire-spirituel-noie-son-enfant-de-4-ans-pour-loffrir-a-dieu","status":"publish","type":"post","link":"https:\/\/www.europesays.com\/fr\/346695\/","title":{"rendered":"une m\u00e8re de famille \u00aben plein d\u00e9lire spirituel\u00bb noie son enfant de 4 ans pour l\u2019offrir \u00e0 Dieu"},"content":{"rendered":"<p>Le p\u00e8re, qui aurait \u00e9galement entendu Dieu, s\u2019est aussi noy\u00e9. La m\u00e8re a \u00e9t\u00e9 hospitalis\u00e9e pour suspicion de troubles mentaux, dans l\u2019attente de son inculpation.<\/p>\n<p class=\"fig-paragraph\">Elle d\u00e9clare avoir entendu\u00a0<a href=\"http:\/\/www.lefigaro.fr\/sports\/football\/dieu-merci-il-m-a-reconnu-quand-une-ancienne-vedette-du-foot-empeche-un-jeune-homme-de-se-suicider-20250731\" target=\"_blank\" data-fig-type=\"NewsFlash\" rel=\"noopener nofollow\" data-gtm-custom-categorie=\"navigation\" data-gtm-custom-action=\"crossclick\" data-gtm-custom-label=\"Contextuel\" data-gtm-event=\"customEventSPE\" data-fig-domain=\"LEFIGARO\">Dieu<\/a>. Une m\u00e8re de famille am\u00e9ricaine, issue de la minorit\u00e9 religieuse des\u00a0<a href=\"http:\/\/www.lefigaro.fr\/secteur\/high-tech\/la-tech-n-est-plus-magique-et-ce-n-est-pas-de-la-faute-des-amish-20200921\" target=\"_blank\" data-fig-type=\"Article\" rel=\"noopener nofollow\" data-gtm-custom-categorie=\"navigation\" data-gtm-custom-action=\"crossclick\" data-gtm-custom-label=\"Contextuel\" data-gtm-event=\"customEventSPE\" data-fig-domain=\"LEFIGARO\">amish<\/a>, a \u00e9t\u00e9 d\u00e9clar\u00e9e responsable de la mort par\u00a0<a href=\"http:\/\/www.lefigaro.fr\/actualite-france\/noyades-268-personnes-ont-perdu-la-vie-pendant-la-periode-estivale-dont-37-mineurs-20250822\" target=\"_blank\" data-fig-type=\"NewsFlash\" rel=\"noopener nofollow\" data-gtm-custom-categorie=\"navigation\" data-gtm-custom-action=\"crossclick\" data-gtm-custom-label=\"Contextuel\" data-gtm-event=\"customEventSPE\" data-fig-domain=\"LEFIGARO\">noyade<\/a>\u00a0de son enfant de quatre ans, survenue ce week-end dans un lac de l\u2019Ohio, ont rapport\u00e9 plusieurs m\u00e9dias locaux, dont\u00a0<a href=\"https:\/\/wtov9.com\/news\/local\/authorities-investigate-tragic-deaths-at-atwood-lake-linked-to-spiritual-delusion-atwood-lake-spiritual-delusion-tragic-deaths-tuscarawas-county-aggravated-murder-vincent-miller-marcus-miller-faith\" target=\"_blank\" rel=\"sponsored noopener nofollow\" data-gtm-custom-categorie=\"navigation\" data-gtm-custom-action=\"crossclick\" data-gtm-custom-label=\"Contextuel\" data-gtm-event=\"customEventSPE\">Fox 9<\/a>\u00a0et\u00a0<a href=\"https:\/\/www.mysuncoast.com\/2025\/08\/25\/spiritual-delusion-authorities-share-new-details-deaths-amish-father-son-charges-loom-mother\/\" target=\"_blank\" rel=\"sponsored noopener nofollow\" data-gtm-custom-categorie=\"navigation\" data-gtm-custom-action=\"crossclick\" data-gtm-custom-label=\"Contextuel\" data-gtm-event=\"customEventSPE\">ABC 7<\/a>. Elle devait \u00eatre officiellement inculp\u00e9e ce mardi 26 ao\u00fbt de meurtre aggrav\u00e9.<\/p>\n<p class=\"fig-paragraph\">Les faits remontent \u00e0 la nuit de samedi \u00e0 dimanche, alors que la m\u00e8re de famille, son mari et leurs quatre enfants logeaient dans une caravane au sein d\u2019un camping pr\u00e8s du lac Atwood, un coin r\u00e9put\u00e9 paisible. Mais vers une heure du matin, le couple parental se serait retrouv\u00e9 \u00aben plein d\u00e9lire spirituel\u00bb, selon le r\u00e9cit du sh\u00e9rif du comt\u00e9 de Tuscarawas, qui a tenu une conf\u00e9rence de presse.<\/p>\n<p>                                    <a class=\"fig-a11y-skip a11y-hidden\" href=\"#fig-a11y-skip-main-inarticle\"><br \/>\n        Passer la publicit\u00e9<br \/>\n    <\/a><\/p>\n<p>\u00abMarcher sur l\u2019eau\u00bb<\/p>\n<p class=\"fig-paragraph\">\u00abD\u2019apr\u00e8s ses d\u00e9clarations, la suspecte et son mari auraient entendu Dieu leur parler, et leur dicter tout un tas d\u2019ordres \u00e9tranges pour qu\u2019ils puissent prouver leur d\u00e9votion et leur foi\u00bb, a expliqu\u00e9 Orvis Campbell. Le couple va d\u2019abord tenter de \u00abmarcher sur l\u2019eau\u00bb en sautant d\u2019un quai. Il va ensuite essayer de se faire \u00abavaler par un poisson\u00bb, toujours d\u2019apr\u00e8s le sh\u00e9rif.<\/p>\n<p class=\"fig-paragraph\">Le petit man\u00e8ge du couple se poursuit toute la nuit, jusqu\u2019\u00e0 leur retour au petit matin dans leur caravane. Mais vers 6 heures du matin, le mari, m\u00e9content de ne pas avoir r\u00e9ussi les \u00ab\u00e9preuves\u00bb divines, ressort de la caravane et retourne, seul, au lac, avant de dispara\u00eetre. Vers huit heures, c\u2019est au tour de la m\u00e8re d\u2019y aller, \u00e0 bord d\u2019une voiturette de golf et avec l\u2019un de ses enfants, \u00e2g\u00e9 de 4 ans. Elle est enfin vue par des t\u00e9moins vers 10 heures du matin, sans son gar\u00e7on de quatre ans, mais avec sa fille de 15 ans et ses jumeaux de 18 ans, toujours \u00e0 bord de la voiturette, en train de foncer dans l\u2019eau.<\/p>\n<p class=\"fig-paragraph\">Les t\u00e9moins de cette sc\u00e8ne alertent les autorit\u00e9s avoisinantes. La m\u00e8re de famille est interpell\u00e9e, les adolescents sauv\u00e9s, et des recherches sont organis\u00e9es aux abords du lac. Le corps du mari, \u00e2g\u00e9 de 45 ans, sera finalement retrouv\u00e9 dans la soir\u00e9e de dimanche sur les berges. Celui du gar\u00e7on sera lui rep\u00each\u00e9. Devant les enqu\u00eateurs, la m\u00e8re de famille a d\u00e9clar\u00e9 avoir noy\u00e9 son enfant pour l\u2019\u00aboffrir \u00e0 Dieu\u00bb. Elle a depuis \u00e9t\u00e9 hospitalis\u00e9e pour suspicion de troubles mentaux, dans l\u2019attente de son inculpation.<\/p>\n","protected":false},"excerpt":{"rendered":"Le p\u00e8re, qui aurait \u00e9galement entendu Dieu, s\u2019est aussi noy\u00e9. La m\u00e8re a \u00e9t\u00e9 hospitalis\u00e9e pour suspicion de&hellip;\n","protected":false},"author":2,"featured_media":346696,"comment_status":"","ping_status":"","sticky":false,"template":"","format":"standard","meta":{"footnotes":""},"categories":[5],"tags":[11,73,1011,27,14,12,28],"class_list":{"0":"post-346695","1":"post","2":"type-post","3":"status-publish","4":"format-standard","5":"has-post-thumbnail","7":"category-international","8":"tag-actualites","9":"tag-etats-unis","10":"tag-fr","11":"tag-france","12":"tag-international","13":"tag-news","14":"tag-world"},"share_on_mastodon":{"url":"https:\/\/pubeurope.com\/@fr\/115098707787534330","error":""},"_links":{"self":[{"href":"https:\/\/www.europesays.com\/fr\/wp-json\/wp\/v2\/posts\/346695","targetHints":{"allow":["GET"]}}],"collection":[{"href":"https:\/\/www.europesays.com\/fr\/wp-json\/wp\/v2\/posts"}],"about":[{"href":"https:\/\/www.europesays.com\/fr\/wp-json\/wp\/v2\/types\/post"}],"author":[{"embeddable":true,"href":"https:\/\/www.europesays.com\/fr\/wp-json\/wp\/v2\/users\/2"}],"replies":[{"embeddable":true,"href":"https:\/\/www.europesays.com\/fr\/wp-json\/wp\/v2\/comments?post=346695"}],"version-history":[{"count":0,"href":"https:\/\/www.europesays.com\/fr\/wp-json\/wp\/v2\/posts\/346695\/revisions"}],"wp:featuredmedia":[{"embeddable":true,"href":"https:\/\/www.europesays.com\/fr\/wp-json\/wp\/v2\/media\/346696"}],"wp:attachment":[{"href":"https:\/\/www.europesays.com\/fr\/wp-json\/wp\/v2\/media?parent=346695"}],"wp:term":[{"taxonomy":"category","embeddable":true,"href":"https:\/\/www.europesays.com\/fr\/wp-json\/wp\/v2\/categories?post=346695"},{"taxonomy":"post_tag","embeddable":true,"href":"https:\/\/www.europesays.com\/fr\/wp-json\/wp\/v2\/tags?post=346695"}],"curies":[{"name":"wp","href":"https:\/\/api.w.org\/{rel}","templated":true}]}}