{"id":346699,"date":"2025-08-27T03:55:23","date_gmt":"2025-08-27T03:55:23","guid":{"rendered":"https:\/\/www.europesays.com\/fr\/346699\/"},"modified":"2025-08-27T03:55:23","modified_gmt":"2025-08-27T03:55:23","slug":"meteo-france-place-neuf-departements-en-vigilance-orange-aux-orages","status":"publish","type":"post","link":"https:\/\/www.europesays.com\/fr\/346699\/","title":{"rendered":"M\u00e9t\u00e9o France place neuf d\u00e9partements en vigilance orange aux orages"},"content":{"rendered":"<p class=\"article-p mdl\">De l&rsquo;Auvergne au Jura, M\u00e9t\u00e9o-France appelle \u00e0 la prudence. Neuf d\u00e9partements du centre-est de la France ont \u00e9t\u00e9 plac\u00e9s en vigilance orange pour la journ\u00e9e du mercredi 27 ao\u00fbt. En cause : un \u00e9pisode pluvio-orageux actif qui\u00a0s&rsquo;intensifiera dans l&rsquo;apr\u00e8s-midi sur l&rsquo;Auvergne et s&rsquo;\u00e9tendra en soir\u00e9e vers le nord-est.<br \/><strong><\/strong><br \/>Le Jura, la Sa\u00f4ne-et-Loire, l&rsquo;Ain, l&rsquo;Allier, le Rh\u00f4ne, la Loire, le Puy-de-D\u00f4me, la Haute-Loire et le Cantal sont concern\u00e9s par cette vigilance \u00e0 l&rsquo;heure actuelle. \u00ab\u00a0La d\u00e9gradation orageuse pourra s&rsquo;\u00e9tendre aux r\u00e9gions limitrophes du nord-est mais \u00e9galement du sud-ouest en soir\u00e9e\u00a0\u00bb, pr\u00e9viennent les pr\u00e9visionnistes. \u00ab\u00a0Une aggravation du niveau de vigilance vers l&rsquo;orange est probable.\u00a0\u00bb<\/p>\n<p class=\"article-p mdl\">M\u00e9t\u00e9o-France insiste dans son bulletin sur le caract\u00e8re fortement pluvieux de ces orages. Il faut s&rsquo;attendre \u00e0 de\u00a0forts cumuls de pluie en peu de temps,\u00a0de la gr\u00eale moyenne en particulier dans le nord-est et\u00a0des rafales de vent de 70 \u00e0 80 km\/h.<\/p>\n<p class=\"s-newsletter__title\">\n                L\u2019actualit\u00e9 par la r\u00e9daction de RTL dans votre bo\u00eete mail.\n            <\/p>\n<p class=\"s-newsletter__subtitle\">\n                Gr\u00e2ce \u00e0 votre compte RTL abonnez-vous \u00e0 la newsletter RTL info pour suivre toute l&rsquo;actualit\u00e9 au quotidien\n            <\/p>\n<p>\n                                    Lire la suite\n                                <\/p>\n","protected":false},"excerpt":{"rendered":"De l&rsquo;Auvergne au Jura, M\u00e9t\u00e9o-France appelle \u00e0 la prudence. Neuf d\u00e9partements du centre-est de la France ont \u00e9t\u00e9&hellip;\n","protected":false},"author":2,"featured_media":346700,"comment_status":"","ping_status":"","sticky":false,"template":"","format":"standard","meta":{"footnotes":""},"categories":[2],"tags":[11,898,107,1011,27,3059,2487,12,4594],"class_list":{"0":"post-346699","1":"post","2":"type-post","3":"status-publish","4":"format-standard","5":"has-post-thumbnail","7":"category-actualites","8":"tag-actualites","9":"tag-alerte","10":"tag-fil-info","11":"tag-fr","12":"tag-france","13":"tag-intemperies","14":"tag-meteo","15":"tag-news","16":"tag-orages"},"share_on_mastodon":{"url":"https:\/\/pubeurope.com\/@fr\/115098715581689952","error":""},"_links":{"self":[{"href":"https:\/\/www.europesays.com\/fr\/wp-json\/wp\/v2\/posts\/346699","targetHints":{"allow":["GET"]}}],"collection":[{"href":"https:\/\/www.europesays.com\/fr\/wp-json\/wp\/v2\/posts"}],"about":[{"href":"https:\/\/www.europesays.com\/fr\/wp-json\/wp\/v2\/types\/post"}],"author":[{"embeddable":true,"href":"https:\/\/www.europesays.com\/fr\/wp-json\/wp\/v2\/users\/2"}],"replies":[{"embeddable":true,"href":"https:\/\/www.europesays.com\/fr\/wp-json\/wp\/v2\/comments?post=346699"}],"version-history":[{"count":0,"href":"https:\/\/www.europesays.com\/fr\/wp-json\/wp\/v2\/posts\/346699\/revisions"}],"wp:featuredmedia":[{"embeddable":true,"href":"https:\/\/www.europesays.com\/fr\/wp-json\/wp\/v2\/media\/346700"}],"wp:attachment":[{"href":"https:\/\/www.europesays.com\/fr\/wp-json\/wp\/v2\/media?parent=346699"}],"wp:term":[{"taxonomy":"category","embeddable":true,"href":"https:\/\/www.europesays.com\/fr\/wp-json\/wp\/v2\/categories?post=346699"},{"taxonomy":"post_tag","embeddable":true,"href":"https:\/\/www.europesays.com\/fr\/wp-json\/wp\/v2\/tags?post=346699"}],"curies":[{"name":"wp","href":"https:\/\/api.w.org\/{rel}","templated":true}]}}