{"id":346703,"date":"2025-08-27T03:59:14","date_gmt":"2025-08-27T03:59:14","guid":{"rendered":"https:\/\/www.europesays.com\/fr\/346703\/"},"modified":"2025-08-27T03:59:14","modified_gmt":"2025-08-27T03:59:14","slug":"vos-adresses-preferees-quel-est-votre-endroit-prefere-pour-prendre-un-verre-en-terrasse-a-nancy","status":"publish","type":"post","link":"https:\/\/www.europesays.com\/fr\/346703\/","title":{"rendered":"Vos adresses pr\u00e9f\u00e9r\u00e9es . Quel est votre endroit pr\u00e9f\u00e9r\u00e9 pour prendre un verre en terrasse \u00e0 Nancy ?"},"content":{"rendered":"<p data-start=\"118\" data-end=\"326\">La rentr\u00e9e pointe d\u00e9j\u00e0 le bout de son nez\u2026 mais septembre n\u2019a pas dit son dernier mot et le mois nous r\u00e9serve encore de belles journ\u00e9es ensoleill\u00e9es, parfaites pour prolonger l\u2019\u00e9t\u00e9 et profiter des terrasses.\u00a0<br \/>Et vous, o\u00f9 aimez-vous vous installer pour savourer un caf\u00e9 du matin ou un ap\u00e9ro entre amis ? Qu\u2019il s\u2019agisse d\u2019une adresse conviviale pour partager un moment en famille ou d\u2019un spot anim\u00e9 pour trinquer en soir\u00e9e, c&rsquo;est \u00e0 vous de nous confier vos lieux favoris.\u00a0<br \/>Car m\u00eame si les journ\u00e9es vont \u00eatre de plus en plus courtes,\u00a0autant continuer \u00e0 s\u2019offrir ces parenth\u00e8ses \u00e0 ciel ouvert.\u00a0<\/p>\n","protected":false},"excerpt":{"rendered":"La rentr\u00e9e pointe d\u00e9j\u00e0 le bout de son nez\u2026 mais septembre n\u2019a pas dit son dernier mot et&hellip;\n","protected":false},"author":2,"featured_media":346704,"comment_status":"","ping_status":"","sticky":false,"template":"","format":"standard","meta":{"footnotes":""},"categories":[9635],"tags":[1111,11,1704,1777,674,107,1011,27,775,776,3457,1702,12,25,273,21639,21640],"class_list":{"0":"post-346703","1":"post","2":"type-post","3":"status-publish","4":"format-standard","5":"has-post-thumbnail","7":"category-nancy","8":"tag-actu","9":"tag-actualites","10":"tag-edition-nancy-et-agglomeration","11":"tag-eu","12":"tag-europe","13":"tag-fil-info","14":"tag-fr","15":"tag-france","16":"tag-grand-est","17":"tag-lorraine","18":"tag-meurthe-et-moselle","19":"tag-nancy","20":"tag-news","21":"tag-republique-francaise","22":"tag-selection-de-la-redaction","23":"tag-vos-adresses-preferees","24":"tag-votre-journal-et-vous"},"share_on_mastodon":{"url":"https:\/\/pubeurope.com\/@fr\/115098731344442720","error":""},"_links":{"self":[{"href":"https:\/\/www.europesays.com\/fr\/wp-json\/wp\/v2\/posts\/346703","targetHints":{"allow":["GET"]}}],"collection":[{"href":"https:\/\/www.europesays.com\/fr\/wp-json\/wp\/v2\/posts"}],"about":[{"href":"https:\/\/www.europesays.com\/fr\/wp-json\/wp\/v2\/types\/post"}],"author":[{"embeddable":true,"href":"https:\/\/www.europesays.com\/fr\/wp-json\/wp\/v2\/users\/2"}],"replies":[{"embeddable":true,"href":"https:\/\/www.europesays.com\/fr\/wp-json\/wp\/v2\/comments?post=346703"}],"version-history":[{"count":0,"href":"https:\/\/www.europesays.com\/fr\/wp-json\/wp\/v2\/posts\/346703\/revisions"}],"wp:featuredmedia":[{"embeddable":true,"href":"https:\/\/www.europesays.com\/fr\/wp-json\/wp\/v2\/media\/346704"}],"wp:attachment":[{"href":"https:\/\/www.europesays.com\/fr\/wp-json\/wp\/v2\/media?parent=346703"}],"wp:term":[{"taxonomy":"category","embeddable":true,"href":"https:\/\/www.europesays.com\/fr\/wp-json\/wp\/v2\/categories?post=346703"},{"taxonomy":"post_tag","embeddable":true,"href":"https:\/\/www.europesays.com\/fr\/wp-json\/wp\/v2\/tags?post=346703"}],"curies":[{"name":"wp","href":"https:\/\/api.w.org\/{rel}","templated":true}]}}