{"id":346707,"date":"2025-08-27T04:03:12","date_gmt":"2025-08-27T04:03:12","guid":{"rendered":"https:\/\/www.europesays.com\/fr\/346707\/"},"modified":"2025-08-27T04:03:12","modified_gmt":"2025-08-27T04:03:12","slug":"on-na-pas-lobjectif-de-finir-9e-on-a-cree-de-la-concurrence-le-manager-du-mhr-joan-caudullo-fait-le-point-avant-daffronter-lusap","status":"publish","type":"post","link":"https:\/\/www.europesays.com\/fr\/346707\/","title":{"rendered":"\u00ab\u00a0On n\u2019a pas l\u2019objectif de finir 9e\u00a0\u00bb, \u00ab\u00a0On a cr\u00e9\u00e9 de la concurrence\u00a0\u00bb\u00a0: le manager du MHR Joan Caudullo fait le point avant d\u2019affronter l\u2019Usap"},"content":{"rendered":"<p>\n                                                                Avant son deuxi\u00e8me match amical de l\u2019avant-saison face \u00e0 l\u2019Usap, ce vendredi 29\u00a0ao\u00fbt (19\u00a0h\u00a030), le manager du MHR Joan Caudullo a fait le point sur la pr\u00e9paration de son \u00e9quipe, plus d\u2019un mois apr\u00e8s la reprise de l\u2019entra\u00eenement.\n                            <\/p>\n<p class=\"txt-question\">\u00c0 10 jours de la reprise du Top 14, \u00eates-vous satisfait du niveau de votre pr\u00e9paration\u00a0?<\/p>\n<p>Oui, on est content par rapport \u00e0 ce qu\u2019on veut faire cette saison. On veut aussi amener de la continuit\u00e9 dans nos performances. <a href=\"https:\/\/www.midilibre.fr\/2025\/08\/22\/la-force-tranquille-du-mhr-les-montpellierains-ont-affiche-un-visage-dominant-face-aux-palois-pour-leur-premier-match-12889225.php\" target=\"_blank\" rel=\"nofollow noopener\">Ce qu\u2019on a fait contre Pau (26-5)<\/a>, m\u00eame si l\u2019\u00e9quipe \u00e9tait amput\u00e9e de tr\u00e8s bons joueurs, c\u2019\u00e9tait l\u2019objectif fix\u00e9. C\u2019est-\u00e0-dire arriver \u00e0 avoir un retour au jeu assez positif, \u00eatre dur sur les zones de contact et gagner la guerre des rucks. Je pense qu\u2019on l\u2019a fait, mais on sait tr\u00e8s bien que cela ne suffira pas pour \u00eatre dans les objectifs fix\u00e9s\u00a0: les six premiers. On est content de la performance, mais j\u2019aimerais qu\u2019on puisse encha\u00eener la m\u00eame intensit\u00e9 en portant un peu plus le ballon.<\/p>\n<p class=\"txt-question\">\u00cates-vous en avance par rapport \u00e0 la saison derni\u00e8re\u00a0?<\/p>\n<p>Oui, parce qu\u2019on a un an d\u2019exp\u00e9rience en plus, parce qu\u2019on conna\u00eet\u00a0les joueurs, on sait comment parler individuellement aux mecs. Mais on sait tr\u00e8s bien que le rugby n\u2019est pas une science exacte, que certains projets avancent plus ou moins vite. J\u2019esp\u00e8re que le n\u00f4tre avancera vite avec des r\u00e9sultats d\u00e8s le d\u00e9but de saison.<\/p>\n<p>En tout cas, staff et joueurs, on est meilleur que la saison derni\u00e8re dans la globalit\u00e9. J\u2019ai la sensation que les joueurs adh\u00e8rent au projet. Apr\u00e8s, les autres \u00e9quipes, elles \u00e9voluent aussi.<\/p>\n<p class=\"txt-question\">Quels pi\u00e8ges avez-vous tent\u00e9 d\u2019\u00e9viter par rapport \u00e0 la saison derni\u00e8re\u00a0?<\/p>\n<p>Je trouvais que l\u2019\u00e9quipe avait manqu\u00e9 un petit peu de stabilit\u00e9 dans les performances. C\u2019\u00e9tait aussi \u00e0 cause de nous, le staff, on a manqu\u00e9 de patience. On doit cr\u00e9er des objectifs au fur et \u00e0 mesure, faire en sorte que l\u2019\u00e9quipe soit de plus en plus performante tout en maintenant un haut niveau de performance.<\/p>\n<p>On l\u2019a vu, on a fait un yo-yo. Ce\u00a0qui est d\u00fb aux joueurs, bien s\u00fbr, parce qu\u2019ils sont sur le terrain, mais aussi \u00e0 notre jeune staff parce qu\u2019on n\u2019a pas su garder la rigueur qu\u2019il fallait et les objectifs qu\u2019on leur avait fix\u00e9s.<\/p>\n<p>\u00ab\u00a0Il y a 13 \u00e9quipes qui peuvent jouer le top 6\u00a0\u00bb<\/p>\n<p class=\"txt-question\">\u00c0 quel point l\u2019objectif du top 6 vous met-il sous pression\u00a0?<\/p>\n<p>Aujourd\u2019hui, il y a 13 \u00e9quipes qui peuvent jouer le top 6, sans manquer de respect \u00e0 Montauban.\u00a0On sait tr\u00e8s bien que, tr\u00e8s rapidement, on peut se retrouver en bas. Apr\u00e8s, notre pr\u00e9sident met des moyens extraordinaires. C\u2019est important de montrer qu\u2019on est capable de r\u00e9pondre \u00e0 ces attentes-l\u00e0. On n\u2019a pas l\u2019objectif de finir 9e ou\u00a08e. On a l\u2019objectif de finir dans les 6 premi\u00e8res places et de jouer des phases finales et d\u2019amener le club o\u00f9 il a \u00e9t\u00e9 quasiment les 15 derni\u00e8res ann\u00e9es.<\/p>\n<p class=\"txt-question\">Quel message envoyez-vous avec les prolongations de Lenni Nouchi (2028) et Baptiste Erdocio (2029)\u00a0?<\/p>\n<p>Que nous avons l\u2019ambition de continuer \u00e0 grandir. On attire de plus en plus. Depuis que je suis arriv\u00e9 en 2020, on attire des jeunes joueurs fran\u00e7ais internationaux que d\u2019autres clubs fran\u00e7ais veulent, ce qu\u2019on ne faisait pas avant. On sait tr\u00e8s bien que nos r\u00e9sultats sur le court terme vont \u00eatre importants pour asseoir <a href=\"https:\/\/www.midilibre.fr\/2025\/07\/31\/sadapter-au-marche-tout-en-respectant-les-besoins-des-entraineurs-comment-le-mhr-a-construit-son-recrutement-cette-saison-12853048.php\" target=\"_blank\" rel=\"nofollow noopener\">notre recrutement<\/a> et pouvoir faire un petit peu ce que l\u2019on veut par rapport aux profils dont on a besoin. On est vraiment dans une phase ascendante \u00e0 ce niveau-l\u00e0 et on arrive \u00e0 garder nos meilleurs joueurs. <a href=\"https:\/\/www.midilibre.fr\/2025\/08\/18\/excellente-nouvelle-pour-montpellier-qui-prolonge-son-troisieme-ligne-international-lenni-nouchi-jusquen-2028-12882326.php\" target=\"_blank\" rel=\"nofollow noopener\">Lenni <\/a>en fait partie, <a href=\"https:\/\/www.midilibre.fr\/2025\/08\/22\/un-reve-de-gosse-pas-envie-de-faire-36-clubs-baptiste-erdocio-raconte-sa-tournee-chez-les-all-blacks-et-sa-prolongation-au-mhr-12886776.php\" target=\"_blank\" rel=\"nofollow noopener\">Baptiste <\/a>en fait partie et c\u2019est ce qui, moi, m\u2019importe aujourd\u2019hui.<\/p>\n<p class=\"std-elt__inline\">\n        <strong>\u00c0 lire aussi :<\/strong><br \/>\n        <a href=\"https:\/\/www.midilibre.fr\/2025\/08\/23\/du-positif-des-joueurs-de-retour-contre-perpignan-vendredi-prochain-le-mhr-part-sur-de-bonnes-bases-12890280.php\" rel=\"nofollow noopener\" target=\"_blank\">Du positif, des joueurs de retour contre Perpignan vendredi prochain\u00a0: le MHR part sur de bonnes bases<\/a>\n    <\/p>\n<p>Je g\u00e8re le court terme, donc il faut gagner les matchs, mais en m\u00eame temps, le moyen et long terme m\u2019int\u00e9resse. J\u2019aimerais que le centre de formation redevienne ce qu\u2019il \u00e9tait avant, o\u00f9 on a sorti des grands, voire des tr\u00e8s tr\u00e8s grands joueurs. Et je pense qu\u2019on en est capable, vu les moyens mis en place par notre pr\u00e9sident sur la formation, sur les moyens humains, d\u2019entra\u00eenement\u2026 Aujourd\u2019hui, on a un centre de formation qui, en termes de staff, est vraiment un des plus gros de France. Donc il faut que \u00e7a se voie par les r\u00e9sultats et par les joueurs qui vont sortir.<\/p>\n<p class=\"txt-question\">Le court terme, c\u2019est le match \u00e0 Perpignan, vendredi, le deuxi\u00e8me de la pr\u00e9paration, qu\u2019attendez-vous de cette rencontre\u00a0?<\/p>\n<p>On a neuf matchs d\u2019affil\u00e9e apr\u00e8s ce match de Perpignan. On a un d\u00e9but de saison qu\u2019il ne faut pas manquer par rapport \u00e0 la saison derni\u00e8re o\u00f9 on avait perdu contre Lyon. Ce match amical \u00e0 Perpignan va ressembler \u00e0 ce qu\u2019on va vivre \u00e0 Bayonne (deuxi\u00e8me journ\u00e9e) en termes de public, d\u2019intensit\u00e9. Il est important de r\u00e9cup\u00e9rer le maximum de points d\u2019entr\u00e9e. Et j\u2019ai envie aussi de mettre les joueurs dans de bonnes conditions. On va se rapprocher de l\u2019\u00e9quipe qui va d\u00e9marrer contre Toulon, mais je vais continuer \u00e0 avoir 30 ou 35 joueurs pour que tout le monde soit dans le groupe, m\u00eame si on aura un temps de jeu diff\u00e9rent.<\/p>\n<p>On veut se rapprocher de ce qui va se passer sur le match de Toulon. Il faut qu\u2019on arrive \u00e0 cr\u00e9er une \u00e9mulation, quelle que soit l\u2019\u00e9quipe qui joue.<\/p>\n<p class=\"std-elt__inline\">\n        <strong>\u00c0 lire aussi :<\/strong><br \/>\n        <a href=\"https:\/\/www.midilibre.fr\/2025\/08\/22\/la-force-tranquille-du-mhr-les-montpellierains-ont-affiche-un-visage-dominant-face-aux-palois-pour-leur-premier-match-12889225.php\" rel=\"nofollow noopener\" target=\"_blank\">La force tranquille du MHR\u00a0: les Montpelli\u00e9rains ont affich\u00e9 un visage dominant face aux Palois pour leur premier match<\/a>\n    <\/p>\n<p>Contre Pau, \u00e0 qui il manquait pas mal de joueurs, on avait un groupe homog\u00e8ne et on avait trois joueurs par poste, qui \u00e9taient capables de gagner des matchs en top 14. Donc \u00e7a, c\u2019est un \u00e9l\u00e9ment du match contre Pau qui est hyper int\u00e9ressant. Et j\u2019esp\u00e8re qu\u2019on va continuer \u00e0 le voir contre Perpignan.<\/p>\n<p>\u00c0 la mi-temps, on va changer une partie de l\u2019\u00e9quipe et que notre niveau d\u2019intensit\u00e9 soit le m\u00eame et \u00e7a prouvera qu\u2019on est capables d\u2019\u00eatre dans la continuit\u00e9 tout au long de la saison, quelle que soit l\u2019\u00e9quipe qui joue.<\/p>\n<p>On a recrut\u00e9 des joueurs qui sont capables d\u2019\u00eatre num\u00e9ro un. Dans l\u2019\u00e9quipe qui va d\u00e9marrer, il n\u2019y aura pas \u00e9norm\u00e9ment de nouveaux joueurs. Ils vont s\u2019int\u00e9grer au fur et \u00e0 mesure parce que les joueurs de la saison derni\u00e8re sont des titulaires en puissance. Certains sont en train de prendre la place. On arrive \u00e0 cr\u00e9er de la concurrence et je trouve certains encore plus performants. Ils ont fait une bonne pr\u00e9pa, ils sont de\u00a0plus en forme et c\u2019est du fait de la concurrence qui est arriv\u00e9e.<\/p>\n","protected":false},"excerpt":{"rendered":"Avant son deuxi\u00e8me match amical de l\u2019avant-saison face \u00e0 l\u2019Usap, ce vendredi 29\u00a0ao\u00fbt (19\u00a0h\u00a030), le manager du MHR&hellip;\n","protected":false},"author":2,"featured_media":346708,"comment_status":"","ping_status":"","sticky":false,"template":"","format":"standard","meta":{"footnotes":""},"categories":[9599],"tags":[1111,11,1777,674,1011,27,2208,12,2680,25],"class_list":{"0":"post-346707","1":"post","2":"type-post","3":"status-publish","4":"format-standard","5":"has-post-thumbnail","7":"category-montpellier","8":"tag-actu","9":"tag-actualites","10":"tag-eu","11":"tag-europe","12":"tag-fr","13":"tag-france","14":"tag-montpellier","15":"tag-news","16":"tag-occitanie","17":"tag-republique-francaise"},"share_on_mastodon":{"url":"https:\/\/pubeurope.com\/@fr\/115098747064683258","error":""},"_links":{"self":[{"href":"https:\/\/www.europesays.com\/fr\/wp-json\/wp\/v2\/posts\/346707","targetHints":{"allow":["GET"]}}],"collection":[{"href":"https:\/\/www.europesays.com\/fr\/wp-json\/wp\/v2\/posts"}],"about":[{"href":"https:\/\/www.europesays.com\/fr\/wp-json\/wp\/v2\/types\/post"}],"author":[{"embeddable":true,"href":"https:\/\/www.europesays.com\/fr\/wp-json\/wp\/v2\/users\/2"}],"replies":[{"embeddable":true,"href":"https:\/\/www.europesays.com\/fr\/wp-json\/wp\/v2\/comments?post=346707"}],"version-history":[{"count":0,"href":"https:\/\/www.europesays.com\/fr\/wp-json\/wp\/v2\/posts\/346707\/revisions"}],"wp:featuredmedia":[{"embeddable":true,"href":"https:\/\/www.europesays.com\/fr\/wp-json\/wp\/v2\/media\/346708"}],"wp:attachment":[{"href":"https:\/\/www.europesays.com\/fr\/wp-json\/wp\/v2\/media?parent=346707"}],"wp:term":[{"taxonomy":"category","embeddable":true,"href":"https:\/\/www.europesays.com\/fr\/wp-json\/wp\/v2\/categories?post=346707"},{"taxonomy":"post_tag","embeddable":true,"href":"https:\/\/www.europesays.com\/fr\/wp-json\/wp\/v2\/tags?post=346707"}],"curies":[{"name":"wp","href":"https:\/\/api.w.org\/{rel}","templated":true}]}}