{"id":346711,"date":"2025-08-27T04:06:17","date_gmt":"2025-08-27T04:06:17","guid":{"rendered":"https:\/\/www.europesays.com\/fr\/346711\/"},"modified":"2025-08-27T04:06:17","modified_gmt":"2025-08-27T04:06:17","slug":"isere-de-faux-benevoles-arnaquent-les-habitants-de-ces-communes-une-association-alerte","status":"publish","type":"post","link":"https:\/\/www.europesays.com\/fr\/346711\/","title":{"rendered":"Is\u00e8re. De faux b\u00e9n\u00e9voles arnaquent les habitants de ces communes, une association alerte"},"content":{"rendered":"<p>            Par<br \/>\n        <strong><br \/>\n            <a href=\"https:\/\/actu.fr\/auteur\/emma-ressegaire\" title=\"Consulter tous les articles de Emma Ressegaire\" target=\"_blank\" rel=\"noopener\">Emma Ressegaire<\/a><br \/>\n        <\/strong><\/p>\n<p>        Publi\u00e9 le<\/p>\n<p>            26 ao\u00fbt 2025 \u00e0 11h36        <\/p>\n<p>Faites attention ! <strong>L\u2019association \u00ab\u00a0Un Toit Pour Tous\u00a0\u00bb,<\/strong> qui vient en aide aux personnes qui rencontrent des difficult\u00e9s \u00e0 se loger et dont le si\u00e8ge se trouve \u00e0 \u00c9chirolles, alerte sur <strong>une arnaque<\/strong> qui s\u00e9vit dans certaines communes du d\u00e9partement de l\u2019Is\u00e8re.\u00a0<\/p>\n<p class=\" wall-content\">Le collectif a \u00e9t\u00e9 contact\u00e9 par des particuliers qui ont indiqu\u00e9 avoir \u00e9t\u00e9 <strong>d\u00e9march\u00e9s par des faux b\u00e9n\u00e9voles<\/strong>. \u00ab\u00a0Depuis la semaine derni\u00e8re, des individus se font passer pour Un Toit Pour Tous et demandent de l\u2019argent en porte-\u00e0-porte\u00a0\u00bb, explique l\u2019association dans une publication post\u00e9e sur Facebook.<\/p>\n<p class=\" wall-content\">Malheureusement, \u00ab\u00a0<strong>deux personnes ont donn\u00e9 fait des dons<\/strong> sans que nous ayons l\u2019information sur les montants\u00a0\u00bb, nous pr\u00e9cise St\u00e9phanie Rouanet, responsable de la communication et du b\u00e9n\u00e9volat.<\/p>\n<p class=\" wall-content\">.<\/p>\n<p>\u00ab\u00a0Jamais de collecte d\u2019argent \u00e0 domicile\u00a0\u00bb<\/p>\n<p class=\" wall-content\">Ces faux b\u00e9n\u00e9voles sont all\u00e9s frapper aux portes des habitants des communes de <strong>Meylan, Claix et Veurey-Voroize.<\/strong><\/p>\n<p class=\" wall-content\">Un Toit Pour Tous indique que l\u2019association \u00ab\u00a0ne pratique jamais de collecte d\u2019argent \u00e0 domicile\u00a0\u00bb.\u00a0<\/p>\n<p class=\" wall-content\">Dans un <a href=\"https:\/\/www.untoitpourtous.org\/alerte-fraude-de-faux-demarcheurs-se-font-passer-pour-lassociation-un-toit-pour-tous\/\" target=\"_blank\" rel=\"noopener\">communiqu\u00e9<\/a>, cette derni\u00e8re explique avoir inform\u00e9 les autorit\u00e9s comp\u00e9tentes de cette fraude et rappelle que <strong>les seuls canaux de dons<\/strong> sont :<\/p>\n<p>Votre r\u00e9gion, votre actu !<\/p>\n<p>Recevez chaque jour les infos qui comptent pour vous.<\/p>\n<p>\t<a href=\"https:\/\/actu.fr\/newsletter\" class=\"ac-btn ac-btn--corner ac-btn--medium ac-btn--blue800\" target=\"_blank\" rel=\"noopener\">S&rsquo;incrire<\/a><\/p>\n<ul class=\" wall-content\">\n<li>le site internet s\u00e9curis\u00e9\u00a0<\/li>\n<li>les dons par ch\u00e8que \u00e0 l\u2019ordre de Un Toit Pour Tous, envoy\u00e9 directement au si\u00e8ge de l\u2019association (17 b Avenue Salvador Allende, 38130 \u00c9chirolles)<\/li>\n<\/ul>\n<p>    <a href=\"https:\/\/www.facebook.com\/plugins\/post.php?href=https%3A%2F%2Fwww.facebook.com%2Funtoitpourtous38%2Fposts%2Fpfbid0362SnEmoMHzaYjLbH6SGTzTZ78f5xe4nhQu2j4PGqyFrv2tzYJiRTjwideqTK8S7xl&amp;show_text=true&amp;width=350\" title=\"Ouvrie le lien\" target=\"_blank\" rel=\"noopener\">Cliquez ici pour visualiser le contenu<\/a><\/p>\n<p class=\" wall-content\">Si vous \u00eates sollicit\u00e9s par du porte-\u00e0-porte, ne donnez rien et <strong>signalez-le aux autorit\u00e9s<\/strong> et \u00e0 l\u2019association.<\/p>\n<p class=\" wall-content\">Personnalisez votre actualit\u00e9 en ajoutant vos villes et m\u00e9dias en favori avec <a href=\"https:\/\/moncompte.actu.fr\" title=\"D\u00e9couvez Mon Actu\" rel=\"nofollow noopener\" data-trk=\"{&quot;cta&quot;:{&quot;action&quot;:&quot;https:\\\/\\\/moncompte.actu.fr&quot;,&quot;category&quot;:&quot;mon compte&quot;,&quot;from&quot;:&quot;article footer&quot;,&quot;name&quot;:&quot;Mon actu&quot;,&quot;type&quot;:&quot;cta&quot;}}\" target=\"_blank\">Mon Actu<\/a>.<\/p>\n","protected":false},"excerpt":{"rendered":"Par Emma Ressegaire Publi\u00e9 le 26 ao\u00fbt 2025 \u00e0 11h36 Faites attention ! L\u2019association \u00ab\u00a0Un Toit Pour Tous\u00a0\u00bb,&hellip;\n","protected":false},"author":2,"featured_media":346712,"comment_status":"","ping_status":"","sticky":false,"template":"","format":"standard","meta":{"footnotes":""},"categories":[9566],"tags":[1111,11,3514,2430,1777,674,1011,27,1006,2731,12,25,104],"class_list":{"0":"post-346711","1":"post","2":"type-post","3":"status-publish","4":"format-standard","5":"has-post-thumbnail","7":"category-grenoble","8":"tag-actu","9":"tag-actualites","10":"tag-arnaque","11":"tag-auvergne-rhone-alpes","12":"tag-eu","13":"tag-europe","14":"tag-fr","15":"tag-france","16":"tag-fraude","17":"tag-grenoble","18":"tag-news","19":"tag-republique-francaise","20":"tag-societe"},"share_on_mastodon":{"url":"https:\/\/pubeurope.com\/@fr\/115098759096206606","error":""},"_links":{"self":[{"href":"https:\/\/www.europesays.com\/fr\/wp-json\/wp\/v2\/posts\/346711","targetHints":{"allow":["GET"]}}],"collection":[{"href":"https:\/\/www.europesays.com\/fr\/wp-json\/wp\/v2\/posts"}],"about":[{"href":"https:\/\/www.europesays.com\/fr\/wp-json\/wp\/v2\/types\/post"}],"author":[{"embeddable":true,"href":"https:\/\/www.europesays.com\/fr\/wp-json\/wp\/v2\/users\/2"}],"replies":[{"embeddable":true,"href":"https:\/\/www.europesays.com\/fr\/wp-json\/wp\/v2\/comments?post=346711"}],"version-history":[{"count":0,"href":"https:\/\/www.europesays.com\/fr\/wp-json\/wp\/v2\/posts\/346711\/revisions"}],"wp:featuredmedia":[{"embeddable":true,"href":"https:\/\/www.europesays.com\/fr\/wp-json\/wp\/v2\/media\/346712"}],"wp:attachment":[{"href":"https:\/\/www.europesays.com\/fr\/wp-json\/wp\/v2\/media?parent=346711"}],"wp:term":[{"taxonomy":"category","embeddable":true,"href":"https:\/\/www.europesays.com\/fr\/wp-json\/wp\/v2\/categories?post=346711"},{"taxonomy":"post_tag","embeddable":true,"href":"https:\/\/www.europesays.com\/fr\/wp-json\/wp\/v2\/tags?post=346711"}],"curies":[{"name":"wp","href":"https:\/\/api.w.org\/{rel}","templated":true}]}}