{"id":346713,"date":"2025-08-27T04:07:21","date_gmt":"2025-08-27T04:07:21","guid":{"rendered":"https:\/\/www.europesays.com\/fr\/346713\/"},"modified":"2025-08-27T04:07:21","modified_gmt":"2025-08-27T04:07:21","slug":"divorces-en-serie-pour-les-gauches-a-grenoble","status":"publish","type":"post","link":"https:\/\/www.europesays.com\/fr\/346713\/","title":{"rendered":"DIVORCES EN S\u00c9RIE POUR LES GAUCHES \u00c0 GRENOBLE"},"content":{"rendered":"<p>Posted On 27 ao\u00fbt 2025 <\/p>\n<p style=\"text-align: justify;\">Ca tangue de plus en plus dangereusement pour les Verts\/LFI sortants. <a target=\"_blank\" href=\"https:\/\/c.ledauphine.com\/elections\/2025\/08\/25\/isere-grenoble-municipales-on-ne-veut-pas-s-inscrire-dans-une-continuite-douce-dit-elisa-martin-(lfi)\" rel=\"noopener\">Interview\u00e9e par Eve Moulinier pour le Dauphin\u00e9 Lib\u00e9r\u00e9<\/a>, la D\u00e9put\u00e9 LFI Elisa Martin pr\u00e9cise la strat\u00e9gie de LFI pour les municipales \u00e0 Grenoble&#8230; et confirme qu&rsquo;une liste distincte des Verts se profile bien.<\/p>\n<p>L&rsquo;AFFAIRE PIOLLE\/MARTIN TOUJOURS EN SUSPENS<\/p>\n<p style=\"text-align: justify;\">La revoil\u00e0. L&rsquo;ex 1\u00e8re adjointe de Piolle d\u00e9sormais d\u00e9put\u00e9e \u00e9tait rest\u00e9e discr\u00e8te malgr\u00e9 sa nomination avant l&rsquo;\u00e9t\u00e9 comme cheffe de file de LFI pour les municipales \u00e0 Grenoble, avec Allan Brunon. Et pour cause : comme une \u00e9p\u00e9e de Damocl\u00e8s, elle est toujours sous le coup d&rsquo;une proc\u00e9dure judiciaire en cours (<a href=\"https:\/\/grenoble-le-changement.fr\/2025\/06\/29\/affaires-piolle-martin-transmises-un-an-apres-au-parquet-de-valence\/\" target=\"_blank\" rel=\"noopener\">bien que tr\u00e8s lente et transmise au parquet de Valence<\/a>) car accus\u00e9e par Enzo Lesourt, ex bras droit d&rsquo;Eric Piolle, d&rsquo;avoir per\u00e7u des r\u00e9mun\u00e9rations au black ponctionn\u00e9es sur son salaire \u00e0 la demande du Maire.\u00a0<\/p>\n<p><a href=\"https:\/\/i2.wp.com\/grenoble-le-changement.fr\/wp-content\/uploads\/2024\/07\/affaire-piolle-martin-lsourt.jpg?ssl=1\" rel=\"lightbox[84257] noopener\" target=\"_blank\"><img loading=\"lazy\" decoding=\"async\" class=\" wp-image-74830 jetpack-lazy-image\" src=\"https:\/\/i2.wp.com\/grenoble-le-changement.fr\/wp-content\/uploads\/2024\/07\/affaire-piolle-martin-lsourt.jpg?resize=511%2C681&amp;ssl=1\" alt=\"\" width=\"511\" height=\"681\" data-recalc-dims=\"1\" data-lazy-src=\"https:\/\/www.europesays.com\/fr\/wp-content\/uploads\/2025\/06\/affaire-piolle-martin-lsourt.jpg\" \/><\/a>Malgr\u00e9 la proc\u00e9dure en cours, Elisa Martin revient donner des le\u00e7ons.\u00a0<br \/>\nALLAN BRUNON (LFI) TORPILLE LE BILAN&#8230; DES VERTS\/LFI<\/p>\n<p style=\"text-align: justify;\">Jusqu&rsquo;ici, c&rsquo;est donc l&rsquo;autre chef de file, le jeune parachut\u00e9 Allan Brunon, <a href=\"https:\/\/grenoble-le-changement.fr\/2025\/08\/23\/municipales-les-verts-lfi-eclates-alain-carignon-prend-le-large\/\" target=\"_blank\" rel=\"noopener\">qui s&rsquo;est exprim\u00e9 au nom de LFI \u00e0 propos des \u00e9lections<\/a> \u00e0 venir. Ob\u00e9issant \u00e0 la strat\u00e9gie nationale des Insoumis qui instaurent un rapport de force avec le reste de la gauche, il agite la menace d&rsquo;une liste autonome qui romprait le socle Verts\/LFI qui pr\u00e9valait \u00e0 Grenoble depuis 2014. Attaquant sans g\u00eane des pans entiers du bilan de cette majorit\u00e9, comme le projet de lac de la Villeneuve, alors que les \u00e9lus LFI au conseil municipal le soutiennent !\u00a0<\/p>\n<p>APR\u00c8S PIOLLE, MARTIN VEUT \u00ab\u00a0AUTRE CHOSE\u00a0\u00bb<\/p>\n<p style=\"text-align: justify;\">On aurait pu penser qu&rsquo;Elisa Martin, toujours \u00e9lue au conseil municipal et coresponsable par ses votes de <a href=\"https:\/\/grenoble-le-changement.fr\/2024\/04\/19\/le-groupe-dopposition-a-hoche-pour-les-10-ans-de-piolle\/\" target=\"_blank\" rel=\"noopener\">l&rsquo;int\u00e9gralit\u00e9 du bilan des 12 derni\u00e8res ann\u00e9es<\/a>, prendrait la parole pour temp\u00e9rer les propos de son jeune camarade co-chef de file. Il n&rsquo;en est rien : elle abonde dans son sens, en expliquant ne pas vouloir \u00ab\u00a0s\u2019inscrire dans une continuit\u00e9 douce\u00a0\u00bb du mandat de Piolle. \u00ab\u00a0On veut autre chose\u00a0\u00bb lance-t-elle clairement \u00e0 Eve Moulinier.\u00a0<\/p>\n<p><a href=\"https:\/\/i0.wp.com\/grenoble-le-changement.fr\/wp-content\/uploads\/2022\/10\/fristot-zfe.png?ssl=1\" rel=\"lightbox[84257] noopener\" target=\"_blank\"><img loading=\"lazy\" decoding=\"async\" class=\" wp-image-55313 jetpack-lazy-image\" src=\"https:\/\/i0.wp.com\/grenoble-le-changement.fr\/wp-content\/uploads\/2022\/10\/fristot-zfe.png?resize=616%2C238&amp;ssl=1\" alt=\"zfe grenoble\" width=\"616\" height=\"238\" data-recalc-dims=\"1\" data-lazy-src=\"https:\/\/www.europesays.com\/fr\/wp-content\/uploads\/2025\/08\/fristot-zfe.png\" \/><\/a>La ZFE, que les Verts\/LFI de Grenoble ont vot\u00e9 et voulus toujours plus contraignante, fait aussi partie des sujets que le chef de file Allan Brunon critique d\u00e9sormais vertement ! Ils ne sont pas \u00e9touff\u00e9s par la coh\u00e9rence<br \/>\nLE SYMBOLE DE 2014 ENTERR\u00c9<\/p>\n<p style=\"text-align: justify;\">Localement, c&rsquo;est un peu la chute finale. Car ce bin\u00f4me Piolle\/Martin, devenu Maire\/1\u00e8re adjointe en 2014, \u00e9tait l&rsquo;incarnation de la vague Verts\/LFI \u00e0 Grenoble. La personnification de cette union triomphante, \u00e0 l&rsquo;\u00e9poque salu\u00e9e par Jean-Luc M\u00e9lenchon. Mais Martin ne fait pas dans les sentiments et balaye s\u00e8chement cette histoire commune : \u00ab\u00a0le pass\u00e9 est le pass\u00e9\u00a0\u00bb, \u00ab\u00a0c\u2019est demain qui compte, pas 2014\u00a0\u00bb, \u00ab\u00a0nous sommes en 2025, et le monde a chang\u00e9\u00a0\u00bb. <a href=\"https:\/\/grenoble-le-changement.fr\/2024\/06\/10\/grenoble-que-disent-les-europeennes-sur-les-municipales\/\" target=\"_blank\" rel=\"noopener\">Le rapport de force entre les \u00e9colos et les insoumis aussi<\/a>&#8230;\u00a0<\/p>\n<p><a href=\"https:\/\/i0.wp.com\/grenoble-le-changement.fr\/wp-content\/uploads\/2024\/11\/piolle-martin-affaires-1-2.png?ssl=1\" rel=\"lightbox[84257] noopener\" target=\"_blank\"><img loading=\"lazy\" decoding=\"async\" class=\" wp-image-78014 jetpack-lazy-image\" src=\"https:\/\/i0.wp.com\/grenoble-le-changement.fr\/wp-content\/uploads\/2024\/11\/piolle-martin-affaires-1-2.png?resize=623%2C586&amp;ssl=1\" alt=\"\" width=\"623\" height=\"586\" data-recalc-dims=\"1\" data-lazy-src=\"https:\/\/www.europesays.com\/fr\/wp-content\/uploads\/2025\/08\/piolle-martin-affaires-1-2.png\" \/><\/a>Piolle\/Martin au temps de l&rsquo;idylle qui parait d\u00e9sormais bien lointain. \u00ab\u00a0Grenoble en commun\u00a0\u00bb n&rsquo;a plus grand chose en commun<br \/>\nLA GAUCHE PARTIE POUR \u00caTRE DIVIS\u00c9E AUX MUNICIPALES<\/p>\n<p style=\"text-align: justify;\">&#8230; et ces derniers entendent s&rsquo;imposer face \u00e0 leurs partenaires. Ils veulent ainsi d\u00e9finir entre insoumis \u00ab\u00a0un programme fort\u00a0\u00bb (comprendre : ce qui a \u00e9t\u00e9 fait ces 2 mandats ne l&rsquo;\u00e9tait pas !) puis le soumettre aux Verts, aux communistes et \u00e0 <a href=\"https:\/\/grenoble-le-changement.fr\/2025\/08\/09\/avrillier-coutaz-les-verts-ades-des-leurres-pour-desenclaver-l-ruffin\/\" target=\"_blank\" rel=\"noopener\">l&rsquo;ADES de Raymond Avrillier<\/a>. Mais pas au PS d&rsquo;Amandine Germain qu&rsquo;ils excluent d&#8217;embl\u00e9e, consid\u00e9rant que les socialistes sont, au niveau national, trop proches du macronisme.<\/p>\n<p style=\"text-align: justify;\">Si les Verts font alliance avec LFI, ce devrait donc \u00eatre sans le PS qui formerait une liste autonome, et inversement : par leur posture, Brunon, Martin et La France Insoumise ent\u00e9rinent bel et bien une division de la gauche grenobloise pour ces \u00e9lections.\u00a0<\/p>\n<p>RUFFIN, LHEUREUX ET LES AUTRES ? UN \u00ab\u00a0CASTING\u00a0\u00bb DE \u00ab\u00a04\u00c8ME R\u00c9PUBLIQUE\u00a0\u00bb<\/p>\n<p style=\"text-align: justify;\">Martin ne se montre pas particuli\u00e8rement tendre avec les Verts\/PCF et <a href=\"https:\/\/grenoble-le-changement.fr\/2025\/07\/19\/la-liste-piolle-ruffin-cest-comme-si-on-avait-deja-gagne-%ef%bf%bc\/\" target=\"_blank\" rel=\"noopener\">leurs 4 chefs de file, \u00e0 savoir Laurence Ruffin, Lucille Lheureux, Margot Belair, Nicolas B\u00e9ron-Perez<\/a>. Elle consid\u00e8re qu&rsquo;il s&rsquo;agit l\u00e0 d&rsquo;un \u00ab\u00a0casting\u00a0\u00bb qui fait \u00ab\u00a0trop \u201cVe R\u00e9publique\u201d\u200a!\u00a0\u00bb. Tr\u00e8s aimable pour ses coll\u00e8gues, avec qui elle si\u00e8ge au sein du m\u00eame groupe de la majorit\u00e9 au conseil municipal.<\/p>\n<p>LA TENTATIVE DE PASSER OUTRE LE BILAN<\/p>\n<p style=\"text-align: justify;\">Pour les insoumis, il faut \u00e9galement voir derri\u00e8re cette rupture avec le Piollisme et cette fa\u00e7on de s&rsquo;\u00e9loigner des Verts une tentative de s&rsquo;affranchir du bilan calamiteux qui p\u00e8se (aussi) sur leurs \u00e9paules. Tout comme ils tentent de s&rsquo;en extirper, de faire oublier leurs renoncements, <a href=\"https:\/\/grenoble-le-changement.fr\/2025\/07\/02\/jumelage-avec-rehovot-piolle-se-prend-les-pieds-dans-le-tapis-politicien\/\" target=\"_blank\" rel=\"noopener\">en instrumentalisant des sujets de politique nationale&#8230; voire internationale, comme la Palestine<\/a>. Comme si le Maire de Grenoble avait un quelconque impact sur ce qui se passe \u00e0 Gaza&#8230;\u00a0<\/p>\n<p>\u00ab\u00a0GRENOBLE CAPITALE CITOYENNE\u00a0\u00bb DEVAIT VOTER POUR SE D\u00c9PARTAGER&#8230;<\/p>\n<p style=\"text-align: justify;\">La semaine est riche en fractures \u00e0 gauche puisque, comme nous l&rsquo;avons<a href=\"https:\/\/grenoble-le-changement.fr\/2025\/08\/24\/les-informes-du-soir-43\/\" target=\"_blank\" rel=\"noopener\"> r\u00e9v\u00e9l\u00e9 en exclusivit\u00e9 dimanche dernier<\/a>, \u00e7a chauffe aussi \u00e0 Grenoble Capitale Citoyenne (GCC) \/ Place Publique. Un vote devait d\u00e9partager cette semaine Romain Gentil (Place Publique) et Pascal Clouaire (\u00e9lu exclu de la majorit\u00e9 Piolle) jusqu&rsquo;alors en concurrence pour la t\u00eate de liste de cette initiative sociale-d\u00e9mocrate, class\u00e9e centre-gauche, \u00e0 laquelle s&rsquo;est aussi joint le micro-parti \u00e9colo \u00ab\u00a0Equinoxe\u00a0\u00bb.<\/p>\n<p><a href=\"https:\/\/i2.wp.com\/grenoble-le-changement.fr\/wp-content\/uploads\/2023\/03\/Clouaire-1.png?ssl=1\" rel=\"lightbox[84257] noopener\" target=\"_blank\"><img loading=\"lazy\" decoding=\"async\" class=\" wp-image-60280 jetpack-lazy-image\" src=\"https:\/\/i2.wp.com\/grenoble-le-changement.fr\/wp-content\/uploads\/2023\/03\/Clouaire-1.png?resize=624%2C582&amp;ssl=1\" alt=\"\" width=\"624\" height=\"582\" data-recalc-dims=\"1\" data-lazy-src=\"https:\/\/www.europesays.com\/fr\/wp-content\/uploads\/2025\/08\/1756267641_867_Clouaire-1.png\" \/><\/a>Pascal Clouaire, en bisbille avec Romain Gentil, se retire de la coalition qu&rsquo;il avait cr\u00e9\u00e9 avec lui<br \/>\n&#8230; MAIS EXPLOSE EN VOL AVEC LE D\u00c9PART DE P. CLOUAIRE<\/p>\n<p style=\"text-align: justify;\">Mais alors que Romain Gentil semble avoir verrouill\u00e9 le mouvement, Pascal Clouaire a d\u00e9cid\u00e9 de jet\u00e9 l&rsquo;\u00e9ponge et de quitter le navire. Coup dur avant m\u00eame de commencer la campagne que de perdre la personnalit\u00e9 la plus m\u00e9diatique du mouvement (il est Vice-Pr\u00e9sident de la m\u00e9tropole). \u00ab\u00a0GCC\u00a0\u00bb paye aussi <a href=\"https:\/\/grenoble-le-changement.fr\/2025\/08\/23\/municipales-les-verts-lfi-eclates-alain-carignon-prend-le-large\/\" target=\"_blank\" rel=\"noopener\">un positionnement \u00e9lectoraliste et un peu b\u00e2tard<\/a>, \u00e0 la fois critique de la majorit\u00e9 Verts\/LFI sortante et en m\u00eame temps pas encore capable de formellement s&rsquo;engager \u00e0 ne pas s&rsquo;allier avec eux in fine.<\/p>\n<p>CEUX QUI VEULENT ROMPRE AVEC LE PIOLLISME DOIVENT S&rsquo;UNIR&#8230;<\/p>\n<p style=\"text-align: justify;\">Si les militants de \u00ab\u00a0Capitale Citoyenne\u00a0\u00bb sont v\u00e9ritablement sinc\u00e8res dans leur d\u00e9sir de faire prendre \u00e0 Grenoble une autre trajectoire, ils devraient d\u00e8s lors engager le dialogue avec Alain Carignon et son collectif \u00ab\u00a0R\u00e9concilier Grenoble\u00a0\u00bb, qui r\u00e9unit des personnalit\u00e9s de toutes les sensibilit\u00e9s, <a href=\"https:\/\/grenoble-le-changement.fr\/2025\/06\/01\/la-gauche-qui-agit-un-nouveau-groupe-qui-change-la-donne-municipale\/\" target=\"_blank\" rel=\"noopener\">y compris de gauche qui se retrouvent dans le groupe \u00ab\u00a0La Gauche qui Agit\u00a0\u00bb<\/a>. Cette diversit\u00e9 d&rsquo;opinion \u00e9tant unie par la volont\u00e9 de rompre avec la politique men\u00e9e par la majorit\u00e9 sortante depuis 12 ans.<\/p>\n<p>&#8230; AUTOUR D&rsquo;UN PROJET, ET PAS D&rsquo;AMBITIONS INDIVIDUELLES<\/p>\n<p style=\"text-align: justify;\">Politique qui se caract\u00e9rise par exemple par des reculs importants sur le social avec l&rsquo;explosion de la pr\u00e9carit\u00e9 \u00e0 Grenoble, sur la pr\u00e9vention et le socioculturel avec le d\u00e9mant\u00e8lement de structures reconnues, sur le logement avec une <a href=\"https:\/\/grenoble-le-changement.fr\/2025\/08\/11\/logement-social-les-locataires-toujours-oublies-par-les-verts-lfi\/\" target=\"_blank\" rel=\"noopener\">gestion d\u00e9shumanis\u00e9e des bailleurs sociaux pilot\u00e9s par les Verts\/LFI<\/a>&#8230; C&rsquo;est autour de ce bilan qu&rsquo;il s&rsquo;agit de discuter et de formuler des propositions pour les Grenoblois, comme le fait Alain Carignon ce qui lui permet de cr\u00e9er le plus large rassemblement avec \u00ab\u00a0R\u00e9concilier Grenoble\u00a0\u00bb. Pas autour d&rsquo;ambitions individuelles et de qu\u00eates \u00e9gotiques d&rsquo;un strapontin.\u00a0<\/p>\n","protected":false},"excerpt":{"rendered":"Posted On 27 ao\u00fbt 2025 Ca tangue de plus en plus dangereusement pour les Verts\/LFI sortants. Interview\u00e9e par&hellip;\n","protected":false},"author":2,"featured_media":145549,"comment_status":"","ping_status":"","sticky":false,"template":"","format":"standard","meta":{"footnotes":""},"categories":[9566],"tags":[1111,11,9601,14001,2430,10131,9607,1777,674,10608,1011,27,2731,3081,10136,10612,10613,12,24294,9609,10140,25,14009],"class_list":{"0":"post-346713","1":"post","2":"type-post","3":"status-publish","4":"format-standard","5":"has-post-thumbnail","7":"category-grenoble","8":"tag-actu","9":"tag-actualites","10":"tag-alain-carignon","11":"tag-amandine-germain","12":"tag-auvergne-rhone-alpes","13":"tag-elisa-martin","14":"tag-eric-piolle","15":"tag-eu","16":"tag-europe","17":"tag-eve-moulinier","18":"tag-fr","19":"tag-france","20":"tag-grenoble","21":"tag-jean-luc-melenchon","22":"tag-laurence-ruffin","23":"tag-lucille-lheureux","24":"tag-margot-belair","25":"tag-news","26":"tag-nicolas-beron-perez","27":"tag-pascal-clouaire","28":"tag-raymond-avrillier","29":"tag-republique-francaise","30":"tag-romain-gentil"},"share_on_mastodon":{"url":"https:\/\/pubeurope.com\/@fr\/115098763275962152","error":""},"_links":{"self":[{"href":"https:\/\/www.europesays.com\/fr\/wp-json\/wp\/v2\/posts\/346713","targetHints":{"allow":["GET"]}}],"collection":[{"href":"https:\/\/www.europesays.com\/fr\/wp-json\/wp\/v2\/posts"}],"about":[{"href":"https:\/\/www.europesays.com\/fr\/wp-json\/wp\/v2\/types\/post"}],"author":[{"embeddable":true,"href":"https:\/\/www.europesays.com\/fr\/wp-json\/wp\/v2\/users\/2"}],"replies":[{"embeddable":true,"href":"https:\/\/www.europesays.com\/fr\/wp-json\/wp\/v2\/comments?post=346713"}],"version-history":[{"count":0,"href":"https:\/\/www.europesays.com\/fr\/wp-json\/wp\/v2\/posts\/346713\/revisions"}],"wp:featuredmedia":[{"embeddable":true,"href":"https:\/\/www.europesays.com\/fr\/wp-json\/wp\/v2\/media\/145549"}],"wp:attachment":[{"href":"https:\/\/www.europesays.com\/fr\/wp-json\/wp\/v2\/media?parent=346713"}],"wp:term":[{"taxonomy":"category","embeddable":true,"href":"https:\/\/www.europesays.com\/fr\/wp-json\/wp\/v2\/categories?post=346713"},{"taxonomy":"post_tag","embeddable":true,"href":"https:\/\/www.europesays.com\/fr\/wp-json\/wp\/v2\/tags?post=346713"}],"curies":[{"name":"wp","href":"https:\/\/api.w.org\/{rel}","templated":true}]}}