{"id":346714,"date":"2025-08-27T04:09:12","date_gmt":"2025-08-27T04:09:12","guid":{"rendered":"https:\/\/www.europesays.com\/fr\/346714\/"},"modified":"2025-08-27T04:09:12","modified_gmt":"2025-08-27T04:09:12","slug":"cest-quand-meme-bizarre-a-rennes-la-place-sainte-anne-continue-de-se-fissurer","status":"publish","type":"post","link":"https:\/\/www.europesays.com\/fr\/346714\/","title":{"rendered":"\u00ab\u00a0C\u2019est quand m\u00eame bizarre\u00a0\u00bb\u00a0: \u00e0 Rennes, la place Sainte-Anne continue de se fissurer"},"content":{"rendered":"<p>La place Sainte-Anne, dans le centre historique de Rennes, fait encore des siennes, ce mardi 26 ao\u00fbt. Juste avant les marches qui m\u00e8nent au centre des congr\u00e8s, les grilles permettant l\u2019\u00e9vacuation de la pluie sont toutes d\u00e9chauss\u00e9es sur environ trois m\u00e8tres. Difficile de ne pas penser aux \u00ab d\u00e9sordres \u00bb constat\u00e9s depuis d\u00e9j\u00e0 plusieurs mois, mis en lumi\u00e8re par le T\u00e9l\u00e9gramme en juin.<\/p>\n<p>La Ville venait alors de poser une quatri\u00e8me plaque de m\u00e9tal pour \u00e9viter que les passants ne se prennent les pieds dans le caniveau, alors que des grilles s\u2019\u00e9taient d\u00e9j\u00e0 affaiss\u00e9es \u00e0 d\u2019autres endroits. Ici, les deux c\u00f4t\u00e9s de la tranch\u00e9e semblent s\u2019\u00e9carter, pour une raison encore inexpliqu\u00e9e. Des fissures sont \u00e9galement apparues sur le dallage ces derniers mois. Ce, alors que <a href=\"https:\/\/www.letelegramme.fr\/ille-et-vilaine\/rennes-35000\/place-sainte-anne-a-rennes-un-fourre-tout-architectural-qui-divise-6526115.php\" target=\"_blank\" rel=\"noopener\">la place Sainte-Anne est encore neuve<\/a> : elle a \u00e9t\u00e9 livr\u00e9e en 2022, apr\u00e8s huit ans de travaux dans le cadre de la construction de la ligne B du m\u00e9tro. Son am\u00e9nagement a co\u00fbt\u00e9 7 millions d\u2019euros.<\/p>\n<p>Une expertise qui risque d\u2019\u00eatre longue<\/p>\n<p>Ce mardi, il est encore trop t\u00f4t pour affirmer avec certitude que ce nouvel \u00e9pisode est li\u00e9 aux mouvements du sol. D\u2019autant que l\u2019enchev\u00eatrement des grilles peut laisser penser qu\u2019elles ont \u00e9t\u00e9 manipul\u00e9es. Reste que la Ville a d\u00fb de nouveau intervenir pendant l\u2019\u00e9t\u00e9 sur l\u2019une des plaques m\u00e9talliques cens\u00e9es s\u00e9curiser le passage. Elle s\u2019\u00e9tait d\u00e9coll\u00e9e de plusieurs centim\u00e8tres. D\u2019autres grilles sont tomb\u00e9es et de nouvelles fissures sont \u00e9galement apparues.<\/p>\n<p>Sur la place, <a href=\"https:\/\/www.letelegramme.fr\/ille-et-vilaine\/rennes-35000\/a-rennes-jacques-ars-est-le-pilier-des-bouquinistes-de-la-place-sainte-anne-6404009.php\" target=\"_blank\" rel=\"noopener\">la vingtaine de bouquinistes qui tiennent le march\u00e9 aux livres<\/a> observent la situation se d\u00e9grader. \u00ab C\u2019est quand m\u00eame bizarre\u2026 On n\u2019est pas tellement alarm\u00e9s mais si \u00e7a bouge \u00e0 cette vitesse-l\u00e0, il va peut-\u00eatre falloir que l\u2019on s\u2019inqui\u00e8te \u00bb, sourit l\u2019un d\u2019entre eux. \u00ab On va finir par tomber dans la station de m\u00e9tro ! \u00bb<\/p>\n<p>Pourquoi Sainte-Anne bouge ? Et y a-t-il danger ? La Ville a lanc\u00e9 une expertise afin d\u2019identifier les causes. \u00ab L\u2019issue de l\u2019investigation permettra de d\u00e9finir les mesures n\u00e9cessaires pour y mettre un terme \u00bb, indique la municipalit\u00e9. D\u2019ici l\u00e0, des ajustements sont pr\u00e9vus dans les prochaines semaines pour \u00ab renforcer la s\u00e9curisation \u00bb. Et de temporiser : \u00ab En attendant, ce l\u00e9ger d\u00e9sordre n\u2019a aucune incidence pour le public. \u00bb<\/p>\n","protected":false},"excerpt":{"rendered":"La place Sainte-Anne, dans le centre historique de Rennes, fait encore des siennes, ce mardi 26 ao\u00fbt. Juste&hellip;\n","protected":false},"author":2,"featured_media":346715,"comment_status":"","ping_status":"","sticky":false,"template":"","format":"standard","meta":{"footnotes":""},"categories":[2821],"tags":[1111,11,829,765,1777,674,1011,27,12,584,25,10810],"class_list":{"0":"post-346714","1":"post","2":"type-post","3":"status-publish","4":"format-standard","5":"has-post-thumbnail","7":"category-rennes","8":"tag-actu","9":"tag-actualites","10":"tag-bretagne","11":"tag-en-continu","12":"tag-eu","13":"tag-europe","14":"tag-fr","15":"tag-france","16":"tag-news","17":"tag-rennes","18":"tag-republique-francaise","19":"tag-urbanisme-a-rennes"},"share_on_mastodon":{"url":"https:\/\/pubeurope.com\/@fr\/115098770704407223","error":""},"_links":{"self":[{"href":"https:\/\/www.europesays.com\/fr\/wp-json\/wp\/v2\/posts\/346714","targetHints":{"allow":["GET"]}}],"collection":[{"href":"https:\/\/www.europesays.com\/fr\/wp-json\/wp\/v2\/posts"}],"about":[{"href":"https:\/\/www.europesays.com\/fr\/wp-json\/wp\/v2\/types\/post"}],"author":[{"embeddable":true,"href":"https:\/\/www.europesays.com\/fr\/wp-json\/wp\/v2\/users\/2"}],"replies":[{"embeddable":true,"href":"https:\/\/www.europesays.com\/fr\/wp-json\/wp\/v2\/comments?post=346714"}],"version-history":[{"count":0,"href":"https:\/\/www.europesays.com\/fr\/wp-json\/wp\/v2\/posts\/346714\/revisions"}],"wp:featuredmedia":[{"embeddable":true,"href":"https:\/\/www.europesays.com\/fr\/wp-json\/wp\/v2\/media\/346715"}],"wp:attachment":[{"href":"https:\/\/www.europesays.com\/fr\/wp-json\/wp\/v2\/media?parent=346714"}],"wp:term":[{"taxonomy":"category","embeddable":true,"href":"https:\/\/www.europesays.com\/fr\/wp-json\/wp\/v2\/categories?post=346714"},{"taxonomy":"post_tag","embeddable":true,"href":"https:\/\/www.europesays.com\/fr\/wp-json\/wp\/v2\/tags?post=346714"}],"curies":[{"name":"wp","href":"https:\/\/api.w.org\/{rel}","templated":true}]}}