{"id":346716,"date":"2025-08-27T04:10:40","date_gmt":"2025-08-27T04:10:40","guid":{"rendered":"https:\/\/www.europesays.com\/fr\/346716\/"},"modified":"2025-08-27T04:10:40","modified_gmt":"2025-08-27T04:10:40","slug":"toute-lactu-top-music-des-lieux-refuges-pour-tous-a-strasbourg","status":"publish","type":"post","link":"https:\/\/www.europesays.com\/fr\/346716\/","title":{"rendered":"Toute l&rsquo;actu Top Music &#8211; Des lieux refuges pour tous \u00e0 Strasbourg"},"content":{"rendered":"<p><img decoding=\"async\" class=\"\" style=\"width:100%\" src=\"https:\/\/www.europesays.com\/fr\/wp-content\/uploads\/2025\/08\/IMG_22981756117410239.webp.webp\" alt=\"Conf\u00e9rence sur le dispositif des Lieux Refuges au centre administratif de Strasbourg \"\/><\/p>\n<p>Conf\u00e9rence sur le dispositif des Lieux Refuges au centre administratif de Strasbourg <\/p>\n<p>Cr\u00e9dit : Topmusic-LF<\/p>\n<p>Comment <strong>r\u00e9agir<\/strong> lorsqu\u2019une <strong>personne agress\u00e9e<\/strong> cherche de l\u2019aide dans la rue ? C\u2019est la question \u00e0 laquelle tentent de r\u00e9pondre l\u2019<strong>Eurom\u00e9tropole de Strasbourg<\/strong> et le <strong>Centre d\u2019Information sur les Droits des Femmes et des Familles (CIDFF)<\/strong>. Pour cela, une <strong>formation<\/strong> s\u2019adresse aux <strong>employ\u00e9s<\/strong> des <strong>lieux publics<\/strong> tels que les <strong>toilettes<\/strong>, les <strong>mus\u00e9es<\/strong> ou encore les <strong>m\u00e9diath\u00e8ques<\/strong>.<\/p>\n<p><strong>Des lieux s\u00fbrs pour tous<\/strong><\/p>\n<p>Inspir\u00e9s du mod\u00e8le des \u00ab safe places \u00bb mis en place lors de la <strong>F\u00eate de la musique<\/strong>, ces <strong>lieux<\/strong> devront \u00eatre identifi\u00e9s comme des <strong>espaces s\u00fbrs<\/strong> pour toute <strong>personne<\/strong> se sentant en <strong>danger<\/strong> dans l\u2019<strong>espace public<\/strong>. L\u2019id\u00e9e est simple : quiconque franchit la porte de ces <strong>\u00e9tablissements<\/strong> puisse \u00eatre <strong>mis \u00e0 l\u2019abri<\/strong>, <strong>pris en charge<\/strong> et <strong>orient\u00e9<\/strong> vers une <strong>association<\/strong>, une <strong>assistante sociale<\/strong> ou la <strong>police<\/strong>, selon la situation.<\/p>\n<p><strong>La fiche r\u00e9flexe\u00a0<\/strong><\/p>\n<p>Pour y parvenir, une <strong>formation d\u2019une journ\u00e9e<\/strong>, financ\u00e9e par l\u2019<strong>Eurom\u00e9tropole<\/strong>, a \u00e9t\u00e9 mise en place afin d\u2019apprendre \u00e0 <strong>r\u00e9agir<\/strong> face \u00e0 une <strong>victime d\u2019agression<\/strong>. Un outil baptis\u00e9 <strong>\u00ab fiche r\u00e9flexe \u00bb<\/strong> recense les <strong>bons gestes<\/strong> \u00e0 adopter face \u00e0 une personne victime d\u2019agression<strong> verbale<\/strong>, <strong>sexuelle<\/strong>, <strong>sexiste<\/strong>, ou encore <strong>physique<\/strong>. Pour l\u2019heure, <strong>dix-huit volontaires<\/strong> issus de <strong>dix directions <\/strong>diff\u00e9rentes ont particip\u00e9 \u00e0 une premi\u00e8re session le <strong>23 juillet 2025<\/strong>. Si on n\u2019est qu\u2019au d\u00e9but du <strong>dispositif <\/strong>: \u00ab L\u2019objectif est qu\u2019\u00e0 terme cette formation soit int\u00e9gr\u00e9e dans la formation des agents de toute l&rsquo;Eurom\u00e9tropole \u00bb, souligne <strong>Nadia Zourgui<\/strong>, <strong>adjointe \u00e0 la maire<\/strong> en charge de la <strong>tranquillit\u00e9 publique<\/strong>.<\/p>\n<p><strong>Les toilettes publiques<\/strong><\/p>\n<p>\u00ab Le 12 novembre, tous les agents des toilettes publics suivront la formation qui a d\u00e9j\u00e0 eu lieu, parce que le chef y a particip\u00e9 (&#8230;) et c\u2019est tr\u00e8s bien de le faire au mois de novembre car juste apr\u00e8s il y aura le march\u00e9 de No\u00ebl \u00bb, souligne l\u2019<strong>adjointe \u00e0 la maire<\/strong>. Le but est d\u2019\u00eatre <strong>op\u00e9rationnel<\/strong> lors des <strong>festivit\u00e9s<\/strong> en cas d\u2019incident. Nadia Zourgui esp\u00e8re que toutes les <strong>toilettes publiques pourront \u00eatre identifi\u00e9es avec le logo<\/strong><strong> <\/strong><strong>\u00ab <\/strong><strong>Lieu refuge <\/strong><strong>\u00bb<\/strong><strong>.<\/strong><\/p>\n","protected":false},"excerpt":{"rendered":"Conf\u00e9rence sur le dispositif des Lieux Refuges au centre administratif de Strasbourg Cr\u00e9dit : Topmusic-LF Comment r\u00e9agir lorsqu\u2019une&hellip;\n","protected":false},"author":2,"featured_media":346717,"comment_status":"","ping_status":"","sticky":false,"template":"","format":"standard","meta":{"footnotes":""},"categories":[2820],"tags":[1111,11,2389,6525,1777,5342,674,48281,1119,1011,27,775,48282,48279,21210,12,25,48283,656,640,12536,48280,809],"class_list":{"0":"post-346716","1":"post","2":"type-post","3":"status-publish","4":"format-standard","5":"has-post-thumbnail","7":"category-strasbourg","8":"tag-actu","9":"tag-actualites","10":"tag-alsace","11":"tag-droit-des-femmes","12":"tag-eu","13":"tag-eurometropole-de-strasbourg","14":"tag-europe","15":"tag-fiche-reflexe","16":"tag-formation","17":"tag-fr","18":"tag-france","19":"tag-grand-est","20":"tag-les-bon-gestes","21":"tag-lieu-refuge","22":"tag-lieux-publics","23":"tag-news","24":"tag-republique-francaise","25":"tag-safe-place","26":"tag-securite","27":"tag-strasbourg","28":"tag-toilettes-publiques","29":"tag-victime-de-violence","30":"tag-violence"},"share_on_mastodon":{"url":"https:\/\/pubeurope.com\/@fr\/115098774655305161","error":""},"_links":{"self":[{"href":"https:\/\/www.europesays.com\/fr\/wp-json\/wp\/v2\/posts\/346716","targetHints":{"allow":["GET"]}}],"collection":[{"href":"https:\/\/www.europesays.com\/fr\/wp-json\/wp\/v2\/posts"}],"about":[{"href":"https:\/\/www.europesays.com\/fr\/wp-json\/wp\/v2\/types\/post"}],"author":[{"embeddable":true,"href":"https:\/\/www.europesays.com\/fr\/wp-json\/wp\/v2\/users\/2"}],"replies":[{"embeddable":true,"href":"https:\/\/www.europesays.com\/fr\/wp-json\/wp\/v2\/comments?post=346716"}],"version-history":[{"count":0,"href":"https:\/\/www.europesays.com\/fr\/wp-json\/wp\/v2\/posts\/346716\/revisions"}],"wp:featuredmedia":[{"embeddable":true,"href":"https:\/\/www.europesays.com\/fr\/wp-json\/wp\/v2\/media\/346717"}],"wp:attachment":[{"href":"https:\/\/www.europesays.com\/fr\/wp-json\/wp\/v2\/media?parent=346716"}],"wp:term":[{"taxonomy":"category","embeddable":true,"href":"https:\/\/www.europesays.com\/fr\/wp-json\/wp\/v2\/categories?post=346716"},{"taxonomy":"post_tag","embeddable":true,"href":"https:\/\/www.europesays.com\/fr\/wp-json\/wp\/v2\/tags?post=346716"}],"curies":[{"name":"wp","href":"https:\/\/api.w.org\/{rel}","templated":true}]}}