{"id":346720,"date":"2025-08-27T04:12:10","date_gmt":"2025-08-27T04:12:10","guid":{"rendered":"https:\/\/www.europesays.com\/fr\/346720\/"},"modified":"2025-08-27T04:12:10","modified_gmt":"2025-08-27T04:12:10","slug":"jai-ressenti-une-grosse-fatigue-victime-dune-crise-cardiaque-une-septuagenaire-accuse-son-bailleur-qui-na-pas-repare-lascenseur-en-panne-a-nice","status":"publish","type":"post","link":"https:\/\/www.europesays.com\/fr\/346720\/","title":{"rendered":"\u00ab\u00a0J\u2019ai ressenti une grosse fatigue\u00a0\u00bb: victime d\u2019une crise cardiaque, une septuag\u00e9naire accuse son bailleur qui n\u2019a pas r\u00e9par\u00e9 l\u2019ascenseur en panne \u00e0 Nice"},"content":{"rendered":"<p>Un ascenseur d\u00e9fectueux dans un immeuble, c\u2019est un probl\u00e8me fr\u00e9quent. Mais au 46 route de Turin \u00e0 Nice, les perturbations sont r\u00e9guli\u00e8res, d\u2019apr\u00e8s les habitants. Pire, le 9 ao\u00fbt, alors que l\u2019ascenseur venait de nouveau de tomber en panne, Genevi\u00e8ve a \u00e9t\u00e9 victime d\u2019une crise cardiaque en remontant les cinq \u00e9tages qui s\u00e9parent le rez-de-chauss\u00e9e de son appartement. Elle met cet accident sur le compte de la panne et veut porter plainte contre ICF Habitat, le bailleur social de l\u2019immeuble.<\/p>\n<p>Selon Genevi\u00e8ve, depuis le mois de mai, c\u2019est au moins la quatri\u00e8me fois que l\u2019ascenseur tombe en panne dans cet immeuble. \u00ab\u00a0\u00c0 chaque fois, ils viennent faire des r\u00e9parations de fortune, mais \u00e7a ne tient pas\u00a0\u00bb, regrette la locataire de 70 ans. \u00ab\u00a0Et \u00e7a dure depuis dix ans\u00a0\u00bb, rench\u00e9rit Jessica, un autre locataire. Selon ICF Habitat, l\u2019appareil aurait connu seulement deux autres pannes cette ann\u00e9e, en f\u00e9vrier et fin avril.<\/p>\n<p>\u00ab\u00a0J\u2019ai ressenti une grosse fatigue\u00a0\u00bb<\/p>\n<p>L\u2019ascenseur encore hors-service ce 9 ao\u00fbt, Genevi\u00e8ve doit prendre les escaliers. En cause: \u00ab\u00a0Une d\u00e9faillance du palier moteur\u00a0\u00bb, selon le bailleur social. En rentrant de courses avec ses sacs, elle entame sa mont\u00e9e jusqu\u2019au cinqui\u00e8me \u00e9tage. \u00ab\u00a0Je me suis retrouv\u00e9e dans l\u2019obscurit\u00e9, car nous avons aussi des probl\u00e8mes de lumi\u00e8re dans l\u2019escalier. Puis j\u2019ai ressenti une grosse fatigue. J\u2019ai loup\u00e9 une marche, je suis tomb\u00e9e, et n\u2019ai jamais pu me relever\u00a0\u00bb, se souvient Genevi\u00e8ve. Elle est transport\u00e9e au service cardiologie de l\u2019h\u00f4pital Pasteur. Elle n\u2019a pourtant jamais eu de probl\u00e8mes cardiaques. \u00ab\u00a0Je pense que l\u2019usure et l\u2019\u00e9nervement \u00e0 force de se battre pour tous les probl\u00e8mes au sein de la r\u00e9sidence n\u2019ont rien arrang\u00e9\u00a0\u00bb, avance-t-elle.<\/p>\n<p>Les m\u00e9decins lui diagnostiquent alors une arythmie s\u00e9v\u00e8re. D\u2019ici mi-septembre, Genevi\u00e8ve devrait subir deux op\u00e9rations pour consolider son c\u0153ur. Des interventions sous anesth\u00e9sie g\u00e9n\u00e9rale qui l\u2019inqui\u00e8tent un peu. Toujours faible, elle est rentr\u00e9e chez elle samedi 16 ao\u00fbt, l\u2019h\u00f4pital ne pouvant pas la garder en convalescence. Alors, elle est alit\u00e9e chez elle, aid\u00e9e par une amie de 76 ans un peu plus en forme qu\u2019elle. \u00ab\u00a0Tant que l\u2019ascenseur n\u2019est pas r\u00e9par\u00e9, je ne peux plus bouger de chez moi\u00a0\u00bb, regrette Genevi\u00e8ve. Le chirurgien lui a en effet interdit tout effort physique et prescrit une vingtaine de cachets par jour.<\/p>\n<p>\u00ab\u00a0Non-assistance \u00e0 personne en danger\u00a0\u00bb<\/p>\n<p>Depuis 14 ans qu\u2019elle habite dans l\u2019immeuble, elle a signal\u00e9 plusieurs fois ces probl\u00e8mes \u00e0 ICF Habitat. \u00ab\u00a0Mais on a beau leur dire, ils s\u2019en foutent. Ils noient le poisson\u00a0\u00bb, lance Genevi\u00e8ve. En attendant, la retrait\u00e9e qui exer\u00e7ait comme mamie trafic \u00e0 Nice ne pense pas pouvoir reprendre son activit\u00e9 avant le mois d\u2019octobre, au moins. Elle compte d\u00e9poser plainte contre ICF Habitat pour non-assistance \u00e0 personne en danger. \u00ab\u00a0Ou quelque chose du genre, mais \u00e7a ne peut plus durer\u00a0\u00bb, compl\u00e8te Genevi\u00e8ve.<\/p>\n<p>De son c\u00f4t\u00e9, le groupe ICF Habitat dit \u00eatre \u00ab\u00a0pleinement mobilis\u00e9. Otis (le prestataire en charge de l\u2019ascenseur) a d\u00fb mettre l\u2019appareil \u00e0 l\u2019arr\u00eat et recherche actuellement une solution pour le remettre en service. Depuis avril, nous avons engag\u00e9 une r\u00e9flexion sur une r\u00e9novation compl\u00e8te de l\u2019\u00e9quipement. Ce type d\u2019op\u00e9ration n\u00e9cessite toutefois des d\u00e9marches administratives et techniques incompressibles qui s\u2019inscrivent donc dans un temps plus long\u00a0\u00bb, pr\u00e9cise la porte-parole du bailleur. En attendant, ce dernier a mis en place un service de porteurs pour les courses, les poussettes et les chariots trois fois par semaine. \u00ab\u00a0Les locataires peuvent le solliciter \u00e0 leur convenance directement en pied de r\u00e9sidence ou par t\u00e9l\u00e9phone. Nous renforcerons la fr\u00e9quence en fonction du besoin\u00a0\u00bb, assure ICF Habitat.<\/p>\n","protected":false},"excerpt":{"rendered":"Un ascenseur d\u00e9fectueux dans un immeuble, c\u2019est un probl\u00e8me fr\u00e9quent. Mais au 46 route de Turin \u00e0 Nice,&hellip;\n","protected":false},"author":2,"featured_media":346721,"comment_status":"","ping_status":"","sticky":false,"template":"","format":"standard","meta":{"footnotes":""},"categories":[2819],"tags":[1111,11,1777,674,118,1011,27,12,2401,882,25],"class_list":{"0":"post-346720","1":"post","2":"type-post","3":"status-publish","4":"format-standard","5":"has-post-thumbnail","7":"category-nice","8":"tag-actu","9":"tag-actualites","10":"tag-eu","11":"tag-europe","12":"tag-faits-divers","13":"tag-fr","14":"tag-france","15":"tag-news","16":"tag-nice","17":"tag-provence-alpes-cote-dazur","18":"tag-republique-francaise"},"share_on_mastodon":{"url":"https:\/\/pubeurope.com\/@fr\/115098782478089619","error":""},"_links":{"self":[{"href":"https:\/\/www.europesays.com\/fr\/wp-json\/wp\/v2\/posts\/346720","targetHints":{"allow":["GET"]}}],"collection":[{"href":"https:\/\/www.europesays.com\/fr\/wp-json\/wp\/v2\/posts"}],"about":[{"href":"https:\/\/www.europesays.com\/fr\/wp-json\/wp\/v2\/types\/post"}],"author":[{"embeddable":true,"href":"https:\/\/www.europesays.com\/fr\/wp-json\/wp\/v2\/users\/2"}],"replies":[{"embeddable":true,"href":"https:\/\/www.europesays.com\/fr\/wp-json\/wp\/v2\/comments?post=346720"}],"version-history":[{"count":0,"href":"https:\/\/www.europesays.com\/fr\/wp-json\/wp\/v2\/posts\/346720\/revisions"}],"wp:featuredmedia":[{"embeddable":true,"href":"https:\/\/www.europesays.com\/fr\/wp-json\/wp\/v2\/media\/346721"}],"wp:attachment":[{"href":"https:\/\/www.europesays.com\/fr\/wp-json\/wp\/v2\/media?parent=346720"}],"wp:term":[{"taxonomy":"category","embeddable":true,"href":"https:\/\/www.europesays.com\/fr\/wp-json\/wp\/v2\/categories?post=346720"},{"taxonomy":"post_tag","embeddable":true,"href":"https:\/\/www.europesays.com\/fr\/wp-json\/wp\/v2\/tags?post=346720"}],"curies":[{"name":"wp","href":"https:\/\/api.w.org\/{rel}","templated":true}]}}