{"id":346722,"date":"2025-08-27T04:13:41","date_gmt":"2025-08-27T04:13:41","guid":{"rendered":"https:\/\/www.europesays.com\/fr\/346722\/"},"modified":"2025-08-27T04:13:41","modified_gmt":"2025-08-27T04:13:41","slug":"les-alpes-maritimes-sous-loccupation-ici","status":"publish","type":"post","link":"https:\/\/www.europesays.com\/fr\/346722\/","title":{"rendered":"Les Alpes-Maritimes sous l\u2019Occupation &#8211; ici"},"content":{"rendered":"<p>Quand on pense \u00e0 la C\u00f4te d\u2019Azur, on imagine le soleil, la mer et les palmiers. Mais il n\u2019y a pas si longtemps, notre r\u00e9gion a connu l\u2019ombre, la peur et la guerre. De 1940 \u00e0 1944, Nice et les Alpes-Maritimes ont v\u00e9cu une occupation particuli\u00e8re, faite de drames\u2026 et d\u2019h\u00e9ro\u00efsme.<\/p>\n<p>Dans cet \u00e9pisode, je vous raconte l\u2019histoire des Alpes-Maritimes sous l\u2019Occupation. De la pr\u00e9sence italienne, qui transforma Nice en refuge provisoire pour des familles juives, \u00e0 l\u2019arriv\u00e9e brutale des nazis et aux heures sombres de la r\u00e9pression, notre territoire a travers\u00e9 une p\u00e9riode bouleversante.<\/p>\n<p><img loading=\"lazy\" decoding=\"async\" class=\"VisualPreview svelte-1rldrkz\" src=\"data:image\/jpeg;base64,\/9j\/2wBDACgcHiMeGSgjISMtKygwPGRBPDc3PHtYXUlkkYCZlo+AjIqgtObDoKrarYqMyP\/L2u71\/\/\/\/m8H\/\/\/\/6\/+b9\/\/j\/2wBDASstLTw1PHZBQXb4pYyl+Pj4+Pj4+Pj4+Pj4+Pj4+Pj4+Pj4+Pj4+Pj4+Pj4+Pj4+Pj4+Pj4+Pj4+Pj4+Pj4+Pj\/wAARCAAqACMDASIAAhEBAxEB\/8QAGQAAAwEBAQAAAAAAAAAAAAAAAAEDAgQF\/8QAGBABAQEBAQAAAAAAAAAAAAAAAAECERL\/xAAWAQEBAQAAAAAAAAAAAAAAAAABAgD\/xAAVEQEBAAAAAAAAAAAAAAAAAAAAAf\/aAAwDAQACEQMRAD8A9GsajZWNUxDUR1l1aiWspLm8hbyCHaOGDSxYxcq8KwCo+Qr5CgpwGAtng4YYFwNAh\/\/Z\" alt=\"Carte \u00e9tablie d\u2019apr\u00e8s celle d\u2019Yvain Rou\u00e9 et Philippe Grange-Ponte, 2001-2012, La France apr\u00e8s l\u2019armistice de 1940\" width=\"600\" height=\"702\"\/>  Carte \u00e9tablie d\u2019apr\u00e8s celle d\u2019Yvain Rou\u00e9 et Philippe Grange-Ponte, 2001-2012, La France apr\u00e8s l\u2019armistice de 1940  &#8211; cartographie R\u00e9seau Canop\u00e9, 2016<\/p>\n<p>Mais c\u2019est aussi une histoire de courage et de r\u00e9sistance\u00a0: celle des Ni\u00e7ois qui, le 28 ao\u00fbt 1944, ont lib\u00e9r\u00e9 eux-m\u00eames leur ville avant l\u2019arriv\u00e9e des Alli\u00e9s. Une page d\u2019histoire m\u00e9connue, essentielle pour comprendre l\u2019identit\u00e9 de notre r\u00e9gion.<\/p>\n<p><strong>Envie d\u2019en savoir plus sur ces ann\u00e9es sombres mais aussi sur la lumi\u00e8re qu\u2019ont su rallumer les Ni\u00e7ois\u00a0?<\/strong><\/p>\n<p>Cliquez en haut de la page pour \u00e9couter l\u2019histoire compl\u00e8te et abonnez-vous gratuitement au podcast <strong>\u00ab\u00a01000 raisons d\u2019aimer la C\u00f4te d\u2019Azur\u00a0\u00bb<\/strong>.<\/p>\n","protected":false},"excerpt":{"rendered":"Quand on pense \u00e0 la C\u00f4te d\u2019Azur, on imagine le soleil, la mer et les palmiers. Mais il&hellip;\n","protected":false},"author":2,"featured_media":346723,"comment_status":"","ping_status":"","sticky":false,"template":"","format":"standard","meta":{"footnotes":""},"categories":[2819],"tags":[1111,11,1777,674,1011,27,12,2401,882,25],"class_list":{"0":"post-346722","1":"post","2":"type-post","3":"status-publish","4":"format-standard","5":"has-post-thumbnail","7":"category-nice","8":"tag-actu","9":"tag-actualites","10":"tag-eu","11":"tag-europe","12":"tag-fr","13":"tag-france","14":"tag-news","15":"tag-nice","16":"tag-provence-alpes-cote-dazur","17":"tag-republique-francaise"},"share_on_mastodon":{"url":"https:\/\/pubeurope.com\/@fr\/115098786358131309","error":""},"_links":{"self":[{"href":"https:\/\/www.europesays.com\/fr\/wp-json\/wp\/v2\/posts\/346722","targetHints":{"allow":["GET"]}}],"collection":[{"href":"https:\/\/www.europesays.com\/fr\/wp-json\/wp\/v2\/posts"}],"about":[{"href":"https:\/\/www.europesays.com\/fr\/wp-json\/wp\/v2\/types\/post"}],"author":[{"embeddable":true,"href":"https:\/\/www.europesays.com\/fr\/wp-json\/wp\/v2\/users\/2"}],"replies":[{"embeddable":true,"href":"https:\/\/www.europesays.com\/fr\/wp-json\/wp\/v2\/comments?post=346722"}],"version-history":[{"count":0,"href":"https:\/\/www.europesays.com\/fr\/wp-json\/wp\/v2\/posts\/346722\/revisions"}],"wp:featuredmedia":[{"embeddable":true,"href":"https:\/\/www.europesays.com\/fr\/wp-json\/wp\/v2\/media\/346723"}],"wp:attachment":[{"href":"https:\/\/www.europesays.com\/fr\/wp-json\/wp\/v2\/media?parent=346722"}],"wp:term":[{"taxonomy":"category","embeddable":true,"href":"https:\/\/www.europesays.com\/fr\/wp-json\/wp\/v2\/categories?post=346722"},{"taxonomy":"post_tag","embeddable":true,"href":"https:\/\/www.europesays.com\/fr\/wp-json\/wp\/v2\/tags?post=346722"}],"curies":[{"name":"wp","href":"https:\/\/api.w.org\/{rel}","templated":true}]}}