{"id":346726,"date":"2025-08-27T04:18:28","date_gmt":"2025-08-27T04:18:28","guid":{"rendered":"https:\/\/www.europesays.com\/fr\/346726\/"},"modified":"2025-08-27T04:18:28","modified_gmt":"2025-08-27T04:18:28","slug":"lallee-serr-qui-ne-sert-a-rien-devient-un-espace-vert-plus-ambitieux","status":"publish","type":"post","link":"https:\/\/www.europesays.com\/fr\/346726\/","title":{"rendered":"L\u2019all\u00e9e Serr \u00ab\u00a0qui ne sert \u00e0 rien\u00a0\u00bb devient un espace vert plus ambitieux"},"content":{"rendered":"<p class=\"wp-block-post-excerpt__excerpt\">Situ\u00e9e dans le quartier de la Bastide, sur la rive droite de Bordeaux, l\u2019all\u00e9e Serr va conna\u00eetre un projet de renaturation et de r\u00e9am\u00e9nagement estim\u00e9 \u00e0 1,2 millions d\u2019euros. Les travaux d\u00e9buteront ce lundi 1er septembre et s\u2019\u00e9taleront jusqu\u2019au printemps 2026. <\/p>\n<p class=\"font-sans\">\n\t\t\tCet article est en acc\u00e8s libre. Pour soutenir Rue89Bordeaux,<br \/>\n\t\t\t<a class=\"underline\" href=\"https:\/\/rue89bordeaux.com\/abonnement\/\" rel=\"nofollow noopener\" target=\"_blank\">abonnez-vous<\/a>.\n\t\t<\/p>\n<p>Tom Martorelli<\/p>\n<p>Publi\u00e9 le 26 ao\u00fbt 2025\u00a0\u00a0\u00b7\u00a0\u00a0<\/p>\n<p>Imprim\u00e9 le 27 ao\u00fbt 2025 \u00e0 05h39\u00a0\u00a0\u00b7\u00a0\u00a0<\/p>\n<p>\t\t\t\t\t5\u00a0minutes\n<\/p>\n<p>En longeant l\u2019all\u00e9e Serr ce lundi apr\u00e8s-midi, des berges de la rive droite au Jardin botanique du quartier de la Bastide, force est de constater que la chaleur a fait fuir les riverains, une fois de plus. Les trois terre-pleins centraux qui pars\u00e8ment la longue ligne droite de 460 m sont vides et en plein soleil. Seuls deux riverains profitent durant une petite demi-heure d\u2019un des boulodromes mis \u00e0 disposition.<\/p>\n<blockquote class=\"wp-block-quote is-layout-flow wp-block-quote-is-layout-flow\">\n<p>\u00ab\u00a0Nous ne pouvions pas jouer bien longtemps\u2026 Il fait trop chaud sur cette placette. Quelque soit l\u2019heure de la journ\u00e9e, elle est en plein soleil. Il n\u2019y a pas de point d\u2019ombre pour se prot\u00e9ger de la chaleur et pour profiter\u00a0\u00bb, conc\u00e8de, sur son chemin du retour, l\u2019un des deux boulistes habitant au bout de l\u2019avenue Thiers.<\/p>\n<\/blockquote>\n<p>\t\t\u00ab\u00a0Sans pr\u00e9sence naturelle, \u00e7a ne fonctionnera pas\u00a0\u00bb<\/p>\n<p>Sur ce rev\u00eatement calcaire et poussi\u00e9reux d\u2019environ un hectare, un m\u00e9lange de terre et de pierre, les rayons du soleil s\u00e9vissent en permanence. Aucun ombrage ne permet de rafra\u00eechir cet \u00eelot de chaleur urbain, l\u2019un des 40 recens\u00e9s par la municipalit\u00e9. L\u2019espace aride pr\u00e9sente pourtant pas moins de 99 arbres plant\u00e9s entre 2003 et 2004, mais tous inadapt\u00e9s aux conditions climatiques. Ils sont alors, pour la plupart, dans un \u00e9tat critique, ass\u00e9ch\u00e9s par les fortes chaleurs.<\/p>\n<p>De plus, le sol, tr\u00e8s compact, ne leur a pas permis de se d\u00e9velopper dans de bonnes conditions. Ainsi, les troncs sont majoritairement n\u00e9cros\u00e9s, tout comme les branchages et les feuilles.<\/p>\n<blockquote class=\"wp-block-quote is-layout-flow wp-block-quote-is-layout-flow\">\n<p>\u00ab\u00a0Aujourd\u2019hui, nous avons un espace d\u2019un hectare sans usage. Tant qu\u2019il n\u2019y aura pas de pr\u00e9sence naturelle, \u00e7a ne fonctionnera pas.\u00a0Personne ne se prom\u00e8ne, personne ne vient se poser, c\u2019est un espace qui ne sert \u00e0 rien\u00a0\u00bb r\u00e9sume Didier Jeanjean, adjoint au maire charg\u00e9 de la nature en ville, venu pr\u00e9senter \u00e0 la presse un projet de r\u00e9am\u00e9nagement de l\u2019all\u00e9e ce lundi 25 ao\u00fbt.<\/p>\n<\/blockquote>\n<p><img loading=\"lazy\" decoding=\"async\" width=\"792\" height=\"442\" src=\"https:\/\/www.europesays.com\/fr\/wp-content\/uploads\/2025\/08\/capture-decran-2025-08-25-a-17-19-54-792x442.png\" alt=\"\" class=\"wp-image-168982\"  \/> L\u2019all\u00e9e Serr est l\u2019un des 40 \u00eelots de chaleur recens\u00e9s par la municipalit\u00e9 Photo\u00a0: Pole Territorial de Bordeaux\/Bordeaux m\u00e9tropole<\/p>\n<p>Alors, d\u00e8s ce 1er septembre, l\u2019all\u00e9e Serr devient le th\u00e9\u00e2tre d\u2019une rev\u00e9g\u00e9talisation et d\u2019un r\u00e9am\u00e9nagement. En r\u00e9action aux \u00ab\u00a0fortes attentes des collectifs d\u2019habitants et des associations locales\u00a0\u00bb, 135 nouveaux arbres, en plus des quinze fr\u00eanes conserv\u00e9s par les \u00e9quipes municipales, 2 094 arbustes et 7 094 plantes vivaces viendront rafra\u00eechir 3 487 m2 d\u2019espaces qui seront d\u00e9simperm\u00e9abilis\u00e9s, d\u00e9caiss\u00e9s et enrichi par un sol vivant. Les travaux, d\u2019une dur\u00e9e de neuf mois, n\u2019impactent ni la circulation ni les commerces aux alentours.<\/p>\n<p>\t\tPression riveraine<\/p>\n<blockquote class=\"wp-block-quote is-layout-flow wp-block-quote-is-layout-flow\">\n<p>\u00ab\u00a0C\u2019est un projet d\u2019am\u00e9nagement important qui a \u00e9t\u00e9 pr\u00e9sent\u00e9 \u00e0 de multiples reprises aux habitants lors des conseils de quartier. Les \u00e9quipes municipales, sous l\u2019impulsion de Fran\u00e7oise Fr\u00e9my, maire adjointe du quartier de la Bastide, ont aussi fait le tour des commer\u00e7ants pour leur pr\u00e9senter ce projet. \u00c0 ce jour, les retours sont unanimement positifs. Les seules recommandations que l\u2019on a entendues et prises en compte, c\u2019est d\u2019essayer de prot\u00e9ger les arbres qui ont encore un potentiel\u00a0\u00bb poursuit l\u2019adjoint au maire.<\/p>\n<\/blockquote>\n<p>Pour offrir aux riverains qui le r\u00e9clamaient un espace utilisable et agr\u00e9able, la mairie entend transformer l\u2019all\u00e9e en atout de \u00ab\u00a0redynamisation du quartier\u00a0\u00bb. Elle mise ainsi sur un retour du v\u00e9g\u00e9tal et sur la reconstitution d\u2019un sol plus perm\u00e9able. L\u2019occasion d\u2019am\u00e9liorer, entres autres, la gestion des eaux pluviales tout en favorisant une biodiversit\u00e9 locale plus r\u00e9siliente.<\/p>\n<p><img loading=\"lazy\" decoding=\"async\" width=\"792\" height=\"594\" src=\"https:\/\/www.europesays.com\/fr\/wp-content\/uploads\/2025\/08\/img-1599-792x594.jpg\" alt=\"\" class=\"wp-image-168985\"  \/> En juin 2025, une expertise a confirm\u00e9 la nette d\u00e9gradation de l\u2019\u00e9tat sanitaire des arbres de l\u2019all\u00e9e Serr Photo\u00a0: TM\/Rue89 Bordeaux<\/p>\n<p>Pour y parvenir, les services de Bordeaux M\u00e9tropole, men\u00e9s par Christophe Dangles,\u00a0responsable du service arbres &amp; foresterie m\u00e9tropolitaine, pr\u00e9voient une trentaine d\u2019essences sp\u00e9cifiques adapt\u00e9es aux fortes expositions au soleil. Sous un d\u00f4me v\u00e9g\u00e9tal, form\u00e9 par des plantations parsem\u00e9es sur extr\u00e9mit\u00e9s des placettes, 5 boulodromes, deux tables d\u2019\u00e9checs, trois fontaines \u00e0 boire, sept tables de pique-nique, des chaises, des bancs et des arceaux \u00e0 v\u00e9lo seront mis \u00e0 disposition des riverains.<\/p>\n<p>Livraison au printemps 2026<\/p>\n<blockquote class=\"wp-block-quote is-layout-flow wp-block-quote-is-layout-flow\">\n<p>\u00ab\u00a0Le projet a un budget de 1,2 millions d\u2019euros. Nous avons trois phases d\u2019op\u00e9ration fragment\u00e9es sur les 500 m\u00e8tres lin\u00e9aires. L\u2019objectif est d\u2019avoir le moins d\u2019impact sur le tissu riverain. Une premi\u00e8re partie s\u2019effectuera sur le terre plein accol\u00e9 \u00e0 l\u2019\u00e9coprojet Bastide Niel, puis nous allons avancer, de terre-plein en terre-plein, vers la Garonne pour proposer une livraison au printemps 2026\u00a0\u00bb explique Ludovic Baron, responsable de projet pour Bordeaux M\u00e9tropole.<\/p>\n<\/blockquote>\n<p><img loading=\"lazy\" decoding=\"async\" width=\"792\" height=\"447\" src=\"https:\/\/www.europesays.com\/fr\/wp-content\/uploads\/2025\/08\/capture-decran-2025-08-25-a-17-20-13-792x447.png\" alt=\"\" class=\"wp-image-168986\"  \/> Les plans de rev\u00e9g\u00e9talisation de l\u2019all\u00e9e Serr montrent les trois projets distincts r\u00e9serv\u00e9s aux trois terre-pleins Photo\u00a0: Pole Territorial de Bordeaux\/Bordeaux m\u00e9tropole<\/p>\n<p>Ainsi, sur la partie la plus proche du fleuve, devant le M\u00e9garama, un premier espace (TPC 1 sur l\u2019illustration) sera dens\u00e9ment v\u00e9g\u00e9talis\u00e9, notamment par de hauts arbres \u00ab\u00a0d\u2019appel\u00a0\u00bb plant\u00e9s pour cr\u00e9er un lien visuel entre les quais de la rive droite et les quais historiques de la rive gauche.<\/p>\n<p>Le deuxi\u00e8me secteur (TPC 2), entour\u00e9 de commerces et de b\u00e2timents, sera con\u00e7u comme un espace ombrag\u00e9 de d\u00e9tente et d\u2019activit\u00e9s. Des terrains de p\u00e9tanque, install\u00e9s dans le cadre du budget participatif, seront d\u00e9plac\u00e9s pour mieux s\u2019int\u00e9grer \u00e0 ce nouvel am\u00e9nagement.<\/p>\n<p>Enfin, \u00e0 proximit\u00e9 de la ZAC Bastide Niel (TPC 3), \u00ab\u00a0le troisi\u00e8me tron\u00e7on pourra accueillir le march\u00e9 de plein air, et sera exceptionnellement utilis\u00e9 comme parking lors des \u00e9pisodes de crue\u00a0\u00bb annonce la municipalit\u00e9 dans un communiqu\u00e9 de presse.<\/p>\n<p>Les r\u00e9sultats escompt\u00e9s de ce projet, initi\u00e9 en 2021, devraient \u00eatre visibles d\u2019ici une dizaine d\u2019ann\u00e9es, le temps de laisser la nature reprendre ses droits.<\/p>\n<p>Rue89 Bordeaux a besoin de vos dons<\/p>\n<p>Mille mercis \u00e0 nos 131 donateurs ! Gr\u00e2ce \u00e0 vous, nous avons atteint notre objectif initial de 10\u202f000\u202f\u20ac. Ce soutien va nous permettre de renflouer notre tr\u00e9sorerie, apr\u00e8s le d\u00e9sengagement en 2025 d\u2019un annonceur important \u2013 Bordeaux M\u00e9tropole \u2013 et de r\u00e9gler nos factures en attente.<br \/>Cependant, la cagnotte reste ouverte jusqu\u2019\u00e0 fin septembre afin de vous laisser l\u2019occasion de continuer \u00e0 soutenir votre m\u00e9dia ind\u00e9pendant. Chaque don est d\u00e9ductible des imp\u00f4ts \u00e0 hauteur de 66\u202f%. En recevoir davantage nous permettra de consolider nos finances, d\u2019envisager une rentr\u00e9e sereine, et surtout, d\u2019enrichir nos contenus et de renforcer notre r\u00e9daction.<\/p>\n","protected":false},"excerpt":{"rendered":"Situ\u00e9e dans le quartier de la Bastide, sur la rive droite de Bordeaux, l\u2019all\u00e9e Serr va conna\u00eetre un&hellip;\n","protected":false},"author":2,"featured_media":346727,"comment_status":"","ping_status":"","sticky":false,"template":"","format":"standard","meta":{"footnotes":""},"categories":[2817],"tags":[1111,11,1997,21659,1777,674,1011,27,12,2219,25,48284,1352,10792],"class_list":{"0":"post-346726","1":"post","2":"type-post","3":"status-publish","4":"format-standard","5":"has-post-thumbnail","7":"category-bordeaux","8":"tag-actu","9":"tag-actualites","10":"tag-bordeaux","11":"tag-espaces-verts","12":"tag-eu","13":"tag-europe","14":"tag-fr","15":"tag-france","16":"tag-news","17":"tag-nouvelle-aquitaine","18":"tag-republique-francaise","19":"tag-rive-droite","20":"tag-urbanisme","21":"tag-vegetalisation"},"share_on_mastodon":{"url":"https:\/\/pubeurope.com\/@fr\/115098806673044480","error":""},"_links":{"self":[{"href":"https:\/\/www.europesays.com\/fr\/wp-json\/wp\/v2\/posts\/346726","targetHints":{"allow":["GET"]}}],"collection":[{"href":"https:\/\/www.europesays.com\/fr\/wp-json\/wp\/v2\/posts"}],"about":[{"href":"https:\/\/www.europesays.com\/fr\/wp-json\/wp\/v2\/types\/post"}],"author":[{"embeddable":true,"href":"https:\/\/www.europesays.com\/fr\/wp-json\/wp\/v2\/users\/2"}],"replies":[{"embeddable":true,"href":"https:\/\/www.europesays.com\/fr\/wp-json\/wp\/v2\/comments?post=346726"}],"version-history":[{"count":0,"href":"https:\/\/www.europesays.com\/fr\/wp-json\/wp\/v2\/posts\/346726\/revisions"}],"wp:featuredmedia":[{"embeddable":true,"href":"https:\/\/www.europesays.com\/fr\/wp-json\/wp\/v2\/media\/346727"}],"wp:attachment":[{"href":"https:\/\/www.europesays.com\/fr\/wp-json\/wp\/v2\/media?parent=346726"}],"wp:term":[{"taxonomy":"category","embeddable":true,"href":"https:\/\/www.europesays.com\/fr\/wp-json\/wp\/v2\/categories?post=346726"},{"taxonomy":"post_tag","embeddable":true,"href":"https:\/\/www.europesays.com\/fr\/wp-json\/wp\/v2\/tags?post=346726"}],"curies":[{"name":"wp","href":"https:\/\/api.w.org\/{rel}","templated":true}]}}