{"id":346730,"date":"2025-08-27T04:20:11","date_gmt":"2025-08-27T04:20:11","guid":{"rendered":"https:\/\/www.europesays.com\/fr\/346730\/"},"modified":"2025-08-27T04:20:11","modified_gmt":"2025-08-27T04:20:11","slug":"airbus-peages-a-toulouse-le-mouvement-bloquons-tout-cible-deja-plusieurs-site-a-bloquer-le-10-septembre","status":"publish","type":"post","link":"https:\/\/www.europesays.com\/fr\/346730\/","title":{"rendered":"Airbus, p\u00e9ages&#8230; \u00c0 Toulouse, le mouvement \u00ab\u00a0Bloquons tout\u00a0\u00bb cible d\u00e9j\u00e0 plusieurs site \u00e0 bloquer le 10 septembre"},"content":{"rendered":"<p>            Par<br \/>\n        <strong><br \/>\n            <a href=\"https:\/\/actu.fr\/auteur\/enzo-legros\" title=\"Consulter tous les articles de Enzo Legros\" rel=\"nofollow noopener\" target=\"_blank\">Enzo Legros<\/a><br \/>\n        <\/strong><\/p>\n<p>        Publi\u00e9 le<\/p>\n<p>            27 ao\u00fbt 2025 \u00e0 6h02        <\/p>\n<p>Des groupes lanc\u00e9s sur Facebook, des posts publi\u00e9s sur X, des canaux de discussion ouverts sur Telegram\u2026 Sur les r\u00e9seaux sociaux, la mobilisation <a href=\"https:\/\/actu.fr\/societe\/appels-au-blocage-de-la-france-le-10-septembre-2025-la-liste-des-actions-et-rassemblements-prevus_62951125.html\" rel=\"nofollow noopener\" target=\"_blank\">pr\u00e9vue partout en France le 10\u00a0septembre 2025<\/a> prend virtuellement de l\u2019ampleur et se pr\u00e9cise <a href=\"https:\/\/actu.fr\/toulouse\/\" rel=\"nofollow noopener\" target=\"_blank\">\u00e0 Toulouse<\/a>. Des assembl\u00e9es g\u00e9n\u00e9rales sont organis\u00e9es par des citoyens depuis le 10\u00a0ao\u00fbt chaque week-end pour imaginer les actions qui devront \u00ab\u2009bloquer l\u2019\u00e9conomie\u2009\u00bb locale. Deux semaines avant la mobilisation, plusieurs entreprises sont d\u00e9j\u00e0 menac\u00e9es d\u2019\u00eatre entrav\u00e9es. On fait le point sur ce qui est envisag\u00e9.<\/p>\n<p>Une s\u00e9rie de manifestations \u00e0 compter du 10\u00a0septembre<\/p>\n<p class=\" wall-content\">Comme dans la plupart des grandes villes, le coup d\u2019envoi de la mobilisation nomm\u00e9e \u00ab\u2009Bloquons tout\u2009\u00bb, souvent compar\u00e9e aux gilets jaunes, est pr\u00e9vue \u00e0 Toulouse <strong>\u00e0 15h, le 10\u00a0septembre<\/strong>. En r\u00e9alit\u00e9, la branche locale qui se charge de pr\u00e9parer la gr\u00e8ve, essentiellement via le r\u00e9seau social Telegram, pr\u00e9voit de faire durer le blocage pendant plusieurs jours, sans anticiper de dur\u00e9e pr\u00e9cise.<\/p>\n<p class=\" wall-content\">La manifestation <strong>suivra les revendications du mouvement national<\/strong>. \u00ab\u2009Le plan de Bayrou ne doit pas \u00eatre le seul objectif politique\u2009\u00bb, rel\u00e8ve notamment le compte-rendu de la premi\u00e8re assembl\u00e9e g\u00e9n\u00e9rale toulousaine. Sur Facebook, la page \u00ab\u2009Toulouse en Luttes\u2009\u00bb, suivie par 88\u2009000\u00a0personnes, relaye l\u2019appel \u00e0 la gr\u00e8ve dans la ville et les diff\u00e9rentes actualit\u00e9s pr\u00e9paratoires.<\/p>\n<p>    <a href=\"https:\/\/www.facebook.com\/plugins\/post.php?href=https%3A%2F%2Fwww.facebook.com%2FToulouseEnLuttes%2Fposts%2Fpfbid09fsrrM8Fe9vCPdcWQQxQZKXM2TyTstWSB5W8V9NDGRmFaSQyJ3WkZT9pS2vDzJYyl&amp;show_text=true&amp;width=350\" title=\"Ouvrie le lien\" rel=\"nofollow noopener\" target=\"_blank\">Cliquez ici pour visualiser le contenu<\/a><\/p>\n<p>Des grandes entreprises de Toulouse vis\u00e9es<\/p>\n<p class=\" wall-content\">Concr\u00e8tement, \u00ab\u2009Bloquons tout\u2009\u00bb vise \u00e0 mettre l\u2019\u00e9conomie \u00ab\u2009\u00e0 l\u2019arr\u00eat\u2009\u00bb. \u00c0 Toulouse, plusieurs propositions d\u2019actions sont ressorties des assembl\u00e9es de citoyens. Il est par exemple pr\u00e9vu de r\u00e9aliser <strong>des blocus<\/strong> dans les grandes entreprises \u00ab\u2009en lien avec l\u2019armement\u2009\u00bb.<\/p>\n<p class=\" wall-content\">Une <a href=\"https:\/\/umap.openstreetmap.fr\/fr\/map\/10s25_tlse_1268618#13\/43.5711\/1.4256\" rel=\"nofollow noopener\" target=\"_blank\"><strong>carte interactive<\/strong><\/a> a m\u00eame \u00e9t\u00e9 cr\u00e9\u00e9e pour cibler pr\u00e9cis\u00e9ment des grands noms de la m\u00e9tropole de Toulouse. On y retrouve les grands groupes a\u00e9ronautiques, dont <strong>Airbus<\/strong>, <strong>Safran<\/strong>, <strong>Ariane Group<\/strong> et <strong>Thal\u00e8s<\/strong>, et leurs diff\u00e9rentes bases dans la m\u00e9tropole. Elle sert aussi aux manifestants \u00e0 identifier des \u00ab\u2009spots de propagande\u2009\u00bb, o\u00f9 tagger des murs ou accrocher des banderoles. Au niveau du pont des Catalans et de l\u2019all\u00e9e de Brienne par exemple, plusieurs points ont \u00e9t\u00e9 rep\u00e9r\u00e9s pour l\u2019installation d\u2019\u00e9l\u00e9ments de propagandes visuelles, comme des graffitis.<\/p>\n<p class=\" wall-content\">Plus largement, le blocage des routes (<strong>p\u00e9ages de l\u2019A61<\/strong> <strong>et de l\u2019A68<\/strong> notamment) et de certains magasins devrait animer les actions de certains manifestants, avec les <strong>banques<\/strong> et les <strong>magasins de luxe<\/strong> comme cibles privil\u00e9gi\u00e9es.<\/p>\n<p>Votre r\u00e9gion, votre actu !<\/p>\n<p>Recevez chaque jour les infos qui comptent pour vous.<\/p>\n<p>\t<a href=\"https:\/\/actu.fr\/newsletter\" class=\"ac-btn ac-btn--corner ac-btn--medium ac-btn--blue800\" rel=\"nofollow noopener\" target=\"_blank\">S&rsquo;incrire<\/a><br \/>\nDe la \u00ab\u2009propagande\u2009\u00bb jusqu\u2019au 10\u00a0septembre<\/p>\n<p class=\" wall-content\">Aujourd\u2019hui, personne ne peut pr\u00e9dire si \u00ab\u2009Bloquons tout\u2009\u00bb va attirer les foules dans les rues de Toulouse, autant du c\u00f4t\u00e9 des manifestants que dans celui <a href=\"https:\/\/actu.fr\/occitanie\/toulouse_31555\/toulouse-en-plein-tribunal-le-condamne-tente-de-s-echapper-de-la-salle-et-etrangle-une-policiere_63017306.html\" rel=\"nofollow noopener\" target=\"_blank\">des forces de l\u2019ordre<\/a>. Mais le but de la mobilisation d\u2019emmener un maximum de Toulousains dans les manifestations.<\/p>\n<blockquote class=\"ac-article-quote wall-content\">\n<p>Il faut faire en sorte que tout le monde soit au courant de l&rsquo;existence du 10 septembre, rallier les \u00e9tudiants, les lyc\u00e9ens, les travailleurs, les inactifs.<\/p>\n<p>    <strong>\u00ab\u00a0Bloquons tout\u00a0\u00bb<\/strong><br \/>\n        Assembl\u00e9e g\u00e9n\u00e9rale \u00e0 Toulouse    <\/p><\/blockquote>\n<p class=\" wall-content\">Pour \u00e7a, un programme de \u00ab\u2009propagande\u2009\u00bb est mis en place jusqu\u2019au 10\u00a0septembre <strong>\u00ab\u2009dans les march\u00e9s, sur les r\u00e9seaux sociaux,<\/strong> sur les murs de la ville\u2009\u00bb, ou encore dans des magasins volontaires, rapportent les assembl\u00e9es citoyennes. Des distributions de tracts ont d\u00e9j\u00e0 eu lieu, au centre commercial de Balma-Gramont par exemple.<\/p>\n<p class=\" wall-content\">Pour l\u2019instant, aucun dispositif policier n\u2019a \u00e9t\u00e9 annonc\u00e9 pour le 10\u00a0septembre <a href=\"https:\/\/actu.fr\/occitanie\/haute-garonne_31\" rel=\"nofollow noopener\" target=\"_blank\">en Haute-Garonne<\/a>. De leur c\u00f4t\u00e9, les manifestants envisagent d\u2019organiser moins de cort\u00e8ges massifs et de privil\u00e9gier des mouvements multiples dans plusieurs zones de Toulouse en simultan\u00e9, avec le blocage de l\u2019\u00e9conomie locale toulousaine comme objectif.<\/p>\n<p class=\" wall-content\">Personnalisez votre actualit\u00e9 en ajoutant vos villes et m\u00e9dias en favori avec <a href=\"https:\/\/moncompte.actu.fr\" title=\"D\u00e9couvez Mon Actu\" rel=\"nofollow noopener\" data-trk=\"{&quot;cta&quot;:{&quot;action&quot;:&quot;https:\\\/\\\/moncompte.actu.fr&quot;,&quot;category&quot;:&quot;mon compte&quot;,&quot;from&quot;:&quot;article footer&quot;,&quot;name&quot;:&quot;Mon actu&quot;,&quot;type&quot;:&quot;cta&quot;}}\" target=\"_blank\">Mon Actu<\/a>.<\/p>\n","protected":false},"excerpt":{"rendered":"Par Enzo Legros Publi\u00e9 le 27 ao\u00fbt 2025 \u00e0 6h02 Des groupes lanc\u00e9s sur Facebook, des posts publi\u00e9s&hellip;\n","protected":false},"author":2,"featured_media":346731,"comment_status":"","ping_status":"","sticky":false,"template":"","format":"standard","meta":{"footnotes":""},"categories":[2816],"tags":[1111,11,1777,674,1011,27,1272,12,2680,25,104,2312],"class_list":{"0":"post-346730","1":"post","2":"type-post","3":"status-publish","4":"format-standard","5":"has-post-thumbnail","7":"category-toulouse","8":"tag-actu","9":"tag-actualites","10":"tag-eu","11":"tag-europe","12":"tag-fr","13":"tag-france","14":"tag-manifestations","15":"tag-news","16":"tag-occitanie","17":"tag-republique-francaise","18":"tag-societe","19":"tag-toulouse"},"share_on_mastodon":{"url":"https:\/\/pubeurope.com\/@fr\/115098814047202042","error":""},"_links":{"self":[{"href":"https:\/\/www.europesays.com\/fr\/wp-json\/wp\/v2\/posts\/346730","targetHints":{"allow":["GET"]}}],"collection":[{"href":"https:\/\/www.europesays.com\/fr\/wp-json\/wp\/v2\/posts"}],"about":[{"href":"https:\/\/www.europesays.com\/fr\/wp-json\/wp\/v2\/types\/post"}],"author":[{"embeddable":true,"href":"https:\/\/www.europesays.com\/fr\/wp-json\/wp\/v2\/users\/2"}],"replies":[{"embeddable":true,"href":"https:\/\/www.europesays.com\/fr\/wp-json\/wp\/v2\/comments?post=346730"}],"version-history":[{"count":0,"href":"https:\/\/www.europesays.com\/fr\/wp-json\/wp\/v2\/posts\/346730\/revisions"}],"wp:featuredmedia":[{"embeddable":true,"href":"https:\/\/www.europesays.com\/fr\/wp-json\/wp\/v2\/media\/346731"}],"wp:attachment":[{"href":"https:\/\/www.europesays.com\/fr\/wp-json\/wp\/v2\/media?parent=346730"}],"wp:term":[{"taxonomy":"category","embeddable":true,"href":"https:\/\/www.europesays.com\/fr\/wp-json\/wp\/v2\/categories?post=346730"},{"taxonomy":"post_tag","embeddable":true,"href":"https:\/\/www.europesays.com\/fr\/wp-json\/wp\/v2\/tags?post=346730"}],"curies":[{"name":"wp","href":"https:\/\/api.w.org\/{rel}","templated":true}]}}