{"id":346736,"date":"2025-08-27T04:24:11","date_gmt":"2025-08-27T04:24:11","guid":{"rendered":"https:\/\/www.europesays.com\/fr\/346736\/"},"modified":"2025-08-27T04:24:11","modified_gmt":"2025-08-27T04:24:11","slug":"la-debacle-dici-marseille-latelier-partage-cense-faire-rayonner-lartisanat-local","status":"publish","type":"post","link":"https:\/\/www.europesays.com\/fr\/346736\/","title":{"rendered":"La d\u00e9b\u00e2cle d&rsquo;Ici Marseille, l&rsquo;atelier partag\u00e9 cens\u00e9 faire rayonner l&rsquo;artisanat local"},"content":{"rendered":"<p>\t    La d\u00e9b\u00e2cle d&rsquo;Ici Marseille, l&rsquo;atelier partag\u00e9 cens\u00e9 faire rayonner l&rsquo;artisanat local &#8211; Marsactu<\/p>\n<p>&#13;<br \/>\n\t\t&#13;<br \/>\n\t\tNous utilisons des cookies pour vous garantir la meilleure exp\u00e9rience sur notre site. Vous pouvez choisir de refuser les cookies.<a href=\"#\" id=\"cn-accept-cookie\" data-cookie-set=\"accept\" class=\"cn-set-cookie cn-button cn-button-custom button\" aria-label=\"J'accepte\">J&rsquo;accepte<\/a><a href=\"#\" id=\"cn-refuse-cookie\" data-cookie-set=\"refuse\" class=\"cn-set-cookie cn-button cn-button-custom button\" aria-label=\"Non\">Non<\/a><a href=\"https:\/\/marsactu.fr\/societe\/cgu\/\" target=\"_blank\" id=\"cn-more-info\" class=\"cn-more-info cn-button cn-button-custom button\" aria-label=\"En savoir plus\" rel=\"noopener\">En savoir plus<\/a><\/p>\n<p>\t\t&#13;<\/p>\n","protected":false},"excerpt":{"rendered":"La d\u00e9b\u00e2cle d&rsquo;Ici Marseille, l&rsquo;atelier partag\u00e9 cens\u00e9 faire rayonner l&rsquo;artisanat local &#8211; Marsactu &#13; &#13; Nous utilisons des&hellip;\n","protected":false},"author":2,"featured_media":346737,"comment_status":"","ping_status":"","sticky":false,"template":"","format":"standard","meta":{"footnotes":""},"categories":[2814],"tags":[1111,11,48285,1067,1777,48286,674,1011,27,48287,48288,884,12,882,25,4772],"class_list":{"0":"post-346736","1":"post","2":"type-post","3":"status-publish","4":"format-standard","5":"has-post-thumbnail","7":"category-marseille","8":"tag-actu","9":"tag-actualites","10":"tag-bouyguesimmobilier","11":"tag-enquete","12":"tag-eu","13":"tag-euromediterranee2","14":"tag-europe","15":"tag-fr","16":"tag-france","17":"tag-icimarseille","18":"tag-lesfabriques","19":"tag-marseille","20":"tag-news","21":"tag-provence-alpes-cote-dazur","22":"tag-republique-francaise","23":"tag-zalu"},"share_on_mastodon":{"url":"https:\/\/pubeurope.com\/@fr\/115098829960336136","error":""},"_links":{"self":[{"href":"https:\/\/www.europesays.com\/fr\/wp-json\/wp\/v2\/posts\/346736","targetHints":{"allow":["GET"]}}],"collection":[{"href":"https:\/\/www.europesays.com\/fr\/wp-json\/wp\/v2\/posts"}],"about":[{"href":"https:\/\/www.europesays.com\/fr\/wp-json\/wp\/v2\/types\/post"}],"author":[{"embeddable":true,"href":"https:\/\/www.europesays.com\/fr\/wp-json\/wp\/v2\/users\/2"}],"replies":[{"embeddable":true,"href":"https:\/\/www.europesays.com\/fr\/wp-json\/wp\/v2\/comments?post=346736"}],"version-history":[{"count":0,"href":"https:\/\/www.europesays.com\/fr\/wp-json\/wp\/v2\/posts\/346736\/revisions"}],"wp:featuredmedia":[{"embeddable":true,"href":"https:\/\/www.europesays.com\/fr\/wp-json\/wp\/v2\/media\/346737"}],"wp:attachment":[{"href":"https:\/\/www.europesays.com\/fr\/wp-json\/wp\/v2\/media?parent=346736"}],"wp:term":[{"taxonomy":"category","embeddable":true,"href":"https:\/\/www.europesays.com\/fr\/wp-json\/wp\/v2\/categories?post=346736"},{"taxonomy":"post_tag","embeddable":true,"href":"https:\/\/www.europesays.com\/fr\/wp-json\/wp\/v2\/tags?post=346736"}],"curies":[{"name":"wp","href":"https:\/\/api.w.org\/{rel}","templated":true}]}}