{"id":346738,"date":"2025-08-27T04:25:12","date_gmt":"2025-08-27T04:25:12","guid":{"rendered":"https:\/\/www.europesays.com\/fr\/346738\/"},"modified":"2025-08-27T04:25:12","modified_gmt":"2025-08-27T04:25:12","slug":"la-cite-de-lagriculture-de-marseille-en-liquidation-judiciaire","status":"publish","type":"post","link":"https:\/\/www.europesays.com\/fr\/346738\/","title":{"rendered":"la Cit\u00e9 de l\u2019agriculture de Marseille en liquidation judiciaire"},"content":{"rendered":"<p class=\"article__intro\">Pionni\u00e8re de l\u2019agriculture urbaine, la Cit\u00e9 de l\u2019agriculture a annonc\u00e9 sa liquidation judiciaire le 1er ao\u00fbt dernier. Apr\u00e8s dix ans au service du territoire marseillais et r\u00e9gional, la structure cesse toutes ses activit\u00e9s, faute de financements publics suffisants. Salari\u00e9s et partenaires d\u00e9noncent une \u00ab\u00a0erreur\u00a0\u00bb qui prive la ville d\u2019un acteur essentiel.<\/p>\n<p>\n      La Quotidienne Soci\u00e9t\u00e9\n    <\/p>\n<p>\n      De la vie quotidienne aux grands enjeux, recevez tous les jours les sujets qui font la soci\u00e9t\u00e9 locale, comme la justice, l\u2019\u00e9ducation, la sant\u00e9 et la famille.\n    <\/p>\n<p>    France T\u00e9l\u00e9visions utilise votre adresse e-mail afin de vous envoyer la newsletter \u00ab\u00a0La Quotidienne Soci\u00e9t\u00e9\u00a0\u00bb. Vous pouvez vous d\u00e9sinscrire \u00e0 tout moment via le lien en bas de cette newsletter. <a target=\"_blank\" href=\"https:\/\/www.francetelevisions.fr\/groupe\/confidentialite\/politique-de-confidentialite\/politique-de-confidentialite-de-france-televisions-6503\" rel=\"nofollow noopener\">Notre politique de confidentialit\u00e9<\/a><\/p>\n<p>\u00ab\u00a0Apr\u00e8s dix ans d\u2019activit\u00e9 au service du territoire marseillais et r\u00e9gional, nous sommes au regret de vous annoncer la liquidation judiciaire et, de ce fait, la cessation totale des activit\u00e9s de notre association\u00a0\u00bb, peut-on lire sur le site de la Cit\u00e9 de l\u2019agriculture.<\/p>\n<p>Cr\u00e9\u00e9e en 2015, l\u2019association, install\u00e9e dans le 1er arrondissement de Marseille (Bouches-du-Rh\u00f4ne), avait accompagn\u00e9 la naissance et la structuration de centaines d\u2019<a href=\"https:\/\/france3-regions.franceinfo.fr\/provence-alpes-cote-d-azur\/hautes-alpes\/gap\/agriculture-et-pesticides-la-situation-est-hors-de-controle-quand-la-proposition-de-loi-duplomb-divise-les-vergers-3160140.html\" target=\"_blank\" rel=\"noopener nofollow\">exploitations agricoles<\/a> \u00e0 Marseille et \u00e0 Aix-en-Provence.<\/p>\n<p>Mais son mod\u00e8le, largement d\u00e9pendant des subventions, n\u2019a pas r\u00e9sist\u00e9. \u00ab\u00a0Comme la plupart des associations, la Cit\u00e9 n\u2019avait pas de r\u00e9serves financi\u00e8res pour faire face \u00e0 l\u2019aust\u00e9rit\u00e9 actuelle\u00a0\u00bb, explique la structure sur son <a href=\"https:\/\/www.cite-agri.fr\/liquidation-judiciaire-de-la-cite-de-lagriculture-un-modele-qui-rayonne-ailleurs-et-qui-seteint-ici\/\" target=\"_blank\" data-tooltip-url=\"https:\/\/www.cite-agri.fr\/liquidation-judiciaire-de-la-cite-de-lagriculture-un-modele-qui-rayonne-ailleurs-et-qui-seteint-ici\/\" rel=\"noopener nofollow\">site internet<\/a>.<\/p>\n<\/p>\n<p>La fermeture laisse un go\u00fbt amer aux anciens membres. Pour l&rsquo;une d&rsquo;entre eux, l\u2019annonce a \u00e9t\u00e9 v\u00e9cue comme un choc : \u00ab\u00a0c\u2019est un deuil, c\u2019est la perte d\u2019un r\u00e9seau central\u201d. Derri\u00e8re la fermeture, c\u2019est aussi un sentiment d\u2019\u00e9puisement. \u00ab\u00a0Notre fonctionnement de base a \u00e9t\u00e9 mis \u00e0 mal. On a la sensation d\u2019avoir fourni \u00e9norm\u00e9ment d\u2019efforts, mais les d\u00e9cisions nous essoufflaient au quotidien. Les retards de subventions peuvent \u00eatre fatals : un trou de 100.000 euros, pour une association, c\u2019est un gouffre\u00a0\u00bb, exprime Alina Bekka, ex co-directrice de la Cit\u00e9 de l\u2019agriculture.<\/p>\n<p>Les acteurs de la Cit\u00e9 disent avoir anticip\u00e9 la baisse des financements et tent\u00e9 de diversifier leur mod\u00e8le \u00e9conomique. Mais cela n\u2019a pas suffi. \u00ab\u00a0Ce n\u2019est pas qu\u2019un probl\u00e8me local. On constate une hausse de 50% des <a href=\"https:\/\/france3-regions.franceinfo.fr\/provence-alpes-cote-d-azur\/bouches-du-rhone\/je-suis-encore-abasourdie-par-cette-nouvelle-la-famille-kaporal-dans-l-emotion-apres-le-placement-de-la-marque-en-liquidation-judiciaire-3130591.html\" target=\"_blank\" rel=\"noopener nofollow\">liquidations judiciaires<\/a> d\u2019associations en 2025. On veut que notre disparition serve d\u2019\u00e9lectrochoc.\u00a0\u00bb<\/p>\n<p>En quatre ans, plus de 200 projets ont ainsi \u00e9t\u00e9 accompagn\u00e9s. Stages, formations, vocations suscit\u00e9es : la Cit\u00e9 servait aussi de tremplin \u00e0 des jeunes curieux de d\u00e9couvrir l\u2019agriculture urbaine. Pourtant, le paradoxe est cruel : en trois ans, le nombre de fermes sur le territoire m\u00e9tropolitain est pass\u00e9 de 55 \u00e0 80 fermes, preuve de l\u2019essor de l\u2019agriculture urbaine.<\/p>\n<p>Alina Bekka rappelle l&rsquo;importance de cette structure : \u201con avait fait le pari de relier des mondes qui ne se parlent pas spontan\u00e9ment : urbains et ruraux, producteurs et consommateurs, collectivit\u00e9s et collectifs citoyens. La Cit\u00e9 faisait en sorte que les projets se parlent pour agir ensemble. \u00c7a prend du temps de coop\u00e9rer, et nous faisions gagner ce temps au territoire\u00a0\u00bb.<\/p>\n<p>Avec une double mission, agriculture urbaine et alimentation durable, la Cit\u00e9 jouait un r\u00f4le dans l\u2019\u00e9cosyst\u00e8me local. Elle aidait les mara\u00eechers \u00e0 trouver des terrains, les accompagnait dans leurs d\u00e9marches administratives et formait les nouvelles g\u00e9n\u00e9rations \u00e0 des pratiques respectueuses de l\u2019environnement.<\/p>\n<p>Elle portait plusieurs projets, aujourd\u2019hui \u00e0 l\u2019arr\u00eat. C&rsquo;est le cas de la Ferme Capri (15e arrondissement), terrain cultiv\u00e9 appartenant \u00e0 la Ville, lieu d\u2019animations et de dons alimentaires aux familles des quartiers Nord. Mais aussi le hameau agricole de Sainte-Marthe (14e), une exploitation de trois hectares destin\u00e9e \u00e0 la formation de jeunes mara\u00eechers, qui ne verra pas le jour.<\/p>\n<p>Elle a organis\u00e9 des \u00e9v\u00e9nements comme les 48 heures de l\u2019agriculture urbaine, les Journ\u00e9es de l\u2019agriculture paysanne, le Cort\u00e8ge des transitions ou encore la pr\u00e9paration d\u2019un Projet alimentaire territorial, dont elle devait \u00eatre le pivot, ainsi qu\u2019un projet europ\u00e9en que la Ville devra reprendre.<\/p>\n<p>Dans cette liquidation judiciaire, la Ville de Marseille a tenu \u00e0 pr\u00e9ciser sa position. Elle assure que, \u00ab\u00a0contrairement \u00e0 la M\u00e9tropole Aix-Marseille, au D\u00e9partement et \u00e0 la R\u00e9gion qui ont cess\u00e9 leur soutien financier \u00e0 la Cit\u00e9 de l\u2019Agriculture, [elle] est rest\u00e9e un partenaire constant et engag\u00e9\u00a0\u00bb.<\/p>\n<p>Elle rappelle avoir sign\u00e9 en 2024 une convention triennale et vers\u00e9 un total de 208.000\u2009\u20ac sur trois ans : 58.000\u2009\u20ac en 2023, 80.000\u2009\u20ac en 2024 et 70.000\u2009\u20ac en 2025.<\/p>\n<blockquote class=\"ftvi_content_quote\">\n<p class=\"ftvi_citation_quote\">Au-del\u00e0 des projets, c\u2019est toute une expertise territoriale et une aide \u00e0 tous les porteurs de projets qui veulent s\u2019engager \u00e0 cultiver qui s\u2019arr\u00eatent.<\/p>\n<p>Ville de Marseille<\/p>\n<p class=\"ftvi_citation_source\">\u00e0 France 3 Provence-Alpes<\/p>\n<\/blockquote>\n<p>Consciente du r\u00f4le essentiel de la structure, la Ville promet de rester mobilis\u00e9e pour \u00ab\u00a0pr\u00e9server les dynamiques et construire, avec les acteurs locaux, de nouvelles solutions au service de l\u2019agriculture urbaine\u00a0\u00bb.<\/p>\n<p>De son c\u00f4t\u00e9, le D\u00e9partement rappelle avoir soutenu l\u2019association via un dispositif sp\u00e9cifique \u00e0 l\u2019agriculture urbaine. Si entre 2022 et 2025, la Cit\u00e9 a b\u00e9n\u00e9fici\u00e9 de 86.000\u2009\u20ac de subventions d\u00e9partementales, ces aides ont progressivement chut\u00e9 : une baisse de 25\u2009% entre 2022 et les subventions de 2023, puis une baisse de 51\u2009% entre 2023 et 2024. \u00ab\u00a0Les aides du D\u00e9partement ont repr\u00e9sent\u00e9 environ 6% de son budget annuel\u00a0\u00bb, se d\u00e9fend l\u2019institution.<\/p>\n<p>La subvention de la R\u00e9gion est \u00e9galement pass\u00e9e de 80.000\u2009\u20ac en 2024 \u00e0 70.000\u2009\u20ac en 2025. La M\u00e9tropole a, elle aussi, r\u00e9duit son soutien : 65.000\u2009\u20ac en 2025 contre 70.000\u2009\u20ac en 2024. Elle pr\u00e9cise avoir dissoci\u00e9 les financements entre la Cit\u00e9 de l&rsquo;agriculture (45.000\u2009\u20ac) et Vrac Marseille (20.000\u2009\u20ac), association devenue autonome. Une \u00ab\u00a0restructuration\u00a0\u00bb, pas une baisse, affirme-t-elle \u00e0 <a href=\"https:\/\/www.laprovence.com\/article\/region\/58830452861028\/on-nous-coupe-l-herbe-sous-le-pied-clap-de-fin-pour-la-cite-de-l-agriculture-a-marseille\" target=\"_blank\" rel=\"noopener nofollow\">La Provence<\/a>.<\/p>\n<p>Une chose est s\u00fbre : pour les acteurs locaux, la disparition de la Cit\u00e9 marque un recul majeur pour l\u2019agriculture urbaine \u00e0 Marseille. Alina Bekka, co-directrice de la structure conclut : \u00ab\u00a0on transformait des graines en projets solides. C\u2019est dommage : \u00e7a fonctionnait. Mais on veut voir ce qui peut na\u00eetre dans les braises chaudes de notre disparition\u00a0\u00bb.\u00a0<\/p>\n","protected":false},"excerpt":{"rendered":"Pionni\u00e8re de l\u2019agriculture urbaine, la Cit\u00e9 de l\u2019agriculture a annonc\u00e9 sa liquidation judiciaire le 1er ao\u00fbt dernier. Apr\u00e8s&hellip;\n","protected":false},"author":2,"featured_media":346739,"comment_status":"","ping_status":"","sticky":false,"template":"","format":"standard","meta":{"footnotes":""},"categories":[2814],"tags":[1111,11,1777,674,1011,27,884,12,882,25],"class_list":{"0":"post-346738","1":"post","2":"type-post","3":"status-publish","4":"format-standard","5":"has-post-thumbnail","7":"category-marseille","8":"tag-actu","9":"tag-actualites","10":"tag-eu","11":"tag-europe","12":"tag-fr","13":"tag-france","14":"tag-marseille","15":"tag-news","16":"tag-provence-alpes-cote-dazur","17":"tag-republique-francaise"},"share_on_mastodon":{"url":"https:\/\/pubeurope.com\/@fr\/115098833653835844","error":""},"_links":{"self":[{"href":"https:\/\/www.europesays.com\/fr\/wp-json\/wp\/v2\/posts\/346738","targetHints":{"allow":["GET"]}}],"collection":[{"href":"https:\/\/www.europesays.com\/fr\/wp-json\/wp\/v2\/posts"}],"about":[{"href":"https:\/\/www.europesays.com\/fr\/wp-json\/wp\/v2\/types\/post"}],"author":[{"embeddable":true,"href":"https:\/\/www.europesays.com\/fr\/wp-json\/wp\/v2\/users\/2"}],"replies":[{"embeddable":true,"href":"https:\/\/www.europesays.com\/fr\/wp-json\/wp\/v2\/comments?post=346738"}],"version-history":[{"count":0,"href":"https:\/\/www.europesays.com\/fr\/wp-json\/wp\/v2\/posts\/346738\/revisions"}],"wp:featuredmedia":[{"embeddable":true,"href":"https:\/\/www.europesays.com\/fr\/wp-json\/wp\/v2\/media\/346739"}],"wp:attachment":[{"href":"https:\/\/www.europesays.com\/fr\/wp-json\/wp\/v2\/media?parent=346738"}],"wp:term":[{"taxonomy":"category","embeddable":true,"href":"https:\/\/www.europesays.com\/fr\/wp-json\/wp\/v2\/categories?post=346738"},{"taxonomy":"post_tag","embeddable":true,"href":"https:\/\/www.europesays.com\/fr\/wp-json\/wp\/v2\/tags?post=346738"}],"curies":[{"name":"wp","href":"https:\/\/api.w.org\/{rel}","templated":true}]}}