{"id":346740,"date":"2025-08-27T04:26:13","date_gmt":"2025-08-27T04:26:13","guid":{"rendered":"https:\/\/www.europesays.com\/fr\/346740\/"},"modified":"2025-08-27T04:26:13","modified_gmt":"2025-08-27T04:26:13","slug":"pickpocket-cambrioleur-et-arracheur-de-colliers-il-doit-sexpliquer-devant-le-tribunal","status":"publish","type":"post","link":"https:\/\/www.europesays.com\/fr\/346740\/","title":{"rendered":"pickpocket, cambrioleur et arracheur de colliers, il doit s\u2019expliquer devant le tribunal"},"content":{"rendered":"<p>\u00ab\u00a0Quelle l\u00e2chet\u00e9 de s\u2019attaquer \u00e0 des vieilles dames\u00a0! On voit trop de ces dossiers devant la 14e chambre\u00a0\u00bb, regrette ce lundi le repr\u00e9sentant du\u00a0minist\u00e8re public face \u00e0 un homme de 32 ans debout dans le box des comparutions imm\u00e9diates. Mohamed Kabachi, un Alg\u00e9rien sous OQTF (obligation de quitter le territoire) est jug\u00e9 pour trois vols et un cambriolage commis \u00e0 Lyon entre le 1er \u00a0janvier et le 22\u00a0ao\u00fbt. Sa derni\u00e8re victime est une femme de 95 ans agress\u00e9e rue du Docteur-Bonhomme (Lyon 3e \u00a0&#8211;\u00a08e ) pour sa cha\u00eene en or.<\/p>\n<p>Il la lu<a href=\"https:\/\/www.leprogres.fr\/faits-divers-justice\/2025\/08\/21\/des-qu-il-parle-de-son-agression-il-pleure-le-traumatisme-d-angelo-86-ans-roue-de-coups-pour-sa-chaine-en-or-a-gerland\" target=\"_blank\" rel=\"noopener\">i a arrach\u00e9e en passant son bras autour de son cou<\/a> mais la nonag\u00e9naire a bruyamment r\u00e9agi. Des t\u00e9moins, dont un policier qui n\u2019\u00e9tait pas en service, ont entendu ses cris et ont poursuivi le voleur qui a \u00e9t\u00e9 rattrap\u00e9, des ciseaux dans la main mais sans collier.<\/p>\n<p>Tout le d\u00e9signe mais Kabachi nie \u00eatre l\u2019arracheur.<\/p>\n<p>  Pickpocket dans le m\u00e9tro<\/p>\n<p>Les trois autres infractions, il les reconna\u00eet. En janvier, il avait mis \u00e0 sac un appartement \u00e0 Lyon 9e\u00a0 avec des complices. \u00ab\u00a0On ne voyait plus le sol, a t\u00e9moign\u00e9 la propri\u00e9taire. Ils \u00e9taient plusieurs \u00e0 surveiller notre r\u00e9sidence. Ils savaient quand j\u2019\u00e9tais pr\u00e9sente ou absente\u00a0\u00bb. Elle s\u2019inqui\u00e8te pour les passeports d\u00e9rob\u00e9s.<\/p>\n<p>En f\u00e9vrier, le pr\u00e9venu avait subtilis\u00e9 le t\u00e9l\u00e9phone dans la poche du blouson d\u2019une usag\u00e8re du m\u00e9tro \u00e0 Lyon 9e. En avril, il avait attaqu\u00e9 \u00e0 Lyon 8e\u00a0 une vieille dame de 92 ans pour lui arracher son collier.<\/p>\n<p>Il a \u00e9cop\u00e9 de 2 ans de prison auxquels se rajoutent 6 mois de r\u00e9vocation d\u2019un pr\u00e9c\u00e9dent sursis, d\u2019une interdiction du territoire fran\u00e7ais pendant 10 ans. Il a \u00e9t\u00e9 \u00e9crou\u00e9.<\/p>\n<p class=\"note\">Conform\u00e9ment \u00e0 sa charte \u00e9ditoriale, Le Progr\u00e8s publie les noms des pr\u00e9venus condamn\u00e9s \u00e0 au moins un an de prison ferme avec mandat de d\u00e9p\u00f4t.<\/p>\n","protected":false},"excerpt":{"rendered":"\u00ab\u00a0Quelle l\u00e2chet\u00e9 de s\u2019attaquer \u00e0 des vieilles dames\u00a0! On voit trop de ces dossiers devant la 14e chambre\u00a0\u00bb,&hellip;\n","protected":false},"author":2,"featured_media":346741,"comment_status":"","ping_status":"","sticky":false,"template":"","format":"standard","meta":{"footnotes":""},"categories":[1889],"tags":[1111,11,2430,271,272,2757,1777,674,274,1011,27,2428,2756,12,25,2429],"class_list":{"0":"post-346740","1":"post","2":"type-post","3":"status-publish","4":"format-standard","5":"has-post-thumbnail","7":"category-lyon","8":"tag-actu","9":"tag-actualites","10":"tag-auvergne-rhone-alpes","11":"tag-crime","12":"tag-delit-et-contravention","13":"tag-edition-lyon-villeurbanne","14":"tag-eu","15":"tag-europe","16":"tag-faits-divers-justice","17":"tag-fr","18":"tag-france","19":"tag-lyon","20":"tag-lyon-bassin","21":"tag-news","22":"tag-republique-francaise","23":"tag-rhone"},"share_on_mastodon":{"url":"https:\/\/pubeurope.com\/@fr\/115098837539008163","error":""},"_links":{"self":[{"href":"https:\/\/www.europesays.com\/fr\/wp-json\/wp\/v2\/posts\/346740","targetHints":{"allow":["GET"]}}],"collection":[{"href":"https:\/\/www.europesays.com\/fr\/wp-json\/wp\/v2\/posts"}],"about":[{"href":"https:\/\/www.europesays.com\/fr\/wp-json\/wp\/v2\/types\/post"}],"author":[{"embeddable":true,"href":"https:\/\/www.europesays.com\/fr\/wp-json\/wp\/v2\/users\/2"}],"replies":[{"embeddable":true,"href":"https:\/\/www.europesays.com\/fr\/wp-json\/wp\/v2\/comments?post=346740"}],"version-history":[{"count":0,"href":"https:\/\/www.europesays.com\/fr\/wp-json\/wp\/v2\/posts\/346740\/revisions"}],"wp:featuredmedia":[{"embeddable":true,"href":"https:\/\/www.europesays.com\/fr\/wp-json\/wp\/v2\/media\/346741"}],"wp:attachment":[{"href":"https:\/\/www.europesays.com\/fr\/wp-json\/wp\/v2\/media?parent=346740"}],"wp:term":[{"taxonomy":"category","embeddable":true,"href":"https:\/\/www.europesays.com\/fr\/wp-json\/wp\/v2\/categories?post=346740"},{"taxonomy":"post_tag","embeddable":true,"href":"https:\/\/www.europesays.com\/fr\/wp-json\/wp\/v2\/tags?post=346740"}],"curies":[{"name":"wp","href":"https:\/\/api.w.org\/{rel}","templated":true}]}}