{"id":346742,"date":"2025-08-27T04:27:18","date_gmt":"2025-08-27T04:27:18","guid":{"rendered":"https:\/\/www.europesays.com\/fr\/346742\/"},"modified":"2025-08-27T04:27:18","modified_gmt":"2025-08-27T04:27:18","slug":"apnee-du-sommeil-une-nouvelle-solution-est-proposee-a-lyon","status":"publish","type":"post","link":"https:\/\/www.europesays.com\/fr\/346742\/","title":{"rendered":"Apn\u00e9e du sommeil : une nouvelle solution est propos\u00e9e \u00e0 Lyon"},"content":{"rendered":"<p><img loading=\"lazy\" decoding=\"async\" alt=\"\u00a9 Shutterstock - Un premier patient a b\u00e9n\u00e9fici\u00e9 en juillet de cette solution innovante propos\u00e9e \u00e0 l'h\u00f4pital de la Croix-Rousse de Lyon.\" data-zoom-src=\"https:\/\/www.europesays.com\/fr\/wp-content\/uploads\/2025\/08\/initial-apnee-sommeil-innovation-hospices-civils-lyon-shutterstock.jpg\" data-zoomable=\"\" height=\"702\" src=\"https:\/\/www.europesays.com\/fr\/wp-content\/uploads\/2025\/08\/initial-apnee-sommeil-innovation-hospices-civils-lyon-shutterstock.jpg\" width=\"1248\"\/>  <\/p>\n<p class=\"article-desc\">\u00a9 Shutterstock &#8211; Un premier patient a b\u00e9n\u00e9fici\u00e9 en juillet de cette solution innovante propos\u00e9e \u00e0 l&rsquo;h\u00f4pital de la Croix-Rousse de Lyon. <\/p>\n<p>L&rsquo;apn\u00e9e du sommeil constitue un <strong>trouble<\/strong> de la ventilation nocturne qui se caract\u00e9rise par la survenue anormalement fr\u00e9quente d&rsquo;interruptions ou de r\u00e9ductions de la <strong>respiration<\/strong> pendant le sommeil. Li\u00e9es \u00e0 des obstructions des conduits respiratoires de l&rsquo;arri\u00e8re-gorge, ces pauses respiratoires de 10 \u00e0 30 secondes en moyenne peuvent se r\u00e9p\u00e9ter jusqu&rsquo;\u00e0 plusieurs dizaines de fois par heure de sommeil. <\/p>\n<p>Si elle n&rsquo;est pas trait\u00e9e, <strong>l&rsquo;apn\u00e9e du sommeil<\/strong>, qui concerne 4 \u00e0 5 % de la population, peut entra\u00eener des <strong>complications graves<\/strong> telles que des troubles cardiovasculaires et m\u00e9taboliques, ainsi qu&rsquo;une somnolence diurne. <\/p>\n<p>Un neurostimulateur envoie une impulsion \u00e9lectrique au patient en cas de pause de la respiration <\/p>\n<p>Les solutions propos\u00e9es aux <strong>patients<\/strong>, \u00e0 savoir la ventilation par pression positive continue ou l&rsquo;orth\u00e8se d&rsquo;avanc\u00e9e mandibulaire, sont souvent peu efficaces ou mal tol\u00e9r\u00e9es. Depuis cet \u00e9t\u00e9, les <strong>Hospices civils de Lyon<\/strong> offrent une alternative avec la <strong>technologie Inspire<\/strong>.<\/p>\n<p> <img decoding=\"async\" alt=\"\" class=\"img-size-full\" data-zoomable=\"\" loading=\"lazy\" src=\"https:\/\/www.europesays.com\/fr\/wp-content\/uploads\/2025\/08\/apnee-du-sommeil-credit-hcl.jpg\"\/> \u00a9 HCL &#8211; L&rsquo;implant de la technologie Inspire contre l&rsquo;apn\u00e9e du sommeil\u00a0se compose d&rsquo;un petit appareil et de deux \u00e9lectrodes. <\/p>\n<p>Le dispositif fonctionne gr\u00e2ce \u00e0 un<strong> neurostimulateur<\/strong> implant\u00e9 au niveau du nerf hyperglosse, qui contr\u00f4le les <strong>muscles de la langue<\/strong>, et reli\u00e9 \u00e0 une sonde plac\u00e9e dans la cage thoracique. Lorsqu&rsquo;une <strong>pause respiratoire<\/strong> est d\u00e9tect\u00e9e, le neurostimulateur envoie une<strong> impulsion \u00e9lectrique <\/strong>qui va faire avancer la langue pour faciliter l&rsquo;entr\u00e9e d&rsquo;air. <\/p>\n<p>Ce m\u00e9canisme de stimulation, activable par le patient chaque soir gr\u00e2ce \u00e0 une <strong>t\u00e9l\u00e9commande<\/strong>, est synchronis\u00e9 avec la respiration naturelle. Un premier patient a \u00e9t\u00e9 op\u00e9r\u00e9 en juillet dernier \u00e0 <strong>l&rsquo;h\u00f4pital lyonnais de la Croix-Rousse<\/strong> gr\u00e2ce \u00e0 la collaboration \u00e9troite entre le service de <strong>m\u00e9decine du sommeil<\/strong> et des maladies respiratoires et le service d&rsquo;ORL et chirurgie cervico-faciale. <\/p>\n<p>H\u00f4pital de la Croix-Rousse : un des douze \u00e9tablissements en France \u00e0 proposer la technologie Inspire contre l&rsquo;apn\u00e9e du sommeil <\/p>\n<p>La pose de l&rsquo;implant, compos\u00e9 d&rsquo;un petit appareil et de deux \u00e9lectrodes, est r\u00e9alis\u00e9e sous anesth\u00e9sie g\u00e9n\u00e9rale par le chirurgien ORL. Le dispositif est ensuite activ\u00e9 un mois apr\u00e8s l&rsquo;intervention sur la base de premiers param\u00e9trages (fr\u00e9quence, intensit\u00e9 et dur\u00e9e des stimulations) effectu\u00e9s par le m\u00e9decin sp\u00e9cialiste du sommeil selon le profil du patient. <\/p>\n<p>Une formation \u00e0 l&rsquo;utilisation de la t\u00e9l\u00e9commande en autonomie est \u00e9galement dispens\u00e9e au patient lors de cette consultation. Aujourd&rsquo;hui, <strong>douze centres seulement en France<\/strong> proposent la technologie Inspire. Mise sur le march\u00e9 europ\u00e9en d\u00e8s 2010 et sur le march\u00e9 am\u00e9ricain en 2014, cette solution profite \u00e0 plus de <strong>90 000 patients dans le monde<\/strong>.<\/p>\n","protected":false},"excerpt":{"rendered":"\u00a9 Shutterstock &#8211; Un premier patient a b\u00e9n\u00e9fici\u00e9 en juillet de cette solution innovante propos\u00e9e \u00e0 l&rsquo;h\u00f4pital de&hellip;\n","protected":false},"author":2,"featured_media":346743,"comment_status":"","ping_status":"","sticky":false,"template":"","format":"standard","meta":{"footnotes":""},"categories":[1889],"tags":[1111,11,2430,1777,674,1011,27,8733,2777,5701,2428,12,25,279],"class_list":{"0":"post-346742","1":"post","2":"type-post","3":"status-publish","4":"format-standard","5":"has-post-thumbnail","7":"category-lyon","8":"tag-actu","9":"tag-actualites","10":"tag-auvergne-rhone-alpes","11":"tag-eu","12":"tag-europe","13":"tag-fr","14":"tag-france","15":"tag-hcl","16":"tag-hopitaux","17":"tag-innovation","18":"tag-lyon","19":"tag-news","20":"tag-republique-francaise","21":"tag-sommeil"},"share_on_mastodon":{"url":"https:\/\/pubeurope.com\/@fr\/115098841516449640","error":""},"_links":{"self":[{"href":"https:\/\/www.europesays.com\/fr\/wp-json\/wp\/v2\/posts\/346742","targetHints":{"allow":["GET"]}}],"collection":[{"href":"https:\/\/www.europesays.com\/fr\/wp-json\/wp\/v2\/posts"}],"about":[{"href":"https:\/\/www.europesays.com\/fr\/wp-json\/wp\/v2\/types\/post"}],"author":[{"embeddable":true,"href":"https:\/\/www.europesays.com\/fr\/wp-json\/wp\/v2\/users\/2"}],"replies":[{"embeddable":true,"href":"https:\/\/www.europesays.com\/fr\/wp-json\/wp\/v2\/comments?post=346742"}],"version-history":[{"count":0,"href":"https:\/\/www.europesays.com\/fr\/wp-json\/wp\/v2\/posts\/346742\/revisions"}],"wp:featuredmedia":[{"embeddable":true,"href":"https:\/\/www.europesays.com\/fr\/wp-json\/wp\/v2\/media\/346743"}],"wp:attachment":[{"href":"https:\/\/www.europesays.com\/fr\/wp-json\/wp\/v2\/media?parent=346742"}],"wp:term":[{"taxonomy":"category","embeddable":true,"href":"https:\/\/www.europesays.com\/fr\/wp-json\/wp\/v2\/categories?post=346742"},{"taxonomy":"post_tag","embeddable":true,"href":"https:\/\/www.europesays.com\/fr\/wp-json\/wp\/v2\/tags?post=346742"}],"curies":[{"name":"wp","href":"https:\/\/api.w.org\/{rel}","templated":true}]}}