{"id":346744,"date":"2025-08-27T04:30:15","date_gmt":"2025-08-27T04:30:15","guid":{"rendered":"https:\/\/www.europesays.com\/fr\/346744\/"},"modified":"2025-08-27T04:30:15","modified_gmt":"2025-08-27T04:30:15","slug":"a-paris-decathlon-ouvre-son-magasin-pres-de-la-gare-montparnasse","status":"publish","type":"post","link":"https:\/\/www.europesays.com\/fr\/346744\/","title":{"rendered":"\u00e0 Paris, Decathlon ouvre son magasin pr\u00e8s de la gare Montparnasse"},"content":{"rendered":"<p>            Par<br \/>\n        <strong><br \/>\n            <a href=\"https:\/\/actu.fr\/auteur\/augustin-delaporte\" title=\"Consulter tous les articles de Augustin Delaporte\" rel=\"nofollow noopener\" target=\"_blank\">Augustin Delaporte<\/a><br \/>\n        <\/strong><\/p>\n<p>        Publi\u00e9 le<\/p>\n<p>            27 ao\u00fbt 2025 \u00e0 6h04        <\/p>\n<p><a href=\"https:\/\/actu.fr\/tag\/decathlon\" rel=\"nofollow noopener\" target=\"_blank\">Decathlon<\/a> ouvre, ce mercredi 27\u00a0ao\u00fbt 2025, \u00e0 10\u00a0heures, son huiti\u00e8me point de vente \u00e0 <a href=\"https:\/\/actu.fr\/paris\/\" rel=\"nofollow noopener\" target=\"_blank\">Paris<\/a> intra-muros. Nich\u00e9 dans le 6e arrondissement, \u00e0 une dizaine de minutes \u00e0 pied de la <a href=\"https:\/\/actu.fr\/tag\/gare-montparnasse\" rel=\"nofollow noopener\" target=\"_blank\">gare Montparnasse<\/a> et une centaine de m\u00e8tres de la station de m\u00e9tro de la ligne 4, Saint-Placide, l\u2019espace de 700\u00a0m2 est, comme les magasins du boulevard Saint-Germain (6e) et des Batignolles (17e), un \u00ab\u2009City\u2009\u00bb, le nouveau mod\u00e8le en vogue de l\u2019enseigne, destin\u00e9 aux centres-villes. actu Paris l\u2019a visit\u00e9 en avant-premi\u00e8re. Voici ce qu\u2019il faut retenir.<\/p>\n<p>Une rue fr\u00e9quent\u00e9e par 9\u00a0millions de personnes chaque jour<\/p>\n<p class=\" wall-content\">Entre la gare, les commerces et le m\u00e9tro, <a href=\"https:\/\/actu.fr\/ile-de-france\/paris_75056\/crise-du-commerce-a-paris-comment-la-rue-de-rennes-tente-de-se-renouveler_60044684.html\" rel=\"nofollow noopener\" target=\"_blank\">la rue de Rennes<\/a> est l\u2019une des art\u00e8res les plus fr\u00e9quent\u00e9es du secteur. Il y aurait <strong>pr\u00e8s de 9\u00a0millions de passages chaque jour<\/strong>, selon Antony Brandstaedt, le leader de l\u2019\u00e9quipe parisienne de l\u2019enseigne.<\/p>\n<p class=\" wall-content\">C\u2019est notamment ce qui a motiv\u00e9 la marque de grande distribution \u00e0 s\u2019y implanter lorsque l\u2019opportunit\u00e9 s\u2019est pr\u00e9sent\u00e9e. \u00ab\u2009Nous savions depuis longtemps que nous voulions \u00eatre \u00e0 Montparnasse\u2009\u00bb, a appuy\u00e9 Bastien Grandgeorge, CEO Decathlon France, lors d\u2019un point presse organis\u00e9 la veille de l\u2019ouverture. Et d\u2019ajouter dans la foul\u00e9e\u2009: \u00ab\u2009Les datas (donn\u00e9es, N.D.L.R.) nous ont permis de choisir l\u2019endroit exact.\u2009\u00bb<\/p>\n<blockquote class=\"ac-article-quote wall-content\">\n<p>\u00c0 Paris, on souhaite \u00eatre \u00e0 20 minutes de chaque habitant<\/p>\n<p>    <strong>Sandra Vom Hofe <\/strong><br \/>\n        Directrice r\u00e9gionale chez Decathlon     <\/p><\/blockquote>\n<p class=\" wall-content\">Decathlon a donc saisi l\u2019opportunit\u00e9 de r\u00e9cup\u00e9rer <a href=\"https:\/\/actu.fr\/ile-de-france\/paris_75056\/c-est-tres-attractif-a-paris-pourquoi-decathlon-va-ouvrir-un-nouveau-magasin-pres-de-la-gare-montparnasse_62383517.html\" rel=\"nofollow noopener\" target=\"_blank\">les 762\u00a0m\u00e8tres carr\u00e9s c\u00e9d\u00e9s par\u00a0le g\u00e9ant de l\u2019\u00e9lectrom\u00e9nager, Boulanger<\/a>, aux <strong>num\u00e9ros\u00a0135-139 de la rue de Rennes<\/strong>. \u00ab\u2009Quand les gens entendent Decathlon, ils imaginent toujours que l\u2019on cherche 3\u2009000\u00a0m2, mais ce n\u2019est pas vrai. En centre-ville, 600, 700\u00a0m2, c\u2019est id\u00e9al\u2009\u00bb, s\u2019est r\u00e9joui Bastien Grandgeorge.<\/p>\n<p>Un format \u00ab\u2009City\u2009\u00bb avec trois sports majeurs<\/p>\n<p class=\" wall-content\">Pour cette <strong>premi\u00e8re ouverture dans la capitale depuis 2019<\/strong>, la marque aux 320 magasins a d\u00e9cid\u00e9 de miser sur son nouveau format de point de vente\u2009: le City. Un concept qui fait la part belle \u00e0 trois sports tr\u00e8s pratiqu\u00e9s en ville. \u00ab\u2009Depuis 49\u00a0ans, on montre que l\u2019on est un expert de l\u2019offre g\u00e9n\u00e9raliste. Aujourd\u2019hui, on prouve aussi que l\u2019on peut \u00eatre pertinent avec des magasins sp\u00e9cialistes, avec davantage de technicit\u00e9. On ne remplace pas, c\u2019est un compl\u00e9ment\u2009\u00bb, a fait savoir Bastien Grandgeorge.<\/p>\n<p class=\" wall-content\">C\u2019est ainsi que Decathlon a ouvert son premier magasin enti\u00e8rement consacr\u00e9 au \u00ab\u2009running\u2009\u00bb \u00e0 Bordeaux, en mai dernier. Celui de Montparnasse r\u00e9serve, lui, la grande majorit\u00e9 de sa surface au <strong>v\u00e9lo, au running et au fitness\/yoga<\/strong>. \u00ab\u2009C\u2019est le reflet des pratiques sportives du quartier\u2009\u00bb, a argu\u00e9 Antony Brandstaedt.<\/p>\n<p>Votre r\u00e9gion, votre actu !<\/p>\n<p>Recevez chaque jour les infos qui comptent pour vous.<\/p>\n<p>\t<a href=\"https:\/\/actu.fr\/newsletter\" class=\"ac-btn ac-btn--corner ac-btn--medium ac-btn--blue800\" rel=\"nofollow noopener\" target=\"_blank\">S&rsquo;incrire<\/a><\/p>\n<p>    <img   decoding=\"async\" loading=\"lazy\" src=\"https:\/\/www.europesays.com\/fr\/wp-content\/uploads\/2025\/08\/20250826-160859-960x640.jpg\" alt=\"Decathlon Montparnasse \" width=\"960\" height=\"640\"\/><br \/>\n    L\u2019espace fitness est celui qui compte le plus de m\u00e8tres lin\u00e9aires. (\u00a9AD \/ actu Paris)<\/p>\n<p class=\" wall-content\">Un nouveau mod\u00e8le qui a le vent poupe, puisque les deux premiers \u00ab\u2009City\u2009\u00bb de Paris sont sur le podium des Decathlon avec la meilleure croissance de chiffre d\u2019affaires. L\u2019enseigne pr\u00e9cise que l\u2019int\u00e9gralit\u00e9 du catalogue est, elle, disponible en ligne et que les articles peuvent \u00eatre r\u00e9cup\u00e9r\u00e9s en boutique entre 24 et 48\u00a0heures apr\u00e8s la commande.<\/p>\n<p>Un atelier r\u00e9paration, un syst\u00e8me d\u2019analyse de foul\u00e9e et des casiers<\/p>\n<p class=\" wall-content\">Sur place, il sera \u00e9galement possible de b\u00e9n\u00e9ficier d\u2019un atelier de r\u00e9paration et entretien accessible sur rendez-vous (en ligne), de lockers (casiers) et d\u2019un syst\u00e8me \u00ab\u2009d\u2019analyse de foul\u00e9e de haute pr\u00e9cision\u2009\u00bb pour choisir au mieux sa future paire de chaussures. Enfin, un programme permet d\u2019essayer des produits avant d\u2019acheter.<\/p>\n<p>    <img   decoding=\"async\" loading=\"lazy\" src=\"https:\/\/www.europesays.com\/fr\/wp-content\/uploads\/2025\/08\/20250826-160353-960x640.jpg\" alt=\"Decathlon Montparnasse \" width=\"960\" height=\"640\"\/><br \/>\n    Des casiers permettent de r\u00e9cup\u00e9rer votre colis\u2026 notamment en arrivant de la gare. (\u00a9AD \/ actu Paris)<\/p>\n<p class=\" wall-content\">\u00c0 proximit\u00e9 des caisses, l\u2019espace est occup\u00e9 par un \u00ab\u2009p\u00f4le saisonnier\u2009\u00bb (randonn\u00e9e et sports d\u2019eau cet \u00e9t\u00e9), o\u00f9 il devrait y avoir un roulement de sports, un petit rayon soins\/nutrition et un autre d\u00e9di\u00e9 \u00e0 l\u2019escalade.<\/p>\n<p class=\" wall-content\">Ouvert de 10 \u00e0 20\u00a0heures du lundi au samedi et de 11 \u00e0 19\u00a0heures le dimanche, ce Decathlon propose environ 3\u2009500 r\u00e9f\u00e9rences et 20\u00a0personnes y travailleront.<\/p>\n<p class=\" wall-content\">Personnalisez votre actualit\u00e9 en ajoutant vos villes et m\u00e9dias en favori avec <a href=\"https:\/\/moncompte.actu.fr\" title=\"D\u00e9couvez Mon Actu\" rel=\"nofollow noopener\" data-trk=\"{&quot;cta&quot;:{&quot;action&quot;:&quot;https:\\\/\\\/moncompte.actu.fr&quot;,&quot;category&quot;:&quot;mon compte&quot;,&quot;from&quot;:&quot;article footer&quot;,&quot;name&quot;:&quot;Mon actu&quot;,&quot;type&quot;:&quot;cta&quot;}}\" target=\"_blank\">Mon Actu<\/a>.<\/p>\n","protected":false},"excerpt":{"rendered":"Par Augustin Delaporte Publi\u00e9 le 27 ao\u00fbt 2025 \u00e0 6h04 Decathlon ouvre, ce mercredi 27\u00a0ao\u00fbt 2025, \u00e0 10\u00a0heures,&hellip;\n","protected":false},"author":2,"featured_media":346745,"comment_status":"","ping_status":"","sticky":false,"template":"","format":"standard","meta":{"footnotes":""},"categories":[1888],"tags":[1111,1928,11,1927,215,7200,1777,674,1011,27,8037,12,1926,626,1925,25,60],"class_list":{"0":"post-346744","1":"post","2":"type-post","3":"status-publish","4":"format-standard","5":"has-post-thumbnail","7":"category-paris","8":"tag-actu","9":"tag-actu-paris","10":"tag-actualites","11":"tag-actualites-paris","12":"tag-commerce","13":"tag-decathlon","14":"tag-eu","15":"tag-europe","16":"tag-fr","17":"tag-france","18":"tag-gare-montparnasse","19":"tag-news","20":"tag-news-paris","21":"tag-paris","22":"tag-paris-news","23":"tag-republique-francaise","24":"tag-sports"},"share_on_mastodon":{"url":"https:\/\/pubeurope.com\/@fr\/115098853342471975","error":""},"_links":{"self":[{"href":"https:\/\/www.europesays.com\/fr\/wp-json\/wp\/v2\/posts\/346744","targetHints":{"allow":["GET"]}}],"collection":[{"href":"https:\/\/www.europesays.com\/fr\/wp-json\/wp\/v2\/posts"}],"about":[{"href":"https:\/\/www.europesays.com\/fr\/wp-json\/wp\/v2\/types\/post"}],"author":[{"embeddable":true,"href":"https:\/\/www.europesays.com\/fr\/wp-json\/wp\/v2\/users\/2"}],"replies":[{"embeddable":true,"href":"https:\/\/www.europesays.com\/fr\/wp-json\/wp\/v2\/comments?post=346744"}],"version-history":[{"count":0,"href":"https:\/\/www.europesays.com\/fr\/wp-json\/wp\/v2\/posts\/346744\/revisions"}],"wp:featuredmedia":[{"embeddable":true,"href":"https:\/\/www.europesays.com\/fr\/wp-json\/wp\/v2\/media\/346745"}],"wp:attachment":[{"href":"https:\/\/www.europesays.com\/fr\/wp-json\/wp\/v2\/media?parent=346744"}],"wp:term":[{"taxonomy":"category","embeddable":true,"href":"https:\/\/www.europesays.com\/fr\/wp-json\/wp\/v2\/categories?post=346744"},{"taxonomy":"post_tag","embeddable":true,"href":"https:\/\/www.europesays.com\/fr\/wp-json\/wp\/v2\/tags?post=346744"}],"curies":[{"name":"wp","href":"https:\/\/api.w.org\/{rel}","templated":true}]}}