{"id":346750,"date":"2025-08-27T04:33:16","date_gmt":"2025-08-27T04:33:16","guid":{"rendered":"https:\/\/www.europesays.com\/fr\/346750\/"},"modified":"2025-08-27T04:33:16","modified_gmt":"2025-08-27T04:33:16","slug":"les-valeurs-a-suivre-a-paris-et-en-europe-27-08-2025-a-0600","status":"publish","type":"post","link":"https:\/\/www.europesays.com\/fr\/346750\/","title":{"rendered":"Les valeurs \u00e0 suivre \u00e0 Paris et en Europe &#8211; 27\/08\/2025 \u00e0 06:00"},"content":{"rendered":"<p>\n *\n<\/p>\n<p>\n Variation des futures sur indice CAC 40  0#FCE:\n<\/p>\n<p>\n *\n<\/p>\n<p>\n Variation des futures sur indice Stoxx 600  0#FXXP:\n<\/p>\n<p>\n *\n<\/p>\n<p>\n Valeurs qui se traitent ex-dividende  .EX.PA\n<\/p>\n<p>\n *\n<\/p>\n<p>\n Le point sur les march\u00e9s europ\u00e9ens  .EUFR\n<\/p>\n<p>\n Les valeurs \u00e0 suivre mercredi<br \/>\n\u00e0 la Bourse de Paris et en Europe :\n<\/p>\n<p>\n * STELLANTIS<br \/>\n <a href=\"https:\/\/www.boursorama.com\/cours\/1rPSTLAP\/\" target=\"_blank\" rel=\"noopener\"><br \/>\n  STLAM.PA<br \/>\n <\/a><br \/>\n a pay\u00e9 190,6 millions de dollars<br \/>\n(162,81 millions d&rsquo;euros) de p\u00e9nalit\u00e9s cette ann\u00e9e pour ne pas<br \/>\navoir respect\u00e9 les exigences am\u00e9ricaines en mati\u00e8re d&rsquo;\u00e9conomie<br \/>\nde carburant, selon l&rsquo;Administration am\u00e9ricaine de la s\u00e9curit\u00e9<br \/>\nrouti\u00e8re (NHTSA). Stellantis a confirm\u00e9 ce montant \u00e0 Reuters<br \/>\nmardi, mais s&rsquo;est refus\u00e9 \u00e0 tout autre commentaire.\n<\/p>\n<p>\n * ELIS SA<br \/>\n <a href=\"https:\/\/www.boursorama.com\/cours\/1rPELIS\/\" target=\"_blank\" rel=\"noopener\"><br \/>\n  ELIS.PA<br \/>\n <\/a><br \/>\n a annonc\u00e9 mardi avoir plac\u00e9 avec succ\u00e8s<br \/>\n350 millions d&rsquo;euros d&rsquo;obligations sous programme EMTN.\n<\/p>\n<p>\n L&rsquo;AGENDA FRANCE &amp; INTERNATIONAL \u00c0 7 JOURS:<\/p>\n<p> nL8N3UE105\n<\/p>\n<p>\n (\u00c9dit\u00e9 par Kate Entringer)<\/p>\n","protected":false},"excerpt":{"rendered":"* Variation des futures sur indice CAC 40 0#FCE: * Variation des futures sur indice Stoxx 600 0#FXXP:&hellip;\n","protected":false},"author":2,"featured_media":64038,"comment_status":"","ping_status":"","sticky":false,"template":"","format":"standard","meta":{"footnotes":""},"categories":[1888],"tags":[400,11,398,408,405,1777,674,1011,27,403,402,399,404,12,626,25,401,406,407],"class_list":{"0":"post-346750","1":"post","2":"type-post","3":"status-publish","4":"format-standard","5":"has-post-thumbnail","7":"category-paris","8":"tag-action-cac-40","9":"tag-actualites","10":"tag-bourse-de-paris","11":"tag-boursorama","12":"tag-cotations","13":"tag-eu","14":"tag-europe","15":"tag-fr","16":"tag-france","17":"tag-indices-devises","18":"tag-investir","19":"tag-investissement","20":"tag-marche-boursier","21":"tag-news","22":"tag-paris","23":"tag-republique-francaise","24":"tag-sicav","25":"tag-trackers","26":"tag-warrants"},"share_on_mastodon":{"url":"https:\/\/pubeurope.com\/@fr\/115098865129365155","error":""},"_links":{"self":[{"href":"https:\/\/www.europesays.com\/fr\/wp-json\/wp\/v2\/posts\/346750","targetHints":{"allow":["GET"]}}],"collection":[{"href":"https:\/\/www.europesays.com\/fr\/wp-json\/wp\/v2\/posts"}],"about":[{"href":"https:\/\/www.europesays.com\/fr\/wp-json\/wp\/v2\/types\/post"}],"author":[{"embeddable":true,"href":"https:\/\/www.europesays.com\/fr\/wp-json\/wp\/v2\/users\/2"}],"replies":[{"embeddable":true,"href":"https:\/\/www.europesays.com\/fr\/wp-json\/wp\/v2\/comments?post=346750"}],"version-history":[{"count":0,"href":"https:\/\/www.europesays.com\/fr\/wp-json\/wp\/v2\/posts\/346750\/revisions"}],"wp:featuredmedia":[{"embeddable":true,"href":"https:\/\/www.europesays.com\/fr\/wp-json\/wp\/v2\/media\/64038"}],"wp:attachment":[{"href":"https:\/\/www.europesays.com\/fr\/wp-json\/wp\/v2\/media?parent=346750"}],"wp:term":[{"taxonomy":"category","embeddable":true,"href":"https:\/\/www.europesays.com\/fr\/wp-json\/wp\/v2\/categories?post=346750"},{"taxonomy":"post_tag","embeddable":true,"href":"https:\/\/www.europesays.com\/fr\/wp-json\/wp\/v2\/tags?post=346750"}],"curies":[{"name":"wp","href":"https:\/\/api.w.org\/{rel}","templated":true}]}}