{"id":346753,"date":"2025-08-27T04:35:11","date_gmt":"2025-08-27T04:35:11","guid":{"rendered":"https:\/\/www.europesays.com\/fr\/346753\/"},"modified":"2025-08-27T04:35:11","modified_gmt":"2025-08-27T04:35:11","slug":"en-direct-ukraine-kiev-confirme-les-avancees-de-moscou-dans-une-region","status":"publish","type":"post","link":"https:\/\/www.europesays.com\/fr\/346753\/","title":{"rendered":"EN DIRECT &#8211; Ukraine : Kiev confirme les avanc\u00e9es de Moscou dans une r\u00e9gion"},"content":{"rendered":"<ul class=\"jsx-862013697 ArticleChapo__List\">\n<li class=\"jsx-862013697 ArticleChapo__List_Item flex\">L&rsquo;Ukraine a pour la premi\u00e8re fois reconnu mardi que les soldats russes avaient p\u00e9n\u00e9tr\u00e9 dans sa r\u00e9gion de Dnipropetrovsk (centre-est), o\u00f9 Moscou avait revendiqu\u00e9 de son c\u00f4t\u00e9 des avanc\u00e9es d\u00e8s le mois de juillet.<\/li>\n<li class=\"jsx-862013697 ArticleChapo__List_Item flex\">Suivez les derni\u00e8res informations.<\/li>\n<\/ul>\n<p data-module=\"article-paragraph\" class=\"jsx-3046738180 Paragraph Paragraph__End\">L&rsquo;Ukraine a pour la premi\u00e8re fois reconnu mardi que les soldats russes avaient p\u00e9n\u00e9tr\u00e9 dans sa r\u00e9gion de Dnipropetrovsk (centre-est), o\u00f9 Moscou avait revendiqu\u00e9 de son c\u00f4t\u00e9 des avanc\u00e9es d\u00e8s le mois de juillet. \u00ab\u00a0Oui, ils sont entr\u00e9s\u00a0\u00bb dans ce territoire, o\u00f9 \u00ab\u00a0les combats se poursuivent actuellement\u00a0\u00bb, a d\u00e9clar\u00e9 \u00e0 l&rsquo;AFP Viktor Tregoubov, le porte-parole des forces ukrainiennes pour cette zone. \u00a0Kiev d\u00e9mentait jusque-l\u00e0 toute p\u00e9n\u00e9tration des troupes russes dans cette r\u00e9gion.<\/p>\n<p>Minute par minute<\/p>\n<p data-module=\"article-paragraph\" class=\"jsx-3046738180 Paragraph\">L&rsquo;arm\u00e9e russe, qui occupe environ 20% de l&rsquo;Ukraine, dans l&rsquo;est et le sud, a acc\u00e9l\u00e9r\u00e9 sa progression sur le terrain ces derniers mois face \u00e0 des unit\u00e9s ukrainiennes moins nombreuses et moins bien \u00e9quip\u00e9es. Le groupement Dnipro de l&rsquo;arm\u00e9e ukrainienne, charg\u00e9 de cette zone, a assur\u00e9 mardi avoir \u00ab\u00a0stopp\u00e9 l&rsquo;avanc\u00e9e des envahisseurs russes\u00a0\u00bb peu apr\u00e8s leur entr\u00e9e dans la r\u00e9gion de Dnipropetrovsk \u00e0 partir de celle de Donetsk, plus \u00e0 l&rsquo;est.\u00a0<\/p>\n<p data-module=\"article-paragraph\" class=\"jsx-3046738180 Paragraph Paragraph__End\">Les militaires ukrainiens \u00ab\u00a0continuent de contr\u00f4ler le village de Zaporizk\u00e9\u00a0\u00bb dont la prise a \u00e9t\u00e9 revendiqu\u00e9e lundi par la Russie, a assur\u00e9 le groupement. Il a fait \u00e9tat d'\u00a0\u00bbop\u00e9rations de combat actives pr\u00e8s du village de Novogueorgui\u00efvka\u00a0\u00bb, dont les Russes ont affirm\u00e9 le 20 ao\u00fbt s&rsquo;\u00eatre empar\u00e9s.\u00a0<\/p>\n<p>La r\u00e9daction de TF1info<\/p>\n","protected":false},"excerpt":{"rendered":"L&rsquo;Ukraine a pour la premi\u00e8re fois reconnu mardi que les soldats russes avaient p\u00e9n\u00e9tr\u00e9 dans sa r\u00e9gion de&hellip;\n","protected":false},"author":2,"featured_media":241681,"comment_status":"","ping_status":"","sticky":false,"template":"","format":"standard","meta":{"footnotes":""},"categories":[1590],"tags":[1111,11,1921,1777,674,1922,12,132,220,133,1920],"class_list":{"0":"post-346753","1":"post","2":"type-post","3":"status-publish","4":"format-standard","5":"has-post-thumbnail","7":"category-ukraine","8":"tag-actu","9":"tag-actualites","10":"tag-article-video","11":"tag-eu","12":"tag-europe","13":"tag-info","14":"tag-news","15":"tag-russie","16":"tag-ukraine","17":"tag-video","18":"tag-video-international"},"share_on_mastodon":{"url":"https:\/\/pubeurope.com\/@fr\/115098872962634184","error":""},"_links":{"self":[{"href":"https:\/\/www.europesays.com\/fr\/wp-json\/wp\/v2\/posts\/346753","targetHints":{"allow":["GET"]}}],"collection":[{"href":"https:\/\/www.europesays.com\/fr\/wp-json\/wp\/v2\/posts"}],"about":[{"href":"https:\/\/www.europesays.com\/fr\/wp-json\/wp\/v2\/types\/post"}],"author":[{"embeddable":true,"href":"https:\/\/www.europesays.com\/fr\/wp-json\/wp\/v2\/users\/2"}],"replies":[{"embeddable":true,"href":"https:\/\/www.europesays.com\/fr\/wp-json\/wp\/v2\/comments?post=346753"}],"version-history":[{"count":0,"href":"https:\/\/www.europesays.com\/fr\/wp-json\/wp\/v2\/posts\/346753\/revisions"}],"wp:featuredmedia":[{"embeddable":true,"href":"https:\/\/www.europesays.com\/fr\/wp-json\/wp\/v2\/media\/241681"}],"wp:attachment":[{"href":"https:\/\/www.europesays.com\/fr\/wp-json\/wp\/v2\/media?parent=346753"}],"wp:term":[{"taxonomy":"category","embeddable":true,"href":"https:\/\/www.europesays.com\/fr\/wp-json\/wp\/v2\/categories?post=346753"},{"taxonomy":"post_tag","embeddable":true,"href":"https:\/\/www.europesays.com\/fr\/wp-json\/wp\/v2\/tags?post=346753"}],"curies":[{"name":"wp","href":"https:\/\/api.w.org\/{rel}","templated":true}]}}