{"id":346756,"date":"2025-08-27T04:37:19","date_gmt":"2025-08-27T04:37:19","guid":{"rendered":"https:\/\/www.europesays.com\/fr\/346756\/"},"modified":"2025-08-27T04:37:19","modified_gmt":"2025-08-27T04:37:19","slug":"patriotisme-extreme-droite-pourquoi-des-drapeaux-anglais-et-britannique-fleurissent-dans-plusieurs-villes-outre-manche","status":"publish","type":"post","link":"https:\/\/www.europesays.com\/fr\/346756\/","title":{"rendered":"Patriotisme\u00a0? Extr\u00eame droite\u00a0? Pourquoi des drapeaux anglais et britannique fleurissent dans plusieurs villes outre-Manche"},"content":{"rendered":"<p class=\"paragraph text_align_left lp-f-body-02\">Un tweet myst\u00e9rieux au premier abord. Elon Musk a publi\u00e9 sur <a href=\"https:\/\/x.com\/elonmusk\/status\/1960230222441193644\" target=\"_self\" rel=\"nofollow\">X<\/a>, ce mardi, la croix de saint Georges, symbole de l\u2019Angleterre, nation constitutive du <a href=\"https:\/\/www.leparisien.fr\/international\/royaume-uni\/3\/\" target=\"_self\" rel=\"nofollow noopener\">Royaume-Uni<\/a>. Une fa\u00e7on d\u2019apporter son soutien, depuis les \u00c9tats-Unis, \u00e0 une action citoyenne britannique intitul\u00e9e \u00ab Hissez les couleurs \u00bb.<\/p>\n<p class=\"paragraph text_align_left lp-f-body-02\">\u00c0 Londres, Birmingham, Newcastle et dans plusieurs r\u00e9gions d\u2019Angleterre, des Britanniques ont fix\u00e9, depuis plusieurs semaines, ce drapeau et celui du Royaume-Uni, sur des lampadaires, des ponts ou encore des routes.<\/p>\n<p>Qui est derri\u00e8re cette action ?<\/p>\n<p class=\"paragraph text_align_left lp-f-body-02\">L\u2019action s\u2019est organis\u00e9e autour d\u2019un mot d\u2019ordre \u00ab Hissez les couleurs \u00bb. Un groupe <a href=\"https:\/\/www.leparisien.fr\/international\/italie\/en-italie-meta-ferme-un-groupe-facebook-avec-plus-de-30-000-membres-se-partageant-des-photos-volees-de-femmes-21-08-2025-PWL7PKLQUFFLDJG2L7H4APW2BY.php\" target=\"_self\" rel=\"nofollow noopener\">Facebook<\/a> du m\u00eame nom, qui souhaite \u00ab r\u00e9tablir le patriotisme une bonne fois pour toutes \u00bb. Le groupe aurait fourni des drapeaux dans plusieurs r\u00e9gions d\u2019Angleterre.<\/p>\n<p class=\"paragraph text_align_left lp-f-body-02\">Selon <a href=\"https:\/\/www.thetimes.com\/uk\/politics\/article\/far-right-link-taints-patriotic-grassroots-flag-movement-5k03bbcck?t=1755971091834\" target=\"_self\" rel=\"nofollow noopener\">The Times<\/a>, le mouvement aurait accept\u00e9 des dons provenant du parti politique d\u2019extr\u00eame droite Britain First. L\u2019organisation antiraciste, <a href=\"https:\/\/hopenothate.org.uk\/2025\/08\/22\/operation-raise-the-colours-organised-by-well-known-far-right-extremists\/\" target=\"_self\" rel=\"nofollow noopener\">Hope Not Hate<\/a>, affirme, de son c\u00f4t\u00e9, que cette organisation serait cofond\u00e9e par Andrew Currien, actuellement en lien avec Britain First et ancien membre du groupe islamophobe d\u2019extr\u00eame droite English Defence League.<\/p>\n<p class=\"paragraph text_align_left lp-f-body-02\">Weoley Warriors, un autre groupe qui participe \u00e0 cette campagne, dans la ville de Birmingham, aurait collect\u00e9 plus de 16 000 euros pour financer l\u2019accrochage de drapeaux.<\/p>\n<p class=\"paragraph text_align_left lp-f-body-02\">Les conseils municipaux des villes de Tower Hamlets et Birmingham ont d\u00e9cid\u00e9 de les retirer.<\/p>\n<p>Quelles sont les r\u00e9actions ?<\/p>\n<p class=\"paragraph text_align_left lp-f-body-02\">Interrog\u00e9 sur le mouvement, un porte-parole du Premier ministre Keir Starmer a d\u2019abord affirm\u00e9 que ce dernier \u00e9tait \u00ab un patriote \u00bb et que les Britanniques devaient \u00ab absolument \u00bb arborer les drapeaux britanniques et anglais. Il a pr\u00e9cis\u00e9 plus tard qu\u2019il n\u2019\u00e9tait pas au courant des \u00e9v\u00e9nements \u00e0 Birmingham ou \u00e0 Tower Hamlets lorsqu\u2019il a tenu ses propos, selon <a href=\"https:\/\/www.theguardian.com\/uk-news\/2025\/aug\/20\/row-grows-over-motives-behind-england-flag-campaign-far-right-racist\" target=\"_self\" rel=\"nofollow noopener\">The Guardian<\/a>.<\/p>\n<p class=\"paragraph text_align_left lp-f-body-02\">De son c\u00f4t\u00e9, le d\u00e9put\u00e9 du Parti Conservateur et ex-ministre d\u2019\u00c9tat \u00e0 l\u2019Immigration, Rober Jenrick a apport\u00e9 son soutien \u00e0 \u00ab Hissez les couleurs \u00bb, dans un tweet sur <a href=\"https:\/\/x.com\/RobertJenrick\/status\/1958410339860529454?ref_src=twsrc%5Etfw%7Ctwcamp%5Etweetembed%7Ctwterm%5E1958410339860529454%7Ctwgr%5E7a5f4a6429613afe6c28f9337bf0276ed75dbb82%7Ctwcon%5Es1_&amp;ref_url=https%3A%2F%2Fleparisien.arcpublishing.com%2Fcomposer%2Fstory%2Fv2%2Fnew%3Ftemplate%3D15bfbe78-ea1e-4f9a-92be-3dd0476729a7\" target=\"_self\" rel=\"nofollow\">X<\/a>. \u00ab Alors que les conseils municipaux qui d\u00e9testent la Grande-Bretagne retirent nos drapeaux, nous les hissons. Nous devons \u00eatre un seul pays, sous le drapeau de l\u2019Union \u00bb a-t-il \u00e9crit.<\/p>\n<blockquote class=\"twitter-tweet\">\n<p lang=\"en\" dir=\"ltr\">Raise The Colours! \ud83c\uddec\ud83c\udde7<\/p>\n<p>While Britain-hating councils take down our own flags, we raise them up.<\/p>\n<p>We must be one country, under the Union Flag. <a href=\"https:\/\/t.co\/fTXmEa3V3F\" rel=\"nofollow\">pic.twitter.com\/fTXmEa3V3F<\/a><\/p>\n<p>\u2014 Robert Jenrick (@RobertJenrick) <a href=\"https:\/\/twitter.com\/RobertJenrick\/status\/1958410339860529454?ref_src=twsrc%5Etfw\" rel=\"nofollow noopener\" target=\"_blank\">August 21, 2025<\/a><\/p><\/blockquote>\n<p class=\"paragraph text_align_left lp-f-body-02\">Une figure du complotisme d\u2019extr\u00eame droite, Tommy Robinson, a aussi relay\u00e9 massivement des photos des drapeaux sur ses r\u00e9seaux sociaux, o\u00f9 il a plus d\u20191,4 million d\u2019abonn\u00e9es sur X, rapporte <a href=\"https:\/\/www.ouest-france.fr\/europe\/royaume-uni\/en-angleterre-les-drapeaux-fleurissent-les-mobilisations-xenophobes-aussi-1f3d93c4-7f5c-11f0-a77f-922a296422d8\" target=\"_self\" rel=\"nofollow noopener\">Ouest-France<\/a>.<\/p>\n<p>Un contexte de tensions<\/p>\n<p class=\"paragraph text_align_left lp-f-body-02\">L\u2019\u00e9mergence de cette campagne co\u00efncide avec une mont\u00e9e des tensions politiques au Royaume-Uni. Plusieurs manifestations, o\u00f9 ces drapeaux \u00e9taient visibles, ont eu lieu, depuis le d\u00e9but de l\u2019\u00e9t\u00e9 2025, devant des h\u00f4tels h\u00e9bergent des demandeurs d\u2019asile, pr\u00e9cise la <a href=\"https:\/\/www.bbc.com\/news\/articles\/cx271162ee3o\" target=\"_self\" rel=\"nofollow noopener\">BBC<\/a>.<\/p>\n<p class=\"paragraph text_align_left lp-f-body-02\">Des accusations d\u2019agressions sexuelles de la part de r\u00e9sidents de ces \u00e9tablissements ont provoqu\u00e9 la col\u00e8re des habitants des localit\u00e9s. Lors de ces rassemblements les \u00ab propos x\u00e9nophobes s\u2019y sont banalis\u00e9s \u00bb affirme <a href=\"https:\/\/www.lemonde.fr\/international\/article\/2025\/08\/25\/au-royaume-uni-l-extreme-droite-mobilise-grace-a-la-crise-de-l-asile-je-ne-veux-plus-payer-pour-eux_6634652_3210.html\" target=\"_self\" rel=\"nofollow noopener\">Le Monde<\/a>.<\/p>\n<p><script async src=\"https:\/\/platform.twitter.com\/widgets.js\" charset=\"utf-8\"><\/script><\/p>\n","protected":false},"excerpt":{"rendered":"Un tweet myst\u00e9rieux au premier abord. Elon Musk a publi\u00e9 sur X, ce mardi, la croix de saint&hellip;\n","protected":false},"author":2,"featured_media":346757,"comment_status":"","ping_status":"","sticky":false,"template":"","format":"standard","meta":{"footnotes":""},"categories":[1588],"tags":[11,1777,674,14,12,473,1853,1851,1850,1852],"class_list":{"0":"post-346756","1":"post","2":"type-post","3":"status-publish","4":"format-standard","5":"has-post-thumbnail","7":"category-royaume-uni","8":"tag-actualites","9":"tag-eu","10":"tag-europe","11":"tag-international","12":"tag-news","13":"tag-royaume-uni","14":"tag-royaume-uni-de-grande-bretagne-et-dirlande-du-nord","15":"tag-uk","16":"tag-united-kingdom","17":"tag-united-kingdom-of-great-britain-and-northern-ireland"},"share_on_mastodon":{"url":"https:\/\/pubeurope.com\/@fr\/115098880866021261","error":""},"_links":{"self":[{"href":"https:\/\/www.europesays.com\/fr\/wp-json\/wp\/v2\/posts\/346756","targetHints":{"allow":["GET"]}}],"collection":[{"href":"https:\/\/www.europesays.com\/fr\/wp-json\/wp\/v2\/posts"}],"about":[{"href":"https:\/\/www.europesays.com\/fr\/wp-json\/wp\/v2\/types\/post"}],"author":[{"embeddable":true,"href":"https:\/\/www.europesays.com\/fr\/wp-json\/wp\/v2\/users\/2"}],"replies":[{"embeddable":true,"href":"https:\/\/www.europesays.com\/fr\/wp-json\/wp\/v2\/comments?post=346756"}],"version-history":[{"count":0,"href":"https:\/\/www.europesays.com\/fr\/wp-json\/wp\/v2\/posts\/346756\/revisions"}],"wp:featuredmedia":[{"embeddable":true,"href":"https:\/\/www.europesays.com\/fr\/wp-json\/wp\/v2\/media\/346757"}],"wp:attachment":[{"href":"https:\/\/www.europesays.com\/fr\/wp-json\/wp\/v2\/media?parent=346756"}],"wp:term":[{"taxonomy":"category","embeddable":true,"href":"https:\/\/www.europesays.com\/fr\/wp-json\/wp\/v2\/categories?post=346756"},{"taxonomy":"post_tag","embeddable":true,"href":"https:\/\/www.europesays.com\/fr\/wp-json\/wp\/v2\/tags?post=346756"}],"curies":[{"name":"wp","href":"https:\/\/api.w.org\/{rel}","templated":true}]}}