{"id":346758,"date":"2025-08-27T04:38:13","date_gmt":"2025-08-27T04:38:13","guid":{"rendered":"https:\/\/www.europesays.com\/fr\/346758\/"},"modified":"2025-08-27T04:38:13","modified_gmt":"2025-08-27T04:38:13","slug":"attention-si-vous-ne-prenez-plus-les-transports-en-commun-allemands-il-faut-vous-desabonner-du-deutschlandticket-sinon-vous-continuerez-a-le-payer","status":"publish","type":"post","link":"https:\/\/www.europesays.com\/fr\/346758\/","title":{"rendered":"Attention, si vous ne prenez plus les transports en commun allemands, il faut vous d\u00e9sabonner du Deutschlandticket, sinon vous continuerez \u00e0 le payer"},"content":{"rendered":"<p class=\"article__intro\">Si vous n&rsquo;utilisez plus votre Deutschlandticket, qui permet de voyager en illimit\u00e9 pour 58 euros par mois dans les transports r\u00e9gionaux et locaux allemands, il faut vous d\u00e9sabonner, sinon il continue de vous \u00eatre d\u00e9bit\u00e9 chaque mois, pr\u00e9vient le Centre Europ\u00e9en de la Consommation.<\/p>\n<p>\n      L\u2019actu des r\u00e9gions\n    <\/p>\n<p>\n      Chaque jour, un tour d\u2019horizon des principales infos de toutes les r\u00e9gions.\n    <\/p>\n<p>    France T\u00e9l\u00e9visions utilise votre adresse e-mail afin de vous envoyer la newsletter \u00ab\u00a0L\u2019actu des r\u00e9gions\u00a0\u00bb. Vous pouvez vous d\u00e9sinscrire \u00e0 tout moment via le lien en bas de cette newsletter. <a target=\"_blank\" href=\"https:\/\/www.francetelevisions.fr\/groupe\/confidentialite\/politique-de-confidentialite\/politique-de-confidentialite-de-france-televisions-6503\" rel=\"nofollow noopener\">Notre politique de confidentialit\u00e9<\/a><\/p>\n<p>Depuis trois ans en Allemagne, il est possible de voyager en illimit\u00e9 dans les trains r\u00e9gionaux et les transports locaux avec un <a href=\"https:\/\/france3-regions.franceinfo.fr\/grand-est\/alsace\/l-abonnement-a-49-euros-qui-permet-de-voyager-en-illimite-dans-tous-les-transports-en-commun-d-allemagne-est-deja-un-succes-2774474.html\" target=\"_blank\" rel=\"noopener nofollow\">abonnement<\/a> de 58 euros. Mais ce qu&rsquo;il faut savoir, c&rsquo;est que l&rsquo;abonnement court sur une dur\u00e9e ind\u00e9termin\u00e9e, tant qu&rsquo;il n&rsquo;est pas r\u00e9sili\u00e9.<\/p>\n<p>Suite \u00e0 une trentaine de demandes de Fran\u00e7ais en difficult\u00e9 pour r\u00e9silier leur abonnement, <a href=\"https:\/\/www.cec-zev.eu\/\" target=\"_blank\" rel=\"noopener nofollow\">le Centre Europ\u00e9en de la Consommation<\/a> indique donc la voie \u00e0 suivre pour ne plus payer inutilement cet abonnement.\u00a0<\/p>\n<p>\u00ab\u00a0Les conditions g\u00e9n\u00e9rales de vente de la Deutsche Bahn (DB) sont tr\u00e8s claires. Les 58 \u20ac sont pr\u00e9lev\u00e9s automatiquement depuis votre compte bancaire puisque, lors de la souscription, vous aviez n\u00e9cessairement d\u00fb transmettre votre IBAN (num\u00e9ro international de compte bancaire).\u00a0\u00bb<\/p>\n<p>\u00ab\u00a0Pour r\u00e9silier votre abonnement D-Ticket, rendez-vous sur votre compte client sur le site de la Deutsche Bahn\u00a0ou sur l\u2019application mobile DB Navigator. Un\u00a0<a href=\"http:\/\/webdefence.global.blackspider.com\/urlwrap\/?q=AXicDVFJrptAFOQCWWSZQxjTBjNEihJmbDCYwWDYRLjNZKDxbybDSXOcIL1F6VWVqqT6_o2gaIL4YRIEbhYAUrLHE9mmVQM7NOCuIWHXEkfOZUMPZ0DgeY4mYDqUGa5QRrYj6mH5J8cpgtkwkTkmymF49z_3-xEADjAsw5BwIPsMPQtcPUmUDfum38OmgvXv8Y1-jRQFSL5ozym3O2jHSUP2zUODuztIh0vEpc2KbKOINH1CBpp8FE6eYPFaGPLWLRb6mCvK-aWv5zmuKeEjPzk8UBbr3apekClD3NHKdkt0Xv-Cx2t6xib3AKZReo4WmmItMWoMH-11S6P9SHOruJ_uAzLOFlvVQuTM68JKFLzLSSgE1CLihekToTrC8qUmL9xMJ2trfRoLSjZ4aYOP60lcayWp8ijmgu0RwhiZql4LVHHRZ8PPuriSgRRNW6TDmbUY4rsrfzkKL0b4hlNw0YQLrWPVeHLQynVQb8LeigLkzGynl7PS-rwdvpT5vRFCqQnvpqyze-f617aMOmgrN9E6BQYbnfOE0at7oocMyD9M5o_tPFPq4fhxEk7GgMdMq0VXfDie-60puL99czhoXx3DL1kJgmPzWG2Ps-jIVTf-6ser4DcjLZ1Y2zmz5tWP1MWhYX4JWpqFVfFS7MBjT5v2o2wOKVRpr_T7wuzE0HapbQiCIP5RBPEfh6bHxQ&amp;Z\" target=\"_blank\" data-auth=\"NotApplicable\" data-linkindex=\"4\" rel=\"noopener nofollow\">formulaire en ligne de<\/a><a href=\"http:\/\/webdefence.global.blackspider.com\/urlwrap\/?q=AXicDVFJrptAFOQCWWSZQxjTBjNEihJmbDCYwWDYRLjNZKDxbybDSXOcIL1F6VWVqqT6_o2gaIL4YRIEbhYAUrLHE9mmVQM7NOCuIWHXEkfOZUMPZ0DgeY4mYDqUGa5QRrYj6mH5J8cpgtkwkTkmymF49z_3-xEADjAsw5BwIPsMPQtcPUmUDfum38OmgvXv8Y1-jRQFSL5ozym3O2jHSUP2zUODuztIh0vEpc2KbKOINH1CBpp8FE6eYPFaGPLWLRb6mCvK-aWv5zmuKeEjPzk8UBbr3apekClD3NHKdkt0Xv-Cx2t6xib3AKZReo4WmmItMWoMH-11S6P9SHOruJ_uAzLOFlvVQuTM68JKFLzLSSgE1CLihekToTrC8qUmL9xMJ2trfRoLSjZ4aYOP60lcayWp8ijmgu0RwhiZql4LVHHRZ8PPuriSgRRNW6TDmbUY4rsrfzkKL0b4hlNw0YQLrWPVeHLQynVQb8LeigLkzGynl7PS-rwdvpT5vRFCqQnvpqyze-f617aMOmgrN9E6BQYbnfOE0at7oocMyD9M5o_tPFPq4fhxEk7GgMdMq0VXfDie-60puL99czhoXx3DL1kJgmPzWG2Ps-jIVTf-6ser4DcjLZ1Y2zmz5tWP1MWhYX4JWpqFVfFS7MBjT5v2o2wOKVRpr_T7wuzE0HapbQiCIP5RBPEfh6bHxQ&amp;Z\" target=\"_blank\" data-auth=\"NotApplicable\" data-linkindex=\"4\" rel=\"noopener nofollow\"> la <\/a><a href=\"http:\/\/webdefence.global.blackspider.com\/urlwrap\/?q=AXicDVFJrptAFOQCWWSZQxjTBjNEihJmbDCYwWDYRLjNZKDxbybDSXOcIL1F6VWVqqT6_o2gaIL4YRIEbhYAUrLHE9mmVQM7NOCuIWHXEkfOZUMPZ0DgeY4mYDqUGa5QRrYj6mH5J8cpgtkwkTkmymF49z_3-xEADjAsw5BwIPsMPQtcPUmUDfum38OmgvXv8Y1-jRQFSL5ozym3O2jHSUP2zUODuztIh0vEpc2KbKOINH1CBpp8FE6eYPFaGPLWLRb6mCvK-aWv5zmuKeEjPzk8UBbr3apekClD3NHKdkt0Xv-Cx2t6xib3AKZReo4WmmItMWoMH-11S6P9SHOruJ_uAzLOFlvVQuTM68JKFLzLSSgE1CLihekToTrC8qUmL9xMJ2trfRoLSjZ4aYOP60lcayWp8ijmgu0RwhiZql4LVHHRZ8PPuriSgRRNW6TDmbUY4rsrfzkKL0b4hlNw0YQLrWPVeHLQynVQb8LeigLkzGynl7PS-rwdvpT5vRFCqQnvpqyze-f617aMOmgrN9E6BQYbnfOE0at7oocMyD9M5o_tPFPq4fhxEk7GgMdMq0VXfDie-60puL99czhoXx3DL1kJgmPzWG2Ps-jIVTf-6ser4DcjLZ1Y2zmz5tWP1MWhYX4JWpqFVfFS7MBjT5v2o2wOKVRpr_T7wuzE0HapbQiCIP5RBPEfh6bHxQ&amp;Z\" target=\"_blank\" data-auth=\"NotApplicable\" data-linkindex=\"4\" rel=\"noopener nofollow\">DB<\/a>\u00a0permet \u00e9galement de mettre fin \u00e0 l\u2019abonnement. Attention \u00e0 indiquer votre\u00a0num\u00e9ro de client\u00a0et non le num\u00e9ro de votre commande.\u00a0\u00bb<\/p>\n<p>Cet abonnement a \u00e9t\u00e9 mis en place le 1\u1d49\u02b3 mai 2023. La mesure, qui visait \u00e0 encourager les citoyens et les touristes \u00e0 utiliser au maximum les transports en commun, a connu un fort succ\u00e8s d\u00e8s le d\u00e9but. Elle a m\u00eame \u00e9t\u00e9 consid\u00e9r\u00e9e comme \u00ab\u00a0la\u00a0plus importante r\u00e9forme des transports de l&rsquo;histoire\u00a0\u00bb par le ministre allemand des Transports de l&rsquo;\u00e9poque.\u00a0<\/p>\n<p>En effet, d\u00e8s la premi\u00e8re ann\u00e9e, \u00ab\u00a0Un abonn\u00e9 sur cinq \u00e9tait un premier usager des transports en commun,\u00a0\u00bb indique Arthur Lindon, conseiller et sp\u00e9cialiste en mati\u00e8re de consommation transfrontali\u00e8re du Centre europ\u00e9en de la consommation. \u00ab\u00a0Au bout de deux ans, on comptait d\u00e9j\u00e0 11 millions d&rsquo;abonn\u00e9s \u00e0 cette offre, et pr\u00e8s de 14 millions en cette fin ao\u00fbt 2025.\u00a0\u00bb<\/p>\n<p>Un \u00e9norme succ\u00e8s donc, puisque \u00ab\u00a0Plus d&rsquo;un quart des trajets ne se seraient pas faits ou auraient \u00e9t\u00e9 effectu\u00e9s en voitures\u00a0\u00bb indique encore le charg\u00e9 de communication du centre europ\u00e9en qui conseille et aide les consommateurs fran\u00e7ais et allemands.<\/p>\n<p>En tout, depuis le 1er 2023, 23 millions de personnes ont opt\u00e9, \u00e0 un moment donn\u00e9, pour cet abonnement.<\/p>\n","protected":false},"excerpt":{"rendered":"Si vous n&rsquo;utilisez plus votre Deutschlandticket, qui permet de voyager en illimit\u00e9 pour 58 euros par mois dans&hellip;\n","protected":false},"author":2,"featured_media":346759,"comment_status":"","ping_status":"","sticky":false,"template":"","format":"standard","meta":{"footnotes":""},"categories":[1587],"tags":[11,672,1804,1805,1803,1777,674,1801,12,1802],"class_list":{"0":"post-346758","1":"post","2":"type-post","3":"status-publish","4":"format-standard","5":"has-post-thumbnail","7":"category-allemagne","8":"tag-actualites","9":"tag-allemagne","10":"tag-bundesrepublik-deutschland","11":"tag-de","12":"tag-deutschland","13":"tag-eu","14":"tag-europe","15":"tag-germany","16":"tag-news","17":"tag-republique-federale-dallemagne"},"share_on_mastodon":{"url":"https:\/\/pubeurope.com\/@fr\/115098884760890379","error":""},"_links":{"self":[{"href":"https:\/\/www.europesays.com\/fr\/wp-json\/wp\/v2\/posts\/346758","targetHints":{"allow":["GET"]}}],"collection":[{"href":"https:\/\/www.europesays.com\/fr\/wp-json\/wp\/v2\/posts"}],"about":[{"href":"https:\/\/www.europesays.com\/fr\/wp-json\/wp\/v2\/types\/post"}],"author":[{"embeddable":true,"href":"https:\/\/www.europesays.com\/fr\/wp-json\/wp\/v2\/users\/2"}],"replies":[{"embeddable":true,"href":"https:\/\/www.europesays.com\/fr\/wp-json\/wp\/v2\/comments?post=346758"}],"version-history":[{"count":0,"href":"https:\/\/www.europesays.com\/fr\/wp-json\/wp\/v2\/posts\/346758\/revisions"}],"wp:featuredmedia":[{"embeddable":true,"href":"https:\/\/www.europesays.com\/fr\/wp-json\/wp\/v2\/media\/346759"}],"wp:attachment":[{"href":"https:\/\/www.europesays.com\/fr\/wp-json\/wp\/v2\/media?parent=346758"}],"wp:term":[{"taxonomy":"category","embeddable":true,"href":"https:\/\/www.europesays.com\/fr\/wp-json\/wp\/v2\/categories?post=346758"},{"taxonomy":"post_tag","embeddable":true,"href":"https:\/\/www.europesays.com\/fr\/wp-json\/wp\/v2\/tags?post=346758"}],"curies":[{"name":"wp","href":"https:\/\/api.w.org\/{rel}","templated":true}]}}