{"id":346762,"date":"2025-08-27T04:40:22","date_gmt":"2025-08-27T04:40:22","guid":{"rendered":"https:\/\/www.europesays.com\/fr\/346762\/"},"modified":"2025-08-27T04:40:22","modified_gmt":"2025-08-27T04:40:22","slug":"jai-eu-la-chance-de-rencontrer-mme-nguyen-thi-binh","status":"publish","type":"post","link":"https:\/\/www.europesays.com\/fr\/346762\/","title":{"rendered":"J&rsquo;ai eu la chance de rencontrer Mme Nguyen Thi Binh."},"content":{"rendered":"<p class=\"PlaygroundEditorTheme__paragraph\" dir=\"ltr\" style=\"text-align: start;\">Beaucoup de gens, comme moi, ont s\u00fbrement re\u00e7u la nouvelle que l\u2019ancienne vice- <a class=\"data-link\" data-org-href=\"https:\/\/www.vietnam.vn\/tag\/chu-tich-nuoc\" href=\"https:\/\/www.vietnam.vn\/tag\/chu-tich-nuoc\" title=\"Pr\u00e9sident\" target=\"_blank\" rel=\"nofollow noopener\">pr\u00e9sidente<\/a> Nguyen Thi Binh avait re\u00e7u le titre de H\u00e9ros du Travail avec une humeur fi\u00e8re mais tr\u00e8s douce et calme, comme si c\u2019\u00e9tait une chose \u00e9vidente \u00e0 faire ! <\/p>\n<p class=\"PlaygroundEditorTheme__paragraph\"><img decoding=\"async\" src=\"https:\/\/www.europesays.com\/fr\/wp-content\/uploads\/2025\/08\/w-z6942218089626-894f66b4965481f8e15d4dc05eb23b75-4354.jpg\" alt=\"\" width=\"inherit\" height=\"inherit\"\/><\/p>\n<p class=\"PlaygroundEditorTheme__paragraph\" dir=\"ltr\" style=\"text-align: center;\"> Le secr\u00e9taire g\u00e9n\u00e9ral To Lam a respectueusement remis le titre de H\u00e9ros du Travail \u00e0 l&rsquo;ancienne vice-pr\u00e9sidente Nguyen Thi Binh lors de la c\u00e9r\u00e9monie c\u00e9l\u00e9brant le 80e anniversaire de la cr\u00e9ation du secteur <a class=\"data-link\" data-org-href=\"https:\/\/www.vietnam.vn\/category\/ngoai-giao\" href=\"https:\/\/www.vietnam.vn\/category\/ngoai-giao\" title=\"Diplomatique\" target=\"_blank\" rel=\"nofollow noopener\">diplomatique<\/a> le 25 ao\u00fbt. Photo : Pham Hai<\/p>\n<p class=\"PlaygroundEditorTheme__paragraph\" dir=\"ltr\" style=\"text-align: start;\"> Dire \u00ab \u00e9vident \u00bb parce que peut-\u00eatre, dans l\u2019esprit de millions de Vietnamiens qui ont v\u00e9cu des pertes douloureuses, ont d\u00fb vivre dans la pauvret\u00e9 \u00e0 cause d\u2019un pays gravement d\u00e9vast\u00e9 par la guerre, encercl\u00e9 et sous embargo\u2026 alors pour une personne avec de nombreuses r\u00e9alisations comme Mme Nguyen Thi Binh, se voir d\u00e9cerner de tels titres nobles est une certitude !<\/p>\n<p class=\"PlaygroundEditorTheme__paragraph\" dir=\"ltr\" style=\"text-align: start;\"> Les enfants n\u00e9s dans le Sud avant 1975, m\u00eame s&rsquo;ils \u00e9taient encore jeunes \u00e0 l&rsquo;\u00e9poque, ont tous ressenti la douleur de perdre leur foyer et leurs proches \u00e0 cause de la guerre. Pour nous, <a class=\"data-link\" data-org-href=\"https:\/\/www.vietnam.vn\/destination\/hoa-binh\" href=\"https:\/\/www.vietnam.vn\/destination\/hoa-binh\" title=\"paix\" target=\"_blank\" rel=\"nofollow noopener\">la paix<\/a> se r\u00e9sumait donc \u00e0 un simple sommeil sans \u00eatre effray\u00e9s par le bruit des bombes et des balles. La paix, c&rsquo;\u00e9tait que les hommes de la famille et du clan ne soient pas contraints de s&rsquo;engager dans l&rsquo;arm\u00e9e, pour n&rsquo;apprendre que de temps \u00e0 autre la triste nouvelle de la mort de quelqu&rsquo;un au combat.<\/p>\n<p class=\"PlaygroundEditorTheme__paragraph\" dir=\"ltr\" style=\"text-align: start;\"> C&rsquo;est pourquoi nous admirons Mme Nguyen Thi Binh &#8211; Madame Binh &#8211; la petite-fille du patriote respect\u00e9 Phan Chu Trinh, une intellectuelle qui s&rsquo;est \u00e9clair\u00e9e tr\u00e8s t\u00f4t et a suivi le chemin de la lutte pour l&rsquo;ind\u00e9pendance de la patrie, la libert\u00e9 du peuple, et qui a contribu\u00e9 au r\u00e9tablissement de la paix au Vietnam.<\/p>\n<p class=\"PlaygroundEditorTheme__paragraph\" dir=\"ltr\" style=\"text-align: start;\"> Quand j&rsquo;\u00e9tais encore \u00e0 l&rsquo;\u00e9cole, je l&rsquo;admirais \u00e0 travers les livres et les histoires fascinantes que mes professeurs me racontaient sur la Conf\u00e9rence de Paris. C&rsquo;est pourquoi rencontrer Madame Binh le jour o\u00f9 elle a re\u00e7u la M\u00e9daille de la Libert\u00e9 de premi\u00e8re classe de l&rsquo;\u00c9tat laotien \u00e9tait pour moi une fatalit\u00e9.<\/p>\n<p class=\"PlaygroundEditorTheme__paragraph\" dir=\"ltr\" style=\"text-align: start;\"> \u00c0 98 ans, avec des difficult\u00e9s \u00e0 se d\u00e9placer, elle nous parlait avec une voix chaude et claire, avec des yeux vifs et intelligents.<\/p>\n<p class=\"PlaygroundEditorTheme__paragraph\" dir=\"ltr\" style=\"text-align: start;\"> Ce regard et ce comportement sont devenus l\u00e9gendaires lorsqu&rsquo;elle \u00e9tait chef de la d\u00e9l\u00e9gation de n\u00e9gociation du gouvernement r\u00e9volutionnaire provisoire de la R\u00e9publique du Sud-Vietnam \u00e0 la Conf\u00e9rence de Paris pendant 5 ans &#8211; de mai 1968 \u00e0 janvier 1973.<\/p>\n<p class=\"PlaygroundEditorTheme__paragraph\" dir=\"ltr\" style=\"text-align: start;\"> Lors de cette conf\u00e9rence qui a compt\u00e9 plus de 200 s\u00e9ances publiques, 45 r\u00e9unions priv\u00e9es de haut niveau, 500 conf\u00e9rences de presse et 1\u00a0000 interviews, elle a laiss\u00e9 une citation c\u00e9l\u00e8bre en r\u00e9pondant aux journalistes internationaux \u00e0 Paris\u00a0: \u00ab\u00a0Les Am\u00e9ricains peuvent aller sur la Lune et revenir sains et saufs. Quant au Vietnam, nous n&rsquo;en sommes pas s\u00fbrs\u00a0!\u00a0\u00bb \u2013 une citation qui a oblig\u00e9 les initi\u00e9s \u00e0 se remettre en question. <\/p>\n<p class=\"PlaygroundEditorTheme__paragraph\" style=\"text-align: start;\"><img decoding=\"async\" src=\"https:\/\/www.europesays.com\/fr\/wp-content\/uploads\/2025\/08\/nguyen-thi-binh-2-4355.jpg\" alt=\"\" width=\"inherit\" height=\"inherit\"\/><\/p>\n<p class=\"PlaygroundEditorTheme__paragraph\" dir=\"ltr\" style=\"text-align: center;\"> Autoris\u00e9 par le Secr\u00e9taire g\u00e9n\u00e9ral et Pr\u00e9sident du Laos, l&rsquo;Ambassadeur Khamphao Ernthavanh a remis la M\u00e9daille de la Libert\u00e9 de premi\u00e8re classe \u00e0 l&rsquo;ancienne Vice-Pr\u00e9sidente Nguyen Thi Binh le 21 mai. Photo : Pham Hai<\/p>\n<p class=\"PlaygroundEditorTheme__paragraph\" dir=\"ltr\" style=\"text-align: start;\"> Avec sa fermet\u00e9 dans l&rsquo;ind\u00e9pendance et la libert\u00e9 de la nation, avec l&rsquo;intelligence, le courage et l&rsquo;habilet\u00e9 d&rsquo;un diplomate et la douceur, la gentillesse et l&rsquo;\u00e9l\u00e9gance d&rsquo;une femme vietnamienne traditionnelle, elle a excellemment accompli la mission qui lui a \u00e9t\u00e9 confi\u00e9e par le Parti, l&rsquo;Oncle Ho et le peuple.<\/p>\n<p class=\"PlaygroundEditorTheme__paragraph\" dir=\"ltr\" style=\"text-align: start;\"> Elle est devenue un symbole de foi et d&rsquo;amour pour la paix, contribuant \u00e0 clore l&rsquo;histoire douloureuse de la nation lorsqu&rsquo;elle a lutt\u00e9 avec pers\u00e9v\u00e9rance et repr\u00e9sent\u00e9 l&rsquo;un des quatre partis qui ont sign\u00e9 l&rsquo;Accord de Paris sur la fin de la guerre et le r\u00e9tablissement de la paix au Vietnam &#8211; une victoire d\u00e9cisive menant \u00e0 la r\u00e9unification du pays au printemps 1975.<\/p>\n<p class=\"PlaygroundEditorTheme__paragraph\" dir=\"ltr\" style=\"text-align: start;\"> Dans la vie, certaines opportunit\u00e9s ne se pr\u00e9sentent pas deux fois. J&rsquo;ai eu la chance de rencontrer Mme Nguyen Thi Binh en personne. C&rsquo;est une femme bienveillante, sensible et intelligente, qui sait vivre et se consacrer pleinement \u00e0 ses objectifs et id\u00e9aux, et non une f\u00e9e myst\u00e9rieuse dans un conte de f\u00e9es. <\/p>\n<p class=\"PlaygroundEditorTheme__paragraph\" style=\"text-align: start;\"><img decoding=\"async\" src=\"https:\/\/www.europesays.com\/fr\/wp-content\/uploads\/2025\/08\/nguyen-thi-binh-3-4356.jpg\" alt=\"\" width=\"inherit\" height=\"inherit\"\/><\/p>\n<p class=\"PlaygroundEditorTheme__paragraph\" dir=\"ltr\" style=\"text-align: center;\"> L&rsquo;ancienne vice-pr\u00e9sidente Nguyen Thi Binh et ses m\u00e9moires \u00ab Famille, amis et pays \u00bb<\/p>\n<p class=\"PlaygroundEditorTheme__paragraph\" dir=\"ltr\" style=\"text-align: start;\"> \u00c0 presque cent ans, elle m\u00e8ne une vie paisible et prend plaisir \u00e0 la vie sociale. Comme dans sa jeunesse, quel que soit son poste ou les t\u00e2ches que lui confie le Parti, elle n&rsquo;a qu&rsquo;une seule chose \u00e0 faire\u00a0: \u00ab\u00a0pour le pays\u00a0\u00bb.<\/p>\n<p class=\"PlaygroundEditorTheme__paragraph\" dir=\"ltr\" style=\"text-align: start;\"> Cette femme gracieuse et r\u00e9siliente a apport\u00e9 la dignit\u00e9 de la nation au monde, aidant le monde progressiste \u00e0 mieux comprendre le pays et le peuple du Vietnam &#8211; une nation avec sa propre identit\u00e9, aimant toujours la paix et ne connaissant ni la peur ni la soumission \u00e0 la tyrannie.<\/p>\n<p class=\"PlaygroundEditorTheme__paragraph\" dir=\"ltr\" style=\"text-align: start;\"> Vietnamnet.vn<\/p>\n<p class=\"PlaygroundEditorTheme__paragraph\" dir=\"ltr\" style=\"text-align: start;\"> Source : https:\/\/vietnamnet.vn\/toi-that-may-man-khi-duoc-gap-ba-nguyen-thi-binh-2436420.html<\/p>\n","protected":false},"excerpt":{"rendered":"Beaucoup de gens, comme moi, ont s\u00fbrement re\u00e7u la nouvelle que l\u2019ancienne vice- pr\u00e9sidente Nguyen Thi Binh avait&hellip;\n","protected":false},"author":2,"featured_media":346763,"comment_status":"","ping_status":"","sticky":false,"template":"","format":"standard","meta":{"footnotes":""},"categories":[1586],"tags":[11,1777,674,1779,1011,27,12,25,1778,364],"class_list":{"0":"post-346762","1":"post","2":"type-post","3":"status-publish","4":"format-standard","5":"has-post-thumbnail","7":"category-europe","8":"tag-actualites","9":"tag-eu","10":"tag-europe","11":"tag-european-union","12":"tag-fr","13":"tag-france","14":"tag-news","15":"tag-republique-francaise","16":"tag-ue","17":"tag-union-europeenne"},"share_on_mastodon":{"url":"https:\/\/pubeurope.com\/@fr\/115098892743804450","error":""},"_links":{"self":[{"href":"https:\/\/www.europesays.com\/fr\/wp-json\/wp\/v2\/posts\/346762","targetHints":{"allow":["GET"]}}],"collection":[{"href":"https:\/\/www.europesays.com\/fr\/wp-json\/wp\/v2\/posts"}],"about":[{"href":"https:\/\/www.europesays.com\/fr\/wp-json\/wp\/v2\/types\/post"}],"author":[{"embeddable":true,"href":"https:\/\/www.europesays.com\/fr\/wp-json\/wp\/v2\/users\/2"}],"replies":[{"embeddable":true,"href":"https:\/\/www.europesays.com\/fr\/wp-json\/wp\/v2\/comments?post=346762"}],"version-history":[{"count":0,"href":"https:\/\/www.europesays.com\/fr\/wp-json\/wp\/v2\/posts\/346762\/revisions"}],"wp:featuredmedia":[{"embeddable":true,"href":"https:\/\/www.europesays.com\/fr\/wp-json\/wp\/v2\/media\/346763"}],"wp:attachment":[{"href":"https:\/\/www.europesays.com\/fr\/wp-json\/wp\/v2\/media?parent=346762"}],"wp:term":[{"taxonomy":"category","embeddable":true,"href":"https:\/\/www.europesays.com\/fr\/wp-json\/wp\/v2\/categories?post=346762"},{"taxonomy":"post_tag","embeddable":true,"href":"https:\/\/www.europesays.com\/fr\/wp-json\/wp\/v2\/tags?post=346762"}],"curies":[{"name":"wp","href":"https:\/\/api.w.org\/{rel}","templated":true}]}}