{"id":346764,"date":"2025-08-27T04:41:14","date_gmt":"2025-08-27T04:41:14","guid":{"rendered":"https:\/\/www.europesays.com\/fr\/346764\/"},"modified":"2025-08-27T04:41:14","modified_gmt":"2025-08-27T04:41:14","slug":"vote-de-confiance-au-gouvernement-bayrou-lidee-de-deni-de-la-macronie-liberation","status":"publish","type":"post","link":"https:\/\/www.europesays.com\/fr\/346764\/","title":{"rendered":"Vote de confiance au gouvernement Bayrou : l\u2019id\u00e9e de d\u00e9ni de la macronie &#8211; Lib\u00e9ration"},"content":{"rendered":"<ol>\n<li><a href=\"https:\/\/news.google.com\/rss\/articles\/CBMi2gFBVV95cUxPOThvTjd5OG95VXhMU1J1bXdNdF9FUFRCb2x3cllubVRyUHZWZ0pRTnZudUY5VTZuNFE3M0h2RVlVbkZwbEpnNy05bjN6S05BbkpSMGVFRDJucFhyTERqMmUzZW1raHpKanNWOVpJRWN6dVRlWEhlV0NETjV4eUl4ZUh6bkxlY0RDTVRjTllXa0R6OUZZY0lIa2M3UHpPdDlpVW8tX1loZHdOWVJRVlpFWkxXVnUwc0hUX1pGVENPODkycHRXVzhGWS1VYjhvMVI5cmVra01DSFkyUQ?oc=5\" target=\"_blank\" rel=\"noopener\">Vote de confiance au gouvernement Bayrou : l\u2019id\u00e9e de d\u00e9ni de la macronie<\/a>&nbsp;&nbsp;Lib\u00e9ration<\/li>\n<li><a href=\"https:\/\/news.google.com\/rss\/articles\/CBMiiAJBVV95cUxNYndKTU5tbl9UNXdpV2Z0ZXloWFRwalZWSjZfUWdLclcyY3FIakdSVThfYzNVdU9rRDdTaV9JS1pocE12ZFhkUEVkaDNGVzYxTFVyREhYZm9LWFpULWhRR1BHbUFUWUJkWER5eEliUlI1NU5rbExFd2pLbkRZRGQ0TURBTzMyQmlWVUtZc1JwTkRESmJJd0lEQVZoNzluSDM2ZmZFMzQwX1Y3VVhDMFU5TWMwQjk2NHVxbjlwSlVkank0LUhWcGdFYXIyQ1NUT0swd0wtV0lCWmg3b0hTMTNYU2JHbE16TEtsWm8yZFFKay1FOG1IcjJycFNoc2xVR1lCMm42WmVPZm8?oc=5\" target=\"_blank\" rel=\"noopener\">\u00ab\u00a0Si Bayrou est renvers\u00e9, c&rsquo;est la logique du syst\u00e8me parlementaire\u00a0\u00bb: une nouvelle dissolution est-elle possible?<\/a>&nbsp;&nbsp;BFMTV<\/li>\n<li><a href=\"https:\/\/news.google.com\/rss\/articles\/CBMiyAJBVV95cUxNR3hPZ3FNZmN0ZkRBVkxMd2pfNG1KZzZHaFZGUGVPcDJZZUxtRkFsd2ZycGVJcTNUemhrWnFTeXFBMHpSSEVjLUtPWEhELUtySm1nQzhRM2p4bnpGZFVmMUVFTVd2enF1RHlJdnJBTm45WTdiYjh6RTM4X3UyOGdCM2F0THFhYklsalBLWUNMN3p4WGY0SDdmSlA2dE1NYnNSejE0QkhKNEIxM0VTWU5sQS1ldUlzclJMM3duemhyUmJJZzhsem9KZ2NKMTFvN253RUdGT2NVeUFuWHNjaGtBUWU4dE5lY0NoR2xJaHloRXREWGhON0hKQ01JeFE4MXhuT1Q2dzZqX2ExOFpUNThhQk00SGl1ZF9OZzE4YjNwb0h0QkNmckxBVlktSmhPNU4zcmZWc2hBbFM1QnUzejk5QkpjRUo5LVFf?oc=5\" target=\"_blank\" rel=\"noopener\">\u00ab\u00a0On commence \u00e0 \u00eatre habitu\u00e9s aux surprises\u00a0\u00bb : chez les d\u00e9put\u00e9s macronistes, le vote de confiance annonc\u00e9 par Fran\u00e7ois Bayrou re\u00e7oit un accueil mitig\u00e9<\/a>&nbsp;&nbsp;France Info<\/li>\n<li><a href=\"https:\/\/news.google.com\/rss\/articles\/CBMiuwFBVV95cUxQazFBYzBaSHJQMmNwYXRrdnJiNEVZeUFMOTRkam9rNzl4REMtZXBVY0hqemtka0lNZEI3N09aVHBITmN1bU9qdnZYRkRyUzF2OWpiRVF0SDAwUExUS0VlQjJwNFFabHN1bkluTUlRRFBtUW1UaTh0M2p3TlJHNHdkX2dzMWw2TTh3TlY5MHBWVmxVUjVzUFhGY1h2VnJIdGxjMjlrQjBMWkJJSXNsZnpQRjB2LXI2dzFiY0Nn?oc=5\" target=\"_blank\" rel=\"noopener\">Taxer les plus hauts revenus : les trois pistes du gouvernement<\/a>&nbsp;&nbsp;Le Point<\/li>\n<li><a href=\"https:\/\/news.google.com\/rss\/articles\/CBMi0gFBVV95cUxNZUJ0SzJrTURfSnlUSEpOOTRZU3ByTU1aY2VwMV9QUTd6S1VpZXUtMkU0Q2RGWkN3bGQ0OExIMWhQTlFjVGF1LUNGVjBfTDRWWERkTWRmUEI3cFUyaXZ1SHoxWi1VajdmbXJtbHpDZVoxVnNCcVVQMmpOSEdiSUFOcElOcjg5UUE3WERQbmNOT3J4SXc2eTlLM0NZc01MU0psQURxbnFYaGdlT0IwVVVkV3JXelNTYmZfOHRTbGhZZ0dLZzJFT2RLNjhiWFNxTVdaOUE?oc=5\" target=\"_blank\" rel=\"noopener\">Remaniement, dissolution\u2026 Les sc\u00e9narios possibles \u00e0 l\u2019issue du vote de confiance du 8 septembre<\/a>&nbsp;&nbsp;Le Figaro<\/li>\n<\/ol>\n","protected":false},"excerpt":{"rendered":"Vote de confiance au gouvernement Bayrou : l\u2019id\u00e9e de d\u00e9ni de la macronie&nbsp;&nbsp;Lib\u00e9ration \u00ab\u00a0Si Bayrou est renvers\u00e9, c&rsquo;est&hellip;\n","protected":false},"author":2,"featured_media":346765,"comment_status":"","ping_status":"","sticky":false,"template":"","format":"standard","meta":{"footnotes":""},"categories":[2],"tags":[11,416,25548,1073,1011,27,431,12,25],"class_list":{"0":"post-346764","1":"post","2":"type-post","3":"status-publish","4":"format-standard","5":"has-post-thumbnail","7":"category-actualites","8":"tag-actualites","9":"tag-assemblee-nationale","10":"tag-budget-public","11":"tag-emmanuel-macron","12":"tag-fr","13":"tag-france","14":"tag-francois-bayrou","15":"tag-news","16":"tag-republique-francaise"},"share_on_mastodon":{"url":"https:\/\/pubeurope.com\/@fr\/115098896618671272","error":""},"_links":{"self":[{"href":"https:\/\/www.europesays.com\/fr\/wp-json\/wp\/v2\/posts\/346764","targetHints":{"allow":["GET"]}}],"collection":[{"href":"https:\/\/www.europesays.com\/fr\/wp-json\/wp\/v2\/posts"}],"about":[{"href":"https:\/\/www.europesays.com\/fr\/wp-json\/wp\/v2\/types\/post"}],"author":[{"embeddable":true,"href":"https:\/\/www.europesays.com\/fr\/wp-json\/wp\/v2\/users\/2"}],"replies":[{"embeddable":true,"href":"https:\/\/www.europesays.com\/fr\/wp-json\/wp\/v2\/comments?post=346764"}],"version-history":[{"count":0,"href":"https:\/\/www.europesays.com\/fr\/wp-json\/wp\/v2\/posts\/346764\/revisions"}],"wp:featuredmedia":[{"embeddable":true,"href":"https:\/\/www.europesays.com\/fr\/wp-json\/wp\/v2\/media\/346765"}],"wp:attachment":[{"href":"https:\/\/www.europesays.com\/fr\/wp-json\/wp\/v2\/media?parent=346764"}],"wp:term":[{"taxonomy":"category","embeddable":true,"href":"https:\/\/www.europesays.com\/fr\/wp-json\/wp\/v2\/categories?post=346764"},{"taxonomy":"post_tag","embeddable":true,"href":"https:\/\/www.europesays.com\/fr\/wp-json\/wp\/v2\/tags?post=346764"}],"curies":[{"name":"wp","href":"https:\/\/api.w.org\/{rel}","templated":true}]}}