{"id":346770,"date":"2025-08-27T04:46:14","date_gmt":"2025-08-27T04:46:14","guid":{"rendered":"https:\/\/www.europesays.com\/fr\/346770\/"},"modified":"2025-08-27T04:46:14","modified_gmt":"2025-08-27T04:46:14","slug":"pour-alldritt-le-club-nest-plus-dans-la-categorie-de-lubb-ou-du-stade-toulousain","status":"publish","type":"post","link":"https:\/\/www.europesays.com\/fr\/346770\/","title":{"rendered":"pour Alldritt, le club n\u2019est plus dans la cat\u00e9gorie de l\u2019UBB ou du Stade Toulousain"},"content":{"rendered":"<p>Le Stade Rochelais ne s\u2019attendait pas \u00e0 une telle d\u00e9gringolade. Propuls\u00e9s grand rival du Stade Toulousain au d\u00e9but des ann\u00e9es 2020 avec deux titres europ\u00e9ens en Champions Cup et trois finales perdues face au club rouge et noir (deux en Top 14, une en Champions Cup), les Maritimes semblaient partis pour durer.<\/p>\n<p>Alldritt veut \u00ab\u00a0revenir dans les discussions\u00a0\u00bb avec Toulouse et l\u2019UBB<\/p>\n<p>Malgr\u00e9 une ossature particuli\u00e8rement impressionnante (Skelton, Atonio, Wardi, Alldritt, Boudehent\u2026), les Rochelais ont connu une ann\u00e9e noire en 2025. Us\u00e9s et en manque de fra\u00eecheur, les hommes de Ronan O\u2019Gara ont \u00e9chou\u00e9 \u00e0 se qualifier pour les phases finales, une premi\u00e8re depuis 2018. Bien d\u00e9cid\u00e9s \u00e0 revenir sur le devant de la sc\u00e8ne, les co\u00e9quipiers de Gr\u00e9gory Alldritt ont conscience d\u2019avoir pris du retard sur la concurrence comme l\u2019a \u00e9voqu\u00e9 le capitaine pour <a href=\"https:\/\/rmcsport.bfmtv.com\/rugby\/top-14\/top-14-l-objectif-c-est-qu-on-nous-respecte-de-nouveau-gregory-alldritt-veut-remettre-la-rochelle-dans-le-jeu_AV-202508200481.html\" rel=\"nofollow noopener\" target=\"_blank\">RMC Sport.<\/a><\/p>\n<blockquote>\n<p>\u00ab\u00a0Honn\u00eatement, sur les deux, trois derni\u00e8res ann\u00e9es, on ne peut pas se comparer \u00e0 Bordeaux et \u00e0 Toulouse. Nous, ce qu&rsquo;on veut, c&rsquo;est revenir au moins dans les discussions. L\u2019ann\u00e9e derni\u00e8re, personne ne parlait de nous. \u00c0 nous de travailler fort, d&rsquo;\u00eatre de nouveau un peu craint, au moins \u00e0 domicile. De ne pas entendre dans la presse que les \u00e9quipes veulent venir gagner \u00e0 Deflandre. C&rsquo;est quelque chose qui nous touche. Et ensuite, d&rsquo;essayer de faire des d\u00e9placements avec une attitude au moins irr\u00e9prochable.\u00a0\u00bb<\/p>\n<\/blockquote>\n<p>Partagez cette info avec vos amis et vos proches en cliquant ici<br \/>Pour r\u00e9sumer<\/p>\n<p>Gr\u00e9gory Alldritt s\u2019est exprim\u00e9 sur les derniers mois difficiles v\u00e9cus par le Stade Rochelais. S\u2019il veut retrouver les sommets, l\u2019international fran\u00e7ais a conscience que son club est encore loin de l\u2019UBB et du Stade Toulousain.<\/p>\n<p> <img decoding=\"async\" width=\"76\" height=\"76\" loading=\"lazy\" src=\"https:\/\/www.europesays.com\/fr\/wp-content\/uploads\/2025\/04\/avatar-quinze.png\" alt=\"Arnaud D\u00e9chelotte\"\/><\/p>\n","protected":false},"excerpt":{"rendered":"Le Stade Rochelais ne s\u2019attendait pas \u00e0 une telle d\u00e9gringolade. Propuls\u00e9s grand rival du Stade Toulousain au d\u00e9but&hellip;\n","protected":false},"author":2,"featured_media":346771,"comment_status":"","ping_status":"","sticky":false,"template":"","format":"standard","meta":{"footnotes":""},"categories":[1416],"tags":[1011,27,479,1468,60],"class_list":{"0":"post-346770","1":"post","2":"type-post","3":"status-publish","4":"format-standard","5":"has-post-thumbnail","7":"category-rugby","8":"tag-fr","9":"tag-france","10":"tag-rugby","11":"tag-rugby-football","12":"tag-sports"},"share_on_mastodon":{"url":"https:\/\/pubeurope.com\/@fr\/115098916208182485","error":""},"_links":{"self":[{"href":"https:\/\/www.europesays.com\/fr\/wp-json\/wp\/v2\/posts\/346770","targetHints":{"allow":["GET"]}}],"collection":[{"href":"https:\/\/www.europesays.com\/fr\/wp-json\/wp\/v2\/posts"}],"about":[{"href":"https:\/\/www.europesays.com\/fr\/wp-json\/wp\/v2\/types\/post"}],"author":[{"embeddable":true,"href":"https:\/\/www.europesays.com\/fr\/wp-json\/wp\/v2\/users\/2"}],"replies":[{"embeddable":true,"href":"https:\/\/www.europesays.com\/fr\/wp-json\/wp\/v2\/comments?post=346770"}],"version-history":[{"count":0,"href":"https:\/\/www.europesays.com\/fr\/wp-json\/wp\/v2\/posts\/346770\/revisions"}],"wp:featuredmedia":[{"embeddable":true,"href":"https:\/\/www.europesays.com\/fr\/wp-json\/wp\/v2\/media\/346771"}],"wp:attachment":[{"href":"https:\/\/www.europesays.com\/fr\/wp-json\/wp\/v2\/media?parent=346770"}],"wp:term":[{"taxonomy":"category","embeddable":true,"href":"https:\/\/www.europesays.com\/fr\/wp-json\/wp\/v2\/categories?post=346770"},{"taxonomy":"post_tag","embeddable":true,"href":"https:\/\/www.europesays.com\/fr\/wp-json\/wp\/v2\/tags?post=346770"}],"curies":[{"name":"wp","href":"https:\/\/api.w.org\/{rel}","templated":true}]}}