{"id":346772,"date":"2025-08-27T04:47:12","date_gmt":"2025-08-27T04:47:12","guid":{"rendered":"https:\/\/www.europesays.com\/fr\/346772\/"},"modified":"2025-08-27T04:47:12","modified_gmt":"2025-08-27T04:47:12","slug":"us-open-lattitude-dhugo-gaston-est-a-revoir-cest-vraiment-assez-navrant-et-cest-dommage-ca-fait-beaucoup-de-francais-qui-perdent-avec-la-sensation-de-pas-etre-tellement-la-lache-frederic-ve","status":"publish","type":"post","link":"https:\/\/www.europesays.com\/fr\/346772\/","title":{"rendered":"US Open > \u00ab\u00a0L&rsquo;attitude d&rsquo;Hugo Gaston est \u00e0 revoir. C&rsquo;est vraiment assez navrant et c&rsquo;est dommage, \u00e7a fait beaucoup de Fran\u00e7ais qui perdent avec la sensation de pas \u00eatre tellement l\u00e0\u00a0\u00bb, l\u00e2che Fr\u00e9d\u00e9ric Verdier"},"content":{"rendered":"<p>Aux commen\u00adtaires de l\u2019US Open sur Eurosport, le jour\u00adna\u00adliste Fr\u00e9d\u00e9ric Verdier n\u2019a pas \u00e9pargn\u00e9 Hugo Gaston (125e mondial) apr\u00e8s sa d\u00e9faite d\u00e8s le premier tour face au qualifi\u00e9 japo\u00adnais Shintaro Mochizuki (112e) : 6\u20134, 6\u20133, 6\u20134. <\/p>\n<p><strong>\u00ab\u202fCe n\u2019est pas une balle de match magni\u00adfique puisque c\u2019est une double faute. On a vu mieux mais c\u2019est un peu \u00e0 l\u2019image de son match. Tr\u00e8s mauvais. Et puis vrai\u00adment, atti\u00adtude \u00e0 revoir. Je ne sais pas s\u2019il a des probl\u00e8mes. J\u2019esp\u00e8re que non mais enfin\u2026 \u00c0 ce point, aucune envie d\u00e9mon\u00adtr\u00e9e, c\u2019est vrai\u00adment assez navrant. Et c\u2019est dommage. \u00c7a fait beau\u00adcoup de Fran\u00e7ais qui perdent avec la sensa\u00adtion de pas \u00eatre telle\u00adment l\u00e0. Humbert, ce n\u2019\u00e9tait pas bon, Mpetshi Perricard non plus, c\u2019\u00e9tait d\u00e9ce\u00advant. Un Quentin Halys qui perd en quatre sets accro\u00adch\u00e9s, il n\u2019y a rien \u00e0 dire. Mais ces trois\u2010l\u00e0, c\u2019\u00e9tait vrai\u00adment d\u00e9cevant.\u202f\u00bb<\/strong><\/p>\n<p class=\"post-published-date\" style=\"color: silver; font-size: 75%; text-align: left;\">Publi\u00e9 le mercredi 27 ao\u00fbt 2025 \u00e0 00:04<\/p>\n","protected":false},"excerpt":{"rendered":"Aux commen\u00adtaires de l\u2019US Open sur Eurosport, le jour\u00adna\u00adliste Fr\u00e9d\u00e9ric Verdier n\u2019a pas \u00e9pargn\u00e9 Hugo Gaston (125e mondial)&hellip;\n","protected":false},"author":2,"featured_media":346773,"comment_status":"","ping_status":"","sticky":false,"template":"","format":"standard","meta":{"footnotes":""},"categories":[1415],"tags":[1011,27,3769,60,1467],"class_list":{"0":"post-346772","1":"post","2":"type-post","3":"status-publish","4":"format-standard","5":"has-post-thumbnail","7":"category-tennis","8":"tag-fr","9":"tag-france","10":"tag-humbert","11":"tag-sports","12":"tag-tennis"},"share_on_mastodon":{"url":"https:\/\/pubeurope.com\/@fr\/115098920080527337","error":""},"_links":{"self":[{"href":"https:\/\/www.europesays.com\/fr\/wp-json\/wp\/v2\/posts\/346772","targetHints":{"allow":["GET"]}}],"collection":[{"href":"https:\/\/www.europesays.com\/fr\/wp-json\/wp\/v2\/posts"}],"about":[{"href":"https:\/\/www.europesays.com\/fr\/wp-json\/wp\/v2\/types\/post"}],"author":[{"embeddable":true,"href":"https:\/\/www.europesays.com\/fr\/wp-json\/wp\/v2\/users\/2"}],"replies":[{"embeddable":true,"href":"https:\/\/www.europesays.com\/fr\/wp-json\/wp\/v2\/comments?post=346772"}],"version-history":[{"count":0,"href":"https:\/\/www.europesays.com\/fr\/wp-json\/wp\/v2\/posts\/346772\/revisions"}],"wp:featuredmedia":[{"embeddable":true,"href":"https:\/\/www.europesays.com\/fr\/wp-json\/wp\/v2\/media\/346773"}],"wp:attachment":[{"href":"https:\/\/www.europesays.com\/fr\/wp-json\/wp\/v2\/media?parent=346772"}],"wp:term":[{"taxonomy":"category","embeddable":true,"href":"https:\/\/www.europesays.com\/fr\/wp-json\/wp\/v2\/categories?post=346772"},{"taxonomy":"post_tag","embeddable":true,"href":"https:\/\/www.europesays.com\/fr\/wp-json\/wp\/v2\/tags?post=346772"}],"curies":[{"name":"wp","href":"https:\/\/api.w.org\/{rel}","templated":true}]}}