{"id":346774,"date":"2025-08-27T04:49:20","date_gmt":"2025-08-27T04:49:20","guid":{"rendered":"https:\/\/www.europesays.com\/fr\/346774\/"},"modified":"2025-08-27T04:49:20","modified_gmt":"2025-08-27T04:49:20","slug":"diffusion-grand-prix-de-la-motogp-dallemagne-a-quelle-heure-et-sur-quelle-chaine-voir-la-course-en-direct","status":"publish","type":"post","link":"https:\/\/www.europesays.com\/fr\/346774\/","title":{"rendered":"Diffusion Grand Prix\u2122 de la MotoGP\u2122 d\u2019Allemagne : \u00e0 quelle heure et sur quelle cha\u00eene voir la course en direct ?"},"content":{"rendered":"<p class=\"paragraph text_align_left lp-f-body-02\">Cette semaine, les pilotes prennent la direction du circuit de Sachsenring. Le trac\u00e9, d\u2019une longueur de 3, 67 kilom\u00e8tres, comporte treize virages et une ligne droite de 700 m\u00e8tres. Jusqu\u2019\u00e0 pr\u00e9sent, le record du circuit est d\u00e9tenu par Jorge Martin, tout comme la meilleure pole et le meilleur tour en course. Quant \u00e0 Pedro Acosta, le coureur espagnol affiche la vitesse maximale la plus \u00e9lev\u00e9e avec une pointe \u00e0 306, 8 km\/h. Au classement, Marc Marquez se maintient en t\u00eate du tableau (307 points), devant Alex Marquez (239 points) et Pecco Bagnaia (181 points). Au pied du podium, on retrouve Franco Morbidelli (139 points) et Fabio di Giannantonio (136 points). Les Fran\u00e7ais Johann Zarco et Fabio Quartararo, quant \u00e0 eux, occupent la septi\u00e8me et la onzi\u00e8me position. Les enjeux sont forts pour Marc Marquez, car l\u2019Espagnol a l\u2019opportunit\u00e9 de remporter sa neuvi\u00e8me victoire sur le circuit allemand et de se rapprocher du titre. Dans ces lignes, on vous dit \u00e0 <a href=\"https:\/\/bit.ly\/3PyYcNS\" target=\"_blank\" rel=\"sponsored noopener\">quelle heure et sur quelle cha\u00eene regarder le Grand Prix\u2122 de la MotoGP\u2122 d\u2019Allemagne, en direct ce dimanche apr\u00e8s-midi.<\/a><\/p>\n<p class=\"paragraph text_align_left lp-f-body-02\"><a href=\"https:\/\/bit.ly\/3PyYcNS\" target=\"_blank\" rel=\"sponsored noopener\">Le Grand Prix\u2122 de la MotoGP\u2122 d\u2019Allemagne est diffus\u00e9 ce dimanche 13 juillet<\/a>, en direct sur la cha\u00eene CANAL+. Le coup d\u2019envoi de la course est pr\u00e9vu \u00e0 14 heures, sur le circuit de Sachsenring. Les experts vous donnent rendez-vous \u00e0 13 heures 16 pour l\u2019\u00e9mission \u201cLa grille Moto\u201d. Par la suite, les commentateurs vous plongent au c\u0153ur des paddocks, d\u00e9cryptent les performances des pilotes et reviennent sur les temps forts de la course. La journ\u00e9e de comp\u00e9tition se termine ensuite avec la remise des troph\u00e9es. <\/p>\n","protected":false},"excerpt":{"rendered":"Cette semaine, les pilotes prennent la direction du circuit de Sachsenring. Le trac\u00e9, d\u2019une longueur de 3, 67&hellip;\n","protected":false},"author":2,"featured_media":346775,"comment_status":"","ping_status":"","sticky":false,"template":"","format":"standard","meta":{"footnotes":""},"categories":[1413],"tags":[1011,27,1982,749,1457,1456,1458,60,6718],"class_list":{"0":"post-346774","1":"post","2":"type-post","3":"status-publish","4":"format-standard","5":"has-post-thumbnail","7":"category-moto","8":"tag-fr","9":"tag-france","10":"tag-grand-prix","11":"tag-guide-shopping","12":"tag-moto","13":"tag-motocycle","14":"tag-motogp","15":"tag-sports","16":"tag-tv-streaming"},"share_on_mastodon":{"url":"https:\/\/pubeurope.com\/@fr\/115098928078180111","error":""},"_links":{"self":[{"href":"https:\/\/www.europesays.com\/fr\/wp-json\/wp\/v2\/posts\/346774","targetHints":{"allow":["GET"]}}],"collection":[{"href":"https:\/\/www.europesays.com\/fr\/wp-json\/wp\/v2\/posts"}],"about":[{"href":"https:\/\/www.europesays.com\/fr\/wp-json\/wp\/v2\/types\/post"}],"author":[{"embeddable":true,"href":"https:\/\/www.europesays.com\/fr\/wp-json\/wp\/v2\/users\/2"}],"replies":[{"embeddable":true,"href":"https:\/\/www.europesays.com\/fr\/wp-json\/wp\/v2\/comments?post=346774"}],"version-history":[{"count":0,"href":"https:\/\/www.europesays.com\/fr\/wp-json\/wp\/v2\/posts\/346774\/revisions"}],"wp:featuredmedia":[{"embeddable":true,"href":"https:\/\/www.europesays.com\/fr\/wp-json\/wp\/v2\/media\/346775"}],"wp:attachment":[{"href":"https:\/\/www.europesays.com\/fr\/wp-json\/wp\/v2\/media?parent=346774"}],"wp:term":[{"taxonomy":"category","embeddable":true,"href":"https:\/\/www.europesays.com\/fr\/wp-json\/wp\/v2\/categories?post=346774"},{"taxonomy":"post_tag","embeddable":true,"href":"https:\/\/www.europesays.com\/fr\/wp-json\/wp\/v2\/tags?post=346774"}],"curies":[{"name":"wp","href":"https:\/\/api.w.org\/{rel}","templated":true}]}}