{"id":346778,"date":"2025-08-27T04:51:14","date_gmt":"2025-08-27T04:51:14","guid":{"rendered":"https:\/\/www.europesays.com\/fr\/346778\/"},"modified":"2025-08-27T04:51:14","modified_gmt":"2025-08-27T04:51:14","slug":"cyclisme-route-paul-seixas-au-depart-des-mondiaux-et-des-europe-avec-les-elites","status":"publish","type":"post","link":"https:\/\/www.europesays.com\/fr\/346778\/","title":{"rendered":"Cyclisme. Route &#8211; Paul Seixas au d\u00e9part des Mondiaux et des Europe avec les \u00e9lites ?"},"content":{"rendered":"<p>Pour le moment, le Fran\u00e7ais <strong><a href=\"https:\/\/www.cyclismactu.net\/..\/news-tour-de-avenir-route-paul-seixas-tout-faire-pour-defendre-maillot-jaune-89757.html\" target=\"_blank\" rel=\"nofollow noopener\">Paul Seixas<\/a><\/strong> (France) r\u00e9alise un tr\u00e8s bon d\u00e9but de <strong>Tour de l&rsquo;Avenir<\/strong>. Porteur du maillot jaune de leader d\u00e8s le prologue inaugural, le jeune coureur de 18 ans se place comme le grandissime favori \u00e0 la succession de <strong>Joe Blackmore<\/strong> sur cette 61e \u00e9dition. Le programme du Lyonnais reste encore flou pour cette fin de saison, mais d&rsquo;apr\u00e8s nos confr\u00e8res du <a href=\"https:\/\/www.leprogres.fr\/sport\/2025\/08\/26\/le-lyonnais-paul-seixas-au-mondial-et-au-championnat-d-europe-elites\" target=\"_blank\" rel=\"nofollow noopener\">Progr\u00e8s<\/a>, le s\u00e9lectionneur <strong>Thomas Voeckler<\/strong> penserait fortement \u00e0 <strong>Seixas<\/strong> pour disputer les <strong>Championnats du Monde<\/strong> au Rwanda (contre-la-montre et course en ligne), ainsi que les <strong>Championnats d&rsquo;Europe<\/strong> chez les \u00e9lites !<\/p>\n<p>Vid\u00e9o &#8211; Paul Seixas, au micro de Cyclism&rsquo;Actu ! Lire la suite de l&rsquo;article&#13;<\/p>\n<p>\u00a0<\/p>\n<p>&#13;<br \/>\n<strong>Vers la d\u00e9couverte d&rsquo;un Monument par la suite ?<\/strong>&#13;<\/p>\n<p>Toujours d&rsquo;apr\u00e8s Le Progr\u00e8s, le jeune Fran\u00e7ais de la formation <strong>Decathlon AG2R La Mondiale<\/strong> pourrait \u00e9galement d\u00e9couvrir un Monument, et pas des moindres : le <strong>Tour de Lombardie<\/strong> ! Cette saison serait donc riche en comp\u00e9titions pour le Lyonnais, avec l&rsquo;encha\u00eenement <strong>Skoda Tour du Luxembourg<\/strong>, <strong>Championnats du Monde<\/strong>, <strong>Championnats d&rsquo;Europe<\/strong>, <strong>Tour de Lombardie<\/strong> et enfin le <strong>Gree-Tour of Guangxi<\/strong>.<\/p>\n","protected":false},"excerpt":{"rendered":"Pour le moment, le Fran\u00e7ais Paul Seixas (France) r\u00e9alise un tr\u00e8s bon d\u00e9but de Tour de l&rsquo;Avenir. Porteur&hellip;\n","protected":false},"author":2,"featured_media":346779,"comment_status":"","ping_status":"","sticky":false,"template":"","format":"standard","meta":{"footnotes":""},"categories":[1411],"tags":[1154,207,211,1011,27,209,60,210,212,208,213],"class_list":{"0":"post-346778","1":"post","2":"type-post","3":"status-publish","4":"format-standard","5":"has-post-thumbnail","7":"category-cyclisme","8":"tag-cycling","9":"tag-cyclisme","10":"tag-ffc","11":"tag-fr","12":"tag-france","13":"tag-route","14":"tag-sports","15":"tag-tour-de-france","16":"tag-uci","17":"tag-velo","18":"tag-world-tour"},"share_on_mastodon":{"url":"https:\/\/pubeurope.com\/@fr\/115098935866249709","error":""},"_links":{"self":[{"href":"https:\/\/www.europesays.com\/fr\/wp-json\/wp\/v2\/posts\/346778","targetHints":{"allow":["GET"]}}],"collection":[{"href":"https:\/\/www.europesays.com\/fr\/wp-json\/wp\/v2\/posts"}],"about":[{"href":"https:\/\/www.europesays.com\/fr\/wp-json\/wp\/v2\/types\/post"}],"author":[{"embeddable":true,"href":"https:\/\/www.europesays.com\/fr\/wp-json\/wp\/v2\/users\/2"}],"replies":[{"embeddable":true,"href":"https:\/\/www.europesays.com\/fr\/wp-json\/wp\/v2\/comments?post=346778"}],"version-history":[{"count":0,"href":"https:\/\/www.europesays.com\/fr\/wp-json\/wp\/v2\/posts\/346778\/revisions"}],"wp:featuredmedia":[{"embeddable":true,"href":"https:\/\/www.europesays.com\/fr\/wp-json\/wp\/v2\/media\/346779"}],"wp:attachment":[{"href":"https:\/\/www.europesays.com\/fr\/wp-json\/wp\/v2\/media?parent=346778"}],"wp:term":[{"taxonomy":"category","embeddable":true,"href":"https:\/\/www.europesays.com\/fr\/wp-json\/wp\/v2\/categories?post=346778"},{"taxonomy":"post_tag","embeddable":true,"href":"https:\/\/www.europesays.com\/fr\/wp-json\/wp\/v2\/tags?post=346778"}],"curies":[{"name":"wp","href":"https:\/\/api.w.org\/{rel}","templated":true}]}}