{"id":34678,"date":"2025-04-18T18:41:13","date_gmt":"2025-04-18T18:41:13","guid":{"rendered":"https:\/\/www.europesays.com\/fr\/34678\/"},"modified":"2025-04-18T18:41:13","modified_gmt":"2025-04-18T18:41:13","slug":"un-nouvel-espace-de-detente-en-harmonie-avec-lenvironnement","status":"publish","type":"post","link":"https:\/\/www.europesays.com\/fr\/34678\/","title":{"rendered":"Un nouvel espace de d\u00e9tente en harmonie avec l\u2019environnement."},"content":{"rendered":"<p>            Par<br \/>\n        <strong><br \/>\n            <a href=\"https:\/\/actu.fr\/auteur\/metropoop\" title=\"Consulter tous les articles de R\u00e9daction M\u00e9tropolitain\" target=\"_blank\" rel=\"noopener\">R\u00e9daction M\u00e9tropolitain<\/a><br \/>\n        <\/strong><\/p>\n<p>        Publi\u00e9 le<\/p>\n<p>            17 avr. 2025 \u00e0 9h45        <\/p>\n<p>\u00c0 <strong>Carnon<\/strong>, l\u2019ancien parking de la<strong> place Cassan<\/strong> va \u00eatre r\u00e9organis\u00e9 en un <strong>nouvel espace de d\u00e9tente<\/strong>, totalement r\u00e9invent\u00e9 et en harmonie avec le bord de mer. Lib\u00e9r\u00e9 de la circulation automobile, ce site, <strong>Le Jardin des Dunes<\/strong>, deviendra un<strong> lieu pi\u00e9ton<\/strong> accessible \u00e0 tous, situ\u00e9 \u00e0 quelques pas des restaurants de plage et des zones sportives de la station.<\/p>\n<p>Les objectifs ?\u00a0<\/p>\n<p class=\" wall-content\">Cet am\u00e9nagement a plusieurs objectifs : valoriser l\u2019espace de l\u2019avant-port, cre\u0301er un nouveau lieu attractif sur la station, renaturer l\u2019espace mine\u0301ral, mais aussi proposer une halte ombrag\u00e9e et un point de vue sur la mer.<\/p>\n<p class=\" wall-content\">La nouvelle interface sera <strong>entie\u0300rement v\u00e9g\u00e9talis\u00e9e<\/strong> afin de former un continuum d\u2019espace public unifi\u00e9 entre le quai Auguste Meynier, la place Cassan le front de mer, et la rive droite du canal. Ce futur espace de d\u00e9tente et de contemplation, ouvert sur la mer, sera <strong>propice a\u0300 la balade et aux animations.<\/strong><\/p>\n<p>    <a href=\"https:\/\/www.google.com\/maps\/embed?pb=!1m18!1m12!1m3!1d24703.161559616066!2d3.940324379101552!3d43.54242740000001!2m3!1f0!2f0!3f0!3m2!1i1024!2i768!4f13.1!3m3!1m2!1s0x12b6bb708247af8d%3A0x14fef3c131d109ff!2sParking!5e1!3m2!1sfr!2sfr!4v1744388521439!5m2!1sfr!2sfr\" title=\"Ouvrie le lien\" target=\"_blank\" rel=\"noopener\">Cliquez ici pour visualiser le contenu<\/a><\/p>\n<p>Au programme\u00a0<\/p>\n<p class=\" wall-content\">Terrassement, cre\u0301ation de deux dunes v\u00e9g\u00e9talis\u00e9es permettant de donner du relief, de planter de nouveaux v\u00e9g\u00e9taux et de cr\u00e9er de l\u2019ombre ; trois alc\u00f4ves ensoleill\u00e9es avec des gradins, un th\u00e9\u00e2tre ombrag\u00e9 par une grande ombri\u00e8re semi-ouverte pour permettre de se poser face \u00e0 la mer, une aire de jeux pour enfants avec un bateau pirate et des bancs le long du canal.<\/p>\n<p>Vid\u00e9os : en ce moment sur ActuUne seconde phase de septembre \u00e0 octobre\u00a0<\/p>\n<p class=\" wall-content\">D\u00e9but\u00e9s en mars dernier, les travaux du Jardin des Dunes devraient se poursuivre jusqu\u2019au mois de juillet. Une seconde phase de travaux reprendra apre\u0300s la saison estivale, de septembre \u00e0 octobre, afin de<strong> finir le rev\u00eatement des sols en b\u00e9ton d\u00e9sactiv\u00e9<\/strong>.<\/p>\n<p class=\" wall-content\">Suivez toute l\u2019actualit\u00e9 de vos villes et m\u00e9dias favoris en vous inscrivant \u00e0 <a href=\"https:\/\/moncompte.actu.fr\" title=\"D\u00e9couvez Mon Actu\" rel=\"nofollow noopener\" data-trk=\"{&quot;cta&quot;:{&quot;action&quot;:&quot;https:\\\/\\\/moncompte.actu.fr&quot;,&quot;category&quot;:&quot;mon compte&quot;,&quot;from&quot;:&quot;article footer&quot;,&quot;name&quot;:&quot;Mon actu&quot;,&quot;type&quot;:&quot;cta&quot;}}\" target=\"_blank\">Mon Actu<\/a>.<\/p>\n","protected":false},"excerpt":{"rendered":"Par R\u00e9daction M\u00e9tropolitain Publi\u00e9 le 17 avr. 2025 \u00e0 9h45 \u00c0 Carnon, l\u2019ancien parking de la place Cassan&hellip;\n","protected":false},"author":2,"featured_media":34679,"comment_status":"","ping_status":"","sticky":false,"template":"","format":"standard","meta":{"footnotes":""},"categories":[9599],"tags":[1111,11,1777,674,1011,27,2208,12,2680,8302,25,104],"class_list":{"0":"post-34678","1":"post","2":"type-post","3":"status-publish","4":"format-standard","5":"has-post-thumbnail","7":"category-montpellier","8":"tag-actu","9":"tag-actualites","10":"tag-eu","11":"tag-europe","12":"tag-fr","13":"tag-france","14":"tag-montpellier","15":"tag-news","16":"tag-occitanie","17":"tag-plages","18":"tag-republique-francaise","19":"tag-societe"},"share_on_mastodon":{"url":"https:\/\/pubeurope.com\/@fr\/114360437009366926","error":""},"_links":{"self":[{"href":"https:\/\/www.europesays.com\/fr\/wp-json\/wp\/v2\/posts\/34678","targetHints":{"allow":["GET"]}}],"collection":[{"href":"https:\/\/www.europesays.com\/fr\/wp-json\/wp\/v2\/posts"}],"about":[{"href":"https:\/\/www.europesays.com\/fr\/wp-json\/wp\/v2\/types\/post"}],"author":[{"embeddable":true,"href":"https:\/\/www.europesays.com\/fr\/wp-json\/wp\/v2\/users\/2"}],"replies":[{"embeddable":true,"href":"https:\/\/www.europesays.com\/fr\/wp-json\/wp\/v2\/comments?post=34678"}],"version-history":[{"count":0,"href":"https:\/\/www.europesays.com\/fr\/wp-json\/wp\/v2\/posts\/34678\/revisions"}],"wp:featuredmedia":[{"embeddable":true,"href":"https:\/\/www.europesays.com\/fr\/wp-json\/wp\/v2\/media\/34679"}],"wp:attachment":[{"href":"https:\/\/www.europesays.com\/fr\/wp-json\/wp\/v2\/media?parent=34678"}],"wp:term":[{"taxonomy":"category","embeddable":true,"href":"https:\/\/www.europesays.com\/fr\/wp-json\/wp\/v2\/categories?post=34678"},{"taxonomy":"post_tag","embeddable":true,"href":"https:\/\/www.europesays.com\/fr\/wp-json\/wp\/v2\/tags?post=34678"}],"curies":[{"name":"wp","href":"https:\/\/api.w.org\/{rel}","templated":true}]}}