{"id":346782,"date":"2025-08-27T04:53:14","date_gmt":"2025-08-27T04:53:14","guid":{"rendered":"https:\/\/www.europesays.com\/fr\/346782\/"},"modified":"2025-08-27T04:53:14","modified_gmt":"2025-08-27T04:53:14","slug":"lea-salame-pas-encore-au-20h-et-deja-la-grosse-tete-la-journaliste-prise-en-flagrant-delit-dego-trip","status":"publish","type":"post","link":"https:\/\/www.europesays.com\/fr\/346782\/","title":{"rendered":"L\u00e9a Salam\u00e9 : pas encore au 20H et d\u00e9j\u00e0 la grosse t\u00eate ? La journaliste prise en flagrant d\u00e9lit d\u2019ego trip"},"content":{"rendered":"<p data-start=\"517\" data-end=\"850\"><a href=\"https:\/\/www.closermag.fr\/people\/lea-salame-sexy-en-corse-soutien-gorge-en-dentelle-apparent-elle-savoure-ses-derniers-jours-dete-avant-sa-rentree-agitee-3572724\" target=\"_blank\" rel=\"noopener\"><br \/>\nL\u00e9a Salam\u00e9<\/a> continue d\u2019agiter le PAF&#8230; et ses abonn\u00e9s Instagram<br \/>\n! Alors qu\u2019elle pr\u00e9pare sa rentr\u00e9e au <a href=\"https:\/\/www.closermag.fr\/people\/lea-salame-au-20-h-de-france-2-ce-vieil-ami-dit-ce-quil-pense-de-sa-nomination-surprise-3568994\" target=\"_blank\" rel=\"noopener\"><br \/>\n20 Heures<\/a> de France 2, elle poste une story o\u00f9 figure<br \/>\nune immense affiche de son visage sur la fa\u00e7ade de <a href=\"https:\/\/www.closermag.fr\/people\/lea-salame-est-une-star-ce-journaliste-ne-comprend-pas-vraiment-son-retournement-de-veste-sur-le-20h-3571402\" target=\"_blank\" rel=\"noopener\"><br \/>\nFrance T\u00e9l\u00e9visions<\/a>. R\u00e9sultat : une image spectaculaire, qui<br \/>\ndonne l\u2019impression <strong>qu\u2019elle est d\u00e9j\u00e0 la nouvelle star du<br \/>\nJT.<\/strong><\/p>\n<p data-start=\"852\" data-end=\"1200\">Ce petit (ou gros ?) moment<br \/>\nd\u2019ego trip illustre bien la mont\u00e9e en puissance de la compagne de<br \/>\n<a href=\"https:\/\/www.closermag.fr\/people\/lea-salame-elle-parle-de-raphael-glucksmann-et-cest-si-rare-quon-reste-sans-voix-3566567\" target=\"_blank\" rel=\"noopener\"><br \/>\nRapha\u00ebl Glucksmann<\/a>. Elle n\u2019a pas encore pris l\u2019antenne du<br \/>\n20H, mais elle s\u2019offre d\u00e9j\u00e0 une communication XXL. Une<br \/>\npreuve suppl\u00e9mentaire de l\u2019assurance de celle qui a longtemps \u00e9t\u00e9<br \/>\nl<strong>a voix des matins sur <a href=\"https:\/\/www.closermag.fr\/people\/lea-salame-piegee-enorme-surprise-pour-son-dernier-direct-sur-france-inter-et-cest-un-brin-genant-3560462\" target=\"_blank\" rel=\"noopener\"><br \/>\nFrance Inter<\/a><\/strong> et la figure incontournable des grands<br \/>\nd\u00e9bats t\u00e9l\u00e9vis\u00e9s.<\/p>\n<p>L\u00e9a Salam\u00e9 : un mercato t\u00e9l\u00e9<br \/>\nqui donne des ailes ?<\/p>\n<p data-start=\"1244\" data-end=\"1796\">L\u00e9a Salam\u00e9 a \u00e9t\u00e9 l\u2019un des<br \/>\nvisages les plus courtis\u00e9s du march\u00e9 des m\u00e9dias cet \u00e9t\u00e9. Alors que<br \/>\n<a href=\"https:\/\/www.closermag.fr\/people\/lea-salame-bientot-au-20h-ce-salaire-indecent-quelle-aurait-pu-toucher-si-3558721\" target=\"_blank\" rel=\"noopener\"><br \/>\nBFMTV<\/a> lui faisait les yeux doux avec <strong>une offre<br \/>\nsalariale tr\u00e8s all\u00e9chante<\/strong>, elle a finalement choisi de<br \/>\nrester dans le giron de France T\u00e9l\u00e9visions. L\u2019info avait fait grand<br \/>\nbruit : elle aurait pu toucher une r\u00e9mun\u00e9ration record pour<br \/>\nrejoindre la cha\u00eene info en continu, avec \u00e0 la cl\u00e9 un projet de<br \/>\nprime time taill\u00e9 pour elle. Mais c\u2019est le 20 heures de France 2<br \/>\nqui l\u2019a emport\u00e9, preuve que la journaliste privil\u00e9gie <strong>la<br \/>\nvisibilit\u00e9 et le prestige<\/strong> au gros ch\u00e8que.<\/p>\n<p data-start=\"1798\" data-end=\"2177\">Et comme si cela ne suffisait<br \/>\npas, elle a aussi d\u00e9cid\u00e9 de continuer l\u2019animation de son \u00e9mission<br \/>\nphare, <a href=\"https:\/\/www.closermag.fr\/tv_tele_realite\/cela-me-mortifie-dans-quelle-epoque-colere-rentree-de-lea-salame-qui-sexcuse-apres-le-scandale-thierry-ardisson-3548462\" target=\"_blank\" rel=\"noopener\"><br \/>\nQuelle \u00c9poque !<\/a>, qui<br \/>\ncartonne chaque samedi soir et qui rassemble un public fid\u00e8le<br \/>\nautour de d\u00e9bats de soci\u00e9t\u00e9 et d\u2019interviews souvent sans langue de<br \/>\nbois. Avec cette double casquette JT + talk-show, L\u00e9a Salam\u00e9<br \/>\ns\u2019installe plus que jamais comme&#8230; l\u2019une des reines de la t\u00e9l\u00e9<br \/>\n?<\/p>\n<p><img loading=\"lazy\" decoding=\"async\" aria-describedby=\"caption-attachment-3573558\" itemprop=\"thumbnailUrl\" class=\"size-full wp-image-3573558 img-responsive\" src=\"https:\/\/www.europesays.com\/fr\/wp-content\/uploads\/2025\/08\/undefined-imgur.jpg\" alt=\"Instagram L\u00e9a Salam\u00e9\" width=\"439\" height=\"790\"\/><br \/>\n\u00a9 Instagram<br \/>\nL\u00e9a Salam\u00e9<\/p>\n<p id=\"caption-attachment-3573558\" class=\"wp-caption-text\">\nInstagram L\u00e9a Salam\u00e9<\/p>\n<p>Son<br \/>\nascension, elle l&rsquo;assume !<\/p>\n<p data-start=\"2217\" data-end=\"2741\">La carri\u00e8re de L\u00e9a Salam\u00e9<br \/>\nressemble \u00e0 une ascension sans faute. Apr\u00e8s des d\u00e9buts remarqu\u00e9s<br \/>\nsur France Inter, o\u00f9 elle s\u2019est impos\u00e9e en moins d\u2019une d\u00e9cennie<br \/>\ncomme une intervieweuse redout\u00e9e et respect\u00e9e, elle a su \u00e9largir<br \/>\nson champ en s\u2019installant durablement \u00e0 la t\u00e9l\u00e9vision. On l\u2019a vue<br \/>\naux c\u00f4t\u00e9s de <a href=\"https:\/\/www.closermag.fr\/bio-people\/biographie-laurent-ruquier-381740\" target=\"_blank\" rel=\"noopener\"><br \/>\nLaurent Ruquier<\/a> dans On<br \/>\nn\u2019est pas couch\u00e9, avant <strong>qu\u2019elle ne prenne seule les<br \/>\ncommandes<\/strong> d\u2019\u00e9missions politiques et de talk-shows. Elle<br \/>\ns\u2019est aussi illustr\u00e9e dans les soir\u00e9es \u00e9lectorales, o\u00f9 son<br \/>\nprofessionnalisme a \u00e9t\u00e9 salu\u00e9. Aujourd\u2019hui, \u00e0 44 ans, elle<br \/>\ns\u2019appr\u00eate \u00e0 franchir un nouveau cap en prenant les r\u00eanes du JT de<br \/>\n20 heures. L\u2019affiche g\u00e9ante install\u00e9e sur le b\u00e2timent de France<br \/>\nT\u00e9l\u00e9visions n\u2019est peut-\u00eatre qu\u2019un outil de communication, mais en<br \/>\nla repostant fi\u00e8rement en story, la journaliste montre<br \/>\n<strong>qu\u2019elle assume totalement son nouveau statut.<\/strong> Un<br \/>\nstatut qui, forc\u00e9ment, fait des envieux dans le milieu. Et si<br \/>\ncertains y voient un exc\u00e8s d\u2019ego, d\u2019autres y liront simplement la<br \/>\nconfiance tranquille d\u2019une star des m\u00e9dias qui sait ce qu\u2019elle<br \/>\nvaut.<\/p>\n<p data-start=\"3271\" data-end=\"3844\">En coulisses, l\u2019arriv\u00e9e de L\u00e9a<br \/>\nSalam\u00e9 au 20 heures fait d\u00e9j\u00e0 beaucoup parler. Son style incisif et<br \/>\nson aisance \u00e0 l\u2019oral pourraient redonner un <strong>souffle nouveau<br \/>\n\u00e0 ce rendez-vous,<\/strong> qui reste l\u2019un des plus regard\u00e9s de la<br \/>\nt\u00e9l\u00e9vision fran\u00e7aise. La journaliste, connue pour son franc-parler,<br \/>\ndevrait apporter un ton plus moderne et peut-\u00eatre plus audacieux<br \/>\nque ses pr\u00e9d\u00e9cesseurs. Ses proches affirment qu\u2019elle travaille<br \/>\nd\u2019arrache-pied pour se pr\u00e9parer \u00e0 cette nouvelle responsabilit\u00e9,<br \/>\nconsciente que chaque mot et chaque regard seront scrut\u00e9s par des<br \/>\nmillions de t\u00e9l\u00e9spectateurs.<\/p>\n","protected":false},"excerpt":{"rendered":"L\u00e9a Salam\u00e9 continue d\u2019agiter le PAF&#8230; et ses abonn\u00e9s Instagram ! Alors qu\u2019elle pr\u00e9pare sa rentr\u00e9e au 20&hellip;\n","protected":false},"author":2,"featured_media":346783,"comment_status":"","ping_status":"","sticky":false,"template":"","format":"standard","meta":{"footnotes":""},"categories":[1359],"tags":[548,58,59,1011,27,2400,3806,973],"class_list":{"0":"post-346782","1":"post","2":"type-post","3":"status-publish","4":"format-standard","5":"has-post-thumbnail","7":"category-people","8":"tag-article-simple","9":"tag-divertissement","10":"tag-entertainment","11":"tag-fr","12":"tag-france","13":"tag-france-televisions","14":"tag-lea-salame","15":"tag-people"},"share_on_mastodon":{"url":"https:\/\/pubeurope.com\/@fr\/115098943839360930","error":""},"_links":{"self":[{"href":"https:\/\/www.europesays.com\/fr\/wp-json\/wp\/v2\/posts\/346782","targetHints":{"allow":["GET"]}}],"collection":[{"href":"https:\/\/www.europesays.com\/fr\/wp-json\/wp\/v2\/posts"}],"about":[{"href":"https:\/\/www.europesays.com\/fr\/wp-json\/wp\/v2\/types\/post"}],"author":[{"embeddable":true,"href":"https:\/\/www.europesays.com\/fr\/wp-json\/wp\/v2\/users\/2"}],"replies":[{"embeddable":true,"href":"https:\/\/www.europesays.com\/fr\/wp-json\/wp\/v2\/comments?post=346782"}],"version-history":[{"count":0,"href":"https:\/\/www.europesays.com\/fr\/wp-json\/wp\/v2\/posts\/346782\/revisions"}],"wp:featuredmedia":[{"embeddable":true,"href":"https:\/\/www.europesays.com\/fr\/wp-json\/wp\/v2\/media\/346783"}],"wp:attachment":[{"href":"https:\/\/www.europesays.com\/fr\/wp-json\/wp\/v2\/media?parent=346782"}],"wp:term":[{"taxonomy":"category","embeddable":true,"href":"https:\/\/www.europesays.com\/fr\/wp-json\/wp\/v2\/categories?post=346782"},{"taxonomy":"post_tag","embeddable":true,"href":"https:\/\/www.europesays.com\/fr\/wp-json\/wp\/v2\/tags?post=346782"}],"curies":[{"name":"wp","href":"https:\/\/api.w.org\/{rel}","templated":true}]}}