{"id":346784,"date":"2025-08-27T04:54:16","date_gmt":"2025-08-27T04:54:16","guid":{"rendered":"https:\/\/www.europesays.com\/fr\/346784\/"},"modified":"2025-08-27T04:54:16","modified_gmt":"2025-08-27T04:54:16","slug":"apres-une-semaine-de-travail-la-fresque-representant-frida-kahlo-est-terminee","status":"publish","type":"post","link":"https:\/\/www.europesays.com\/fr\/346784\/","title":{"rendered":"apr\u00e8s une semaine de travail, la fresque repr\u00e9sentant Frida Kahlo est termin\u00e9e"},"content":{"rendered":"<p>\u00c7a y est, apr\u00e8s presque une semaine de travail pour l\u2019artiste Lori Valdenaire, la fresque sur Frida Kahlo est termin\u00e9e. Le Romarimontain avait d\u00e9but\u00e9 son \u0153uvre lundi 18\u00a0ao\u00fbt en commen\u00e7ant par repeindre le mur, situ\u00e9 au croisement des <a href=\"https:\/\/www.vosgesmatin.fr\/videos\/a-remiremont-l-artiste-lori-valdenaire-realise-une-fresque-en-hommage-a-frida-kahlo-308plr5\" target=\"_blank\" rel=\"noopener\">rues Maldoyenne et du Canton,<\/a> en blanc.<\/p>\n<p>Le projet avait \u00e9t\u00e9 r\u00e9fl\u00e9chi avec la municipalit\u00e9 qui souhaitait mettre en avant une \u00ab\u00a0figure f\u00e9minine, inspirante et po\u00e9tique\u00a0\u00bb, explique l\u2019artiste.<\/p>\n","protected":false},"excerpt":{"rendered":"\u00c7a y est, apr\u00e8s presque une semaine de travail pour l\u2019artiste Lori Valdenaire, la fresque sur Frida Kahlo&hellip;\n","protected":false},"author":2,"featured_media":346785,"comment_status":"","ping_status":"","sticky":false,"template":"","format":"standard","meta":{"footnotes":""},"categories":[1358],"tags":[1348,1384,1385,1687,1386,58,1798,59,2271,107,1011,27,18924,42861,104,774],"class_list":{"0":"post-346784","1":"post","2":"type-post","3":"status-publish","4":"format-standard","5":"has-post-thumbnail","7":"category-arts-et-design","8":"tag-arts","9":"tag-arts-and-design","10":"tag-arts-et-design","11":"tag-culture-loisirs","12":"tag-design","13":"tag-divertissement","14":"tag-edition-remiremont-gerardmer","15":"tag-entertainment","16":"tag-exposition-arts-plastiques","17":"tag-fil-info","18":"tag-fr","19":"tag-france","20":"tag-remiremont","21":"tag-remiremont-ville-88a","22":"tag-societe","23":"tag-vosges"},"share_on_mastodon":{"url":"https:\/\/pubeurope.com\/@fr\/115098947723417787","error":""},"_links":{"self":[{"href":"https:\/\/www.europesays.com\/fr\/wp-json\/wp\/v2\/posts\/346784","targetHints":{"allow":["GET"]}}],"collection":[{"href":"https:\/\/www.europesays.com\/fr\/wp-json\/wp\/v2\/posts"}],"about":[{"href":"https:\/\/www.europesays.com\/fr\/wp-json\/wp\/v2\/types\/post"}],"author":[{"embeddable":true,"href":"https:\/\/www.europesays.com\/fr\/wp-json\/wp\/v2\/users\/2"}],"replies":[{"embeddable":true,"href":"https:\/\/www.europesays.com\/fr\/wp-json\/wp\/v2\/comments?post=346784"}],"version-history":[{"count":0,"href":"https:\/\/www.europesays.com\/fr\/wp-json\/wp\/v2\/posts\/346784\/revisions"}],"wp:featuredmedia":[{"embeddable":true,"href":"https:\/\/www.europesays.com\/fr\/wp-json\/wp\/v2\/media\/346785"}],"wp:attachment":[{"href":"https:\/\/www.europesays.com\/fr\/wp-json\/wp\/v2\/media?parent=346784"}],"wp:term":[{"taxonomy":"category","embeddable":true,"href":"https:\/\/www.europesays.com\/fr\/wp-json\/wp\/v2\/categories?post=346784"},{"taxonomy":"post_tag","embeddable":true,"href":"https:\/\/www.europesays.com\/fr\/wp-json\/wp\/v2\/tags?post=346784"}],"curies":[{"name":"wp","href":"https:\/\/api.w.org\/{rel}","templated":true}]}}