{"id":346788,"date":"2025-08-27T04:56:22","date_gmt":"2025-08-27T04:56:22","guid":{"rendered":"https:\/\/www.europesays.com\/fr\/346788\/"},"modified":"2025-08-27T04:56:22","modified_gmt":"2025-08-27T04:56:22","slug":"constituer-un-pole-de-chaines-extremement-puissant-sur-les-moins-de-50-ans-cherie-25-sera-rebaptisee-rmc-life-a-son-arrivee-dans-le-groupe-cma-media-bfm-rmc-story","status":"publish","type":"post","link":"https:\/\/www.europesays.com\/fr\/346788\/","title":{"rendered":"\u00ab\u00a0Constituer un p\u00f4le de cha\u00eenes extr\u00eamement puissant sur les moins de 50 ans\u00a0\u00bb : Ch\u00e9rie 25 sera rebaptis\u00e9e RMC Life \u00e0 son arriv\u00e9e dans le groupe CMA Media (BFM, RMC Story)"},"content":{"rendered":"<p>La suite apr\u00e8s la publicit\u00e9<\/p>\n<p>Une question de jours ? \u00a0Apr\u00e8s avoir sign\u00e9 un <a href=\"https:\/\/www.ozap.com\/actu\/le-groupe-nrj-a-signe-le-protocole-de-cession-de-la-chaine-une-nouvelle-etape-franchie-dans-la-vente-de-cherie-25-a-cma-media-filiale-du-groupe-de-rodolphe-saade\/650946\" rel=\"nofollow noopener\" target=\"_blank\">protocole de cession de Ch\u00e9rie 25<\/a> avec NRJ Group en juillet dernier, CMA Media pr\u00e9pare l&rsquo;arriv\u00e9e de la cha\u00eene dans son escarcelle. Au cours d&rsquo;une conf\u00e9rence de presse organis\u00e9e ce mardi 26 ao\u00fbt dans les locaux de BFM, <a href=\"https:\/\/www.ozap.com\/actu\/regis-ravanas-quitte-m6-et-rtl-pour-devenir-directeur-general-de-rmc-bfm\/649090\" rel=\"nofollow noopener\" target=\"_blank\">R\u00e9gis Ravanas<\/a>, Directeur G\u00e9n\u00e9ral de RMC BFM a annonc\u00e9 que Ch\u00e9rie 25 serait renomm\u00e9e RMC Life \u00ab\u00a0si l\u2019Arcom nous donne son accord\u00a0\u00bb pour le rachat de la cha\u00eene. \u00ab\u00a0Nous avons beaucoup investi dans le divertissement avec RMC D\u00e9couverte et RMC Story. Et \u00e7a a march\u00e9 puisque ces deux cha\u00eenes ont progress\u00e9 en audience la saison pass\u00e9e. Dans la vie de ce p\u00f4le, il y a point important en cette rentr\u00e9e, c\u2019est l\u2019arriv\u00e9e prochaine, si on a l\u2019agr\u00e9ment de l\u2019ARCOM, de Ch\u00e9rie 25 qui deviendra RMC Life. Et qui constituera un p\u00f4le de cha\u00eenes extr\u00eamement puissant sur les moins de cinquante ans. C&rsquo;est notre mod\u00e8le \u00e9conomique, nous voulons parler aux jeunes, nous voulons \u00eatre extr\u00eamement puissants sur les moins de 50 ans\u00a0\u00bb a-t-il ajout\u00e9 pr\u00e9cisant que RMC D\u00e9couverte et RMC Story conserveraient leur nom.\u00a0<\/p>\n<p>\u00ab\u00a0RMC Life aura une sensibilit\u00e9 plus f\u00e9minine\u00a0\u00bb<\/p>\n<p>\u00ab\u00a0Tout cela est soumis \u00e0 l\u2019agr\u00e9ment de l\u2019Arcom. Jusqu&rsquo;ici tout ce que l\u2019on peut dire n\u2019est que prospectif et pas une r\u00e9alit\u00e9. Nous souhaitons cr\u00e9er une famille de cha\u00eenes. RMC Life aurait sa sp\u00e9cialit\u00e9 car elle a un cahier des charges particulier. Un cahier des charges qui adresse particuli\u00e8rement la cible f\u00e9minine. Ce qui sera tr\u00e8s compl\u00e9mentaire pour nous car aujourd\u2019hui nos cha\u00eenes sont plut\u00f4t \u00e0 connotation masculine. Y compris BFM parce que l\u2019information est un territoire plut\u00f4t masculin. \u00c7a nous permettra de r\u00e9\u00e9quilibrer notre offre publicitaire avec une cha\u00eene diff\u00e9renci\u00e9e par rapport aux autres. Et en m\u00eame temps elle fera partie de ce bouquet RMC puisqu\u2019on aurait trois canaux cons\u00e9cutifs, le 23, le 24 et le 25. Un bouquet extr\u00eamement rep\u00e9r\u00e9 avec la m\u00eame marque mais un suffixe diff\u00e9rent qui adresse chacun un territoire diff\u00e9rent. RMC Life aura une sensibilit\u00e9 plus f\u00e9minine\u00a0\u00bb a-t-il indiqu\u00e9.<\/p>\n<p>Si CMA Media attend encore \u00ab\u00a0l&rsquo;agr\u00e9ment de l&rsquo;Arcom\u00a0\u00bb, la direction est dans les starting blocks puisque R\u00e9gis Ravanas a annonc\u00e9 qu&rsquo;une conf\u00e9rence de presse pour parler du rachat de Ch\u00e9rie 25 aurait lieu \u00ab\u00a0bient\u00f4t\u00a0\u00bb.\u00a0<\/p>\n<p>\u00ab\u00a0Nous avons l&rsquo;ambition de constituer un bloc de cha\u00eenes de divertissement r\u00e9f\u00e9rentes\u00a0\u00bb<\/p>\n<p>\u00ab\u00a0Ce rachat va nous permettre de conforter notre p\u00f4le de divertissement\u00a0\u00bb, avait assur\u00e9 dans une interview au \u00ab\u00a0Figaro\u00a0\u00bb fin mai <a href=\"https:\/\/www.ozap.com\/actu\/cherie-25-sera-probablement-renommee-veronique-saade-la-femme-de-rodolphe-saade-detaille-les-ambitions-de-cma-media-apres-le-rachat-de-la-chaine-tnt\/650009\" rel=\"nofollow noopener\" target=\"_blank\">V\u00e9ronique Saad\u00e9<\/a>, pr\u00e9sidente de CMA Media et \u00e9pouse du milliardaire Rodolphe Saad\u00e9. \u00ab\u00a0Tout le monde parle beaucoup de BFM, moins de RMC Story et de RMC D\u00e9couverte qui fonctionnent tr\u00e8s bien. Avec Ch\u00e9rie 25, qui sera probablement renomm\u00e9e, nous avons l&rsquo;ambition de constituer un bloc de cha\u00eenes de divertissement r\u00e9f\u00e9rentes, dont les identit\u00e9s sont fortes et compl\u00e9mentaires. Nous investirons dans de nouveaux programmes pour enrichir ces trois antennes et renforcer leur positionnement respectif\u00a0\u00bb, avait-elle annonc\u00e9.<\/p>\n<p>Mais ce rachat, conditionn\u00e9 \u00e0 l&rsquo;autorisation de l&rsquo;Arcom, ne sera pas effectif tout de suite. \u00ab\u00a0Il y aura une p\u00e9riode d&rsquo;adaptation, avec un transfert d&rsquo;une partie des effectifs qui auront choisi de venir rejoindre le p\u00f4le CMA Media. Le temps de mettre en place une nouvelle grille de programmes, les changements effectifs commenceront \u00e0 \u00eatre visibles \u00e0 partir du 1er janvier 2026. Le plus rapide sera le mieux\u00a0\u00bb, expliquait \u00e9galement au \u00ab\u00a0Figaro\u00a0\u00bb <a href=\"https:\/\/www.ozap.com\/actu\/plus-de-600000-abonnes-en-un-week-end-nicolas-de-tavernost-se-felicite-du-demarrage-en-trombe-de-ligue-1\/651241\" rel=\"nofollow noopener\" target=\"_blank\">Nicolas de Tavernost<\/a>, alors pr\u00e9sident de RMC BFM, cet \u00e9t\u00e9.<\/p>\n<p>Dans le viseur de Rodolphe Saad\u00e9 se trouve \u00e9galement \u00ab\u00a0<a href=\"https:\/\/www.ozap.com\/actu\/le-groupe-du-milliardaire-rodolphe-saade-la-tribune-bfmtv-entre-en-negociation-exclusive-pour-acquerir-brut\/650691\" rel=\"nofollow noopener\" target=\"_blank\">Brut<\/a>\u00ab\u00a0. Apr\u00e8s \u00ab\u00a0La Tribune Dimanche\u00a0\u00bb, BFMTV, \u00ab\u00a0La Provence\u00a0\u00bb, ou encore \u00ab\u00a0Corse Matin\u00a0\u00bb le groupe CMA CGM est aussi entr\u00e9 en \u00ab\u00a0n\u00e9gociation exclusive\u00a0\u00bb en vue de l&rsquo;acquisition du m\u00e9dia vid\u00e9o en ligne, dont il est d\u00e9j\u00e0 actionnaire, avait annonc\u00e9 le groupe dans un communiqu\u00e9 d\u00e9but juillet. Une mani\u00e8re de \u00ab\u00a0renforcer sa pr\u00e9sence dans le digital\u00a0\u00bb avec \u00ab\u00a0Brut\u00a0\u00bb, qui \u00ab\u00a0s&rsquo;est impos\u00e9 comme une r\u00e9f\u00e9rence en France et \u00e0 l&rsquo;international\u00a0\u00bb, avait d\u00e9clar\u00e9 l&rsquo;armateur, cit\u00e9 dans le communiqu\u00e9. Partenaire du festival de Cannes avec France T\u00e9l\u00e9visions, le m\u00e9dia en ligne avait revendiqu\u00e9 \u00ab\u00a0727 millions de vues enregistr\u00e9es\u00a0\u00bb pendant la 78e \u00e9dition qui s&rsquo;est d\u00e9roul\u00e9e du 13 au 24 mai dernier.\u00a0<\/p>\n<p>Dans ce \u00ab\u00a0contexte de d\u00e9veloppement rapide et de transformation strat\u00e9gique\u00a0\u00bb, CMA Media a annonc\u00e9 mardi 26 ao\u00fbt renforcer sa gouvernance en recrutant<a href=\"https:\/\/www.ozap.com\/actu\/claire-leost-nommee-directrice-generale-de-cma-media-rmc-bfmtv-filiale-du-groupe-de-rodolphe-saade\/651327\" rel=\"nofollow noopener\" target=\"_blank\"> Claire Leost (\u00ab\u00a0Prisma Media\u00a0\u00bb) en tant que Directrice G\u00e9n\u00e9rale de CMA Media<\/a>. Elle reportera \u00e0 V\u00e9ronique Saad\u00e9, Pr\u00e9sidente de CMA Media. \u00ab\u00a0Elle sera responsable de la d\u00e9finition et de la mise en \u0153uvre de la strat\u00e9gie de CMA M\u00e9dia, de la performance op\u00e9rationnelle et financi\u00e8re, ainsi que du d\u00e9veloppement des synergies au sein du p\u00f4le. Elle travaillera en \u00e9troite collaboration avec R\u00e9gis Ravanas, Directeur G\u00e9n\u00e9ral de RMC BFM, et Jean-Christophe Tortora, Directeur G\u00e9n\u00e9ral du p\u00f4le Presse de CMA Media, et la direction de Brut. Une fois l\u2019acquisition finalis\u00e9e (&#8230;) La nomination de Claire Leost marque la volont\u00e9 de CMA Media de structurer durablement son activit\u00e9, et d\u2019accompagner son ambition de faire de CMA M\u00e9dia un acteur de r\u00e9f\u00e9rence, solide et innovant, pr\u00eat \u00e0 relever les d\u00e9fis d\u2019un secteur en profonde mutation, au service d\u2019un projet \u00e9ditorial et industriel ambitieux\u00a0\u00bb peut-on lire dans un communiqu\u00e9.<\/p>\n","protected":false},"excerpt":{"rendered":"La suite apr\u00e8s la publicit\u00e9 Une question de jours ? \u00a0Apr\u00e8s avoir sign\u00e9 un protocole de cession de&hellip;\n","protected":false},"author":2,"featured_media":346789,"comment_status":"","ping_status":"","sticky":false,"template":"","format":"standard","meta":{"footnotes":""},"categories":[1356],"tags":[58,59,1011,27,252,1364],"class_list":{"0":"post-346788","1":"post","2":"type-post","3":"status-publish","4":"format-standard","5":"has-post-thumbnail","7":"category-television","8":"tag-divertissement","9":"tag-entertainment","10":"tag-fr","11":"tag-france","12":"tag-television","13":"tag-tv"},"share_on_mastodon":{"url":"https:\/\/pubeurope.com\/@fr\/115098956142340341","error":""},"_links":{"self":[{"href":"https:\/\/www.europesays.com\/fr\/wp-json\/wp\/v2\/posts\/346788","targetHints":{"allow":["GET"]}}],"collection":[{"href":"https:\/\/www.europesays.com\/fr\/wp-json\/wp\/v2\/posts"}],"about":[{"href":"https:\/\/www.europesays.com\/fr\/wp-json\/wp\/v2\/types\/post"}],"author":[{"embeddable":true,"href":"https:\/\/www.europesays.com\/fr\/wp-json\/wp\/v2\/users\/2"}],"replies":[{"embeddable":true,"href":"https:\/\/www.europesays.com\/fr\/wp-json\/wp\/v2\/comments?post=346788"}],"version-history":[{"count":0,"href":"https:\/\/www.europesays.com\/fr\/wp-json\/wp\/v2\/posts\/346788\/revisions"}],"wp:featuredmedia":[{"embeddable":true,"href":"https:\/\/www.europesays.com\/fr\/wp-json\/wp\/v2\/media\/346789"}],"wp:attachment":[{"href":"https:\/\/www.europesays.com\/fr\/wp-json\/wp\/v2\/media?parent=346788"}],"wp:term":[{"taxonomy":"category","embeddable":true,"href":"https:\/\/www.europesays.com\/fr\/wp-json\/wp\/v2\/categories?post=346788"},{"taxonomy":"post_tag","embeddable":true,"href":"https:\/\/www.europesays.com\/fr\/wp-json\/wp\/v2\/tags?post=346788"}],"curies":[{"name":"wp","href":"https:\/\/api.w.org\/{rel}","templated":true}]}}